{"id":968,"date":"2020-07-24T08:54:02","date_gmt":"2020-07-24T06:54:02","guid":{"rendered":"https:\/\/www.hansemondial.de\/blog\/?p=968"},"modified":"2020-07-24T08:54:04","modified_gmt":"2020-07-24T06:54:04","slug":"ploetzlich-stand-alles-still-busunternehmer-thomas-krohn-im-interview","status":"publish","type":"post","link":"https:\/\/www.hansemondial.de\/blog\/ploetzlich-stand-alles-still-busunternehmer-thomas-krohn-im-interview\/","title":{"rendered":"&#8222;Pl\u00f6tzlich stand alles still.&#8220; &#8211; Busunternehmer Thomas Krohn im Interview"},"content":{"rendered":"\n<p>Vielen Busunternehmern hat Corona einen Strich durch die Rechnung gemacht. So war es auch bei Thomas Krohn, Busunternehmer aus Grevesm\u00fchlen (Mecklenburg-Vorpommern). Wie er die Krise erlebt hat und ob er positiv in die Zukunft blickt, erfahrt ihr in dem Interview. <br>Viel Spa\u00df beim Lesen!<\/p>\n\n\n\n<h3 class=\"wp-block-heading\">Erz\u00e4hle kurz etwas \u00fcber dich und dein Busunternehmen.<\/h3>\n\n\n\n<p><strong>Thomas Krohn: <\/strong>Gegr\u00fcndet wurde das Unternehmen am 01.07.2010 in Grevesm\u00fchlen aus dem Unternehmen Fahrschule Krohn. Damit haben wir dann Ausbildungen und gelegentliche Touren durch Europa angeboten. Daraus hat sich wiederum ein Unternehmen von drei Reisebussen, drei Linienbussen und zwei Reisesprintern entwickelt.<br>Mein Sohn und meine Schwiegertochter sind bereits mit der Weiterentwicklung betraut nur Corona hat uns erheblich ausgebremst.<\/p>\n\n\n\n<h3 class=\"wp-block-heading\">Wie erlebst du gerade die aktuelle Situation?<\/h3>\n\n\n\n<p><strong>Thomas Krohn:<\/strong> Seit M\u00e4rz 2020 steht so ziemlich alles still, die Kosten laufen und es war und ist sehr schwer Optimismus zu verbreiten. Seit Mitte Mai sch\u00f6pfe ich allerdings wieder Hoffnung f\u00fcr die Zukunft, weil der Linienverkehr wieder an Fahrt zugenommen hat und meine Fahrschule aus allen N\u00e4hten platzt.<\/p>\n\n\n\n<h3 class=\"wp-block-heading\">Ab wann kamen die ersten Stornierungen rein?<\/h3>\n\n\n\n<p><strong>Thomas Krohn:<\/strong> Seit Anfang M\u00e4rz kurz vor dem Lockdown.<\/p>\n\n\n\n<h3 class=\"wp-block-heading\">Welche Ma\u00dfnahmen musstest du in der Krise treffen?<\/h3>\n\n\n\n<p><strong>Thomas Krohn:<\/strong> Ich habe alle Fahrzeuge versicherungstechnisch ruhend gestellt. Zudem habe ich Kurzarbeit angemeldet und bei den Geldgebern Stundungen angefragt.<\/p>\n\n\n\n<h3 class=\"wp-block-heading\">Gehen die Buchungen aufgrund der Lockerungen wieder los?<\/h3>\n\n\n\n<p><strong>Thomas Krohn:<\/strong> Ja,  allm\u00e4hlich gibt es wieder Hoffnung, obwohl die Leute noch sehr zur\u00fcckhaltend sind.<\/p>\n\n\n\n<h3 class=\"wp-block-heading\">Welche Forderungen hast du konkret an die Politik?<\/h3>\n\n\n\n<p><strong>Thomas Krohn:<\/strong> Es ist sehr SEHR wichtig, dass unsere Fixkosten zum \u00dcberleben \u00fcbernommen werden. Vor allem die f\u00fcr die Reisewagen.<\/p>\n\n\n\n<h3 class=\"wp-block-heading\">Was wird sich durch die Krise innerhalb der Busbranche \u00e4ndern?<\/h3>\n\n\n\n<p><strong>Thomas Krohn:<\/strong> Ich denke, dass wir bewusster mit der Reisekultur umgehen werden und uns doch darauf besinnen, dass man nicht &#8222;auf Teufel komm raus&#8220; die Preise bek\u00e4mpft.<br>Ich hoffe sehr stark, dass Dumpingpreise der Vergangenheit angeh\u00f6ren.<br>Leider sind schon wieder einige auf dem Markt.<\/p>\n\n\n\n<h3 class=\"wp-block-heading\">Angenommen wir sind im Jahr 2040, wie fahren wir dann Bus?<\/h3>\n\n\n\n<p><strong>Thomas Krohn:<\/strong> Die Qualit\u00e4t im Komfort wird sich weiter verbessern. Zudem denke ich, dass umweltfreundlichere Technologien gefahren werden, allerdings bin ich auch der Meinung, dass es im reinen Reiseverkehr nicht 100 % elektrisch zugehen wieder, es sei denn wir entwickeln andere Speicheralternativen oder Stromerzeuger.<\/p>\n\n\n\n<p><strong>Danke an Thomas Krohn f\u00fcr das Interview und weiterhin alles Gute f\u00fcr die Zukunft!<\/strong><\/p>\n","protected":false},"excerpt":{"rendered":"<p>Vielen Busunternehmern hat Corona einen Strich durch die Rechnung gemacht. So war es auch bei Thomas Krohn, Busunternehmer aus Grevesm\u00fchlen (Mecklenburg-Vorpommern). Wie er die Krise erlebt hat und ob er positiv in die Zukunft blickt, [&hellip;]<\/p>\n","protected":false},"author":2,"featured_media":988,"comment_status":"open","ping_status":"open","sticky":false,"template":"","format":"standard","meta":{"footnotes":""},"categories":[1],"tags":[94,93,77,95],"class_list":["post-968","post","type-post","status-publish","format-standard","has-post-thumbnail","hentry","category-allgemein","tag-busunternehmen","tag-busunternehmer","tag-interview","tag-rund-um-den-bus"],"yoast_head":"<!-- This site is optimized with the Yoast SEO plugin v25.9 - https:\/\/yoast.com\/wordpress\/plugins\/seo\/ -->\n<title>&quot;Pl\u00f6tzlich stand alles still.&quot; - Busunternehmer Thomas Krohn im Interview - Hanse Mondial Blog<\/title>\n<meta name=\"robots\" content=\"index, follow, max-snippet:-1, max-image-preview:large, max-video-preview:-1\" \/>\n<link rel=\"canonical\" href=\"https:\/\/www.hansemondial.de\/blog\/ploetzlich-stand-alles-still-busunternehmer-thomas-krohn-im-interview\/\" \/>\n<meta property=\"og:locale\" content=\"de_DE\" \/>\n<meta property=\"og:type\" content=\"article\" \/>\n<meta property=\"og:title\" content=\"&quot;Pl\u00f6tzlich stand alles still.&quot; - Busunternehmer Thomas Krohn im Interview - Hanse Mondial Blog\" \/>\n<meta property=\"og:description\" content=\"Vielen Busunternehmern hat Corona einen Strich durch die Rechnung gemacht. So war es auch bei Thomas Krohn, Busunternehmer aus Grevesm\u00fchlen (Mecklenburg-Vorpommern). Wie er die Krise erlebt hat und ob er positiv in die Zukunft blickt, [&hellip;]\" \/>\n<meta property=\"og:url\" content=\"https:\/\/www.hansemondial.de\/blog\/ploetzlich-stand-alles-still-busunternehmer-thomas-krohn-im-interview\/\" \/>\n<meta property=\"og:site_name\" content=\"Hanse Mondial Blog\" \/>\n<meta property=\"article:publisher\" content=\"https:\/\/www.facebook.com\/HanseMondial\/\" \/>\n<meta property=\"article:published_time\" content=\"2020-07-24T06:54:02+00:00\" \/>\n<meta property=\"article:modified_time\" content=\"2020-07-24T06:54:04+00:00\" \/>\n<meta property=\"og:image\" content=\"https:\/\/www.hansemondial.de\/blog\/wp-content\/uploads\/2020\/07\/MicrosoftTeams-image-10.jpg\" \/>\n\t<meta property=\"og:image:width\" content=\"1024\" \/>\n\t<meta property=\"og:image:height\" content=\"768\" \/>\n\t<meta property=\"og:image:type\" content=\"image\/jpeg\" \/>\n<meta name=\"author\" content=\"Tim Derix\" \/>\n<meta name=\"twitter:card\" content=\"summary_large_image\" \/>\n<meta name=\"twitter:label1\" content=\"Verfasst von\" \/>\n\t<meta name=\"twitter:data1\" content=\"Tim Derix\" \/>\n\t<meta name=\"twitter:label2\" content=\"Gesch\u00e4tzte Lesezeit\" \/>\n\t<meta name=\"twitter:data2\" content=\"2\u00a0Minuten\" \/>\n<script type=\"application\/ld+json\" class=\"yoast-schema-graph\">{\"@context\":\"https:\/\/schema.org\",\"@graph\":[{\"@type\":\"Article\",\"@id\":\"https:\/\/www.hansemondial.de\/blog\/ploetzlich-stand-alles-still-busunternehmer-thomas-krohn-im-interview\/#article\",\"isPartOf\":{\"@id\":\"https:\/\/www.hansemondial.de\/blog\/ploetzlich-stand-alles-still-busunternehmer-thomas-krohn-im-interview\/\"},\"author\":{\"name\":\"Tim Derix\",\"@id\":\"https:\/\/www.hansemondial.de\/blog\/#\/schema\/person\/d8bfbb02246adfe2a289d6bf40ead0e3\"},\"headline\":\"&#8222;Pl\u00f6tzlich stand alles still.&#8220; &#8211; Busunternehmer Thomas Krohn im Interview\",\"datePublished\":\"2020-07-24T06:54:02+00:00\",\"dateModified\":\"2020-07-24T06:54:04+00:00\",\"mainEntityOfPage\":{\"@id\":\"https:\/\/www.hansemondial.de\/blog\/ploetzlich-stand-alles-still-busunternehmer-thomas-krohn-im-interview\/\"},\"wordCount\":408,\"commentCount\":0,\"publisher\":{\"@id\":\"https:\/\/www.hansemondial.de\/blog\/#organization\"},\"image\":{\"@id\":\"https:\/\/www.hansemondial.de\/blog\/ploetzlich-stand-alles-still-busunternehmer-thomas-krohn-im-interview\/#primaryimage\"},\"thumbnailUrl\":\"https:\/\/www.hansemondial.de\/blog\/wp-content\/uploads\/2020\/07\/MicrosoftTeams-image-10.jpg\",\"keywords\":[\"Busunternehmen\",\"Busunternehmer\",\"Interview\",\"Rund um den Bus\"],\"articleSection\":[\"Rund um den Bus\"],\"inLanguage\":\"de\",\"potentialAction\":[{\"@type\":\"CommentAction\",\"name\":\"Comment\",\"target\":[\"https:\/\/www.hansemondial.de\/blog\/ploetzlich-stand-alles-still-busunternehmer-thomas-krohn-im-interview\/#respond\"]}]},{\"@type\":\"WebPage\",\"@id\":\"https:\/\/www.hansemondial.de\/blog\/ploetzlich-stand-alles-still-busunternehmer-thomas-krohn-im-interview\/\",\"url\":\"https:\/\/www.hansemondial.de\/blog\/ploetzlich-stand-alles-still-busunternehmer-thomas-krohn-im-interview\/\",\"name\":\"\\\"Pl\u00f6tzlich stand alles still.\\\" - Busunternehmer Thomas Krohn im Interview - Hanse Mondial Blog\",\"isPartOf\":{\"@id\":\"https:\/\/www.hansemondial.de\/blog\/#website\"},\"primaryImageOfPage\":{\"@id\":\"https:\/\/www.hansemondial.de\/blog\/ploetzlich-stand-alles-still-busunternehmer-thomas-krohn-im-interview\/#primaryimage\"},\"image\":{\"@id\":\"https:\/\/www.hansemondial.de\/blog\/ploetzlich-stand-alles-still-busunternehmer-thomas-krohn-im-interview\/#primaryimage\"},\"thumbnailUrl\":\"https:\/\/www.hansemondial.de\/blog\/wp-content\/uploads\/2020\/07\/MicrosoftTeams-image-10.jpg\",\"datePublished\":\"2020-07-24T06:54:02+00:00\",\"dateModified\":\"2020-07-24T06:54:04+00:00\",\"breadcrumb\":{\"@id\":\"https:\/\/www.hansemondial.de\/blog\/ploetzlich-stand-alles-still-busunternehmer-thomas-krohn-im-interview\/#breadcrumb\"},\"inLanguage\":\"de\",\"potentialAction\":[{\"@type\":\"ReadAction\",\"target\":[\"https:\/\/www.hansemondial.de\/blog\/ploetzlich-stand-alles-still-busunternehmer-thomas-krohn-im-interview\/\"]}]},{\"@type\":\"ImageObject\",\"inLanguage\":\"de\",\"@id\":\"https:\/\/www.hansemondial.de\/blog\/ploetzlich-stand-alles-still-busunternehmer-thomas-krohn-im-interview\/#primaryimage\",\"url\":\"https:\/\/www.hansemondial.de\/blog\/wp-content\/uploads\/2020\/07\/MicrosoftTeams-image-10.jpg\",\"contentUrl\":\"https:\/\/www.hansemondial.de\/blog\/wp-content\/uploads\/2020\/07\/MicrosoftTeams-image-10.jpg\",\"width\":1024,\"height\":768},{\"@type\":\"BreadcrumbList\",\"@id\":\"https:\/\/www.hansemondial.de\/blog\/ploetzlich-stand-alles-still-busunternehmer-thomas-krohn-im-interview\/#breadcrumb\",\"itemListElement\":[{\"@type\":\"ListItem\",\"position\":1,\"name\":\"Startseite\",\"item\":\"https:\/\/www.hansemondial.de\/blog\/\"},{\"@type\":\"ListItem\",\"position\":2,\"name\":\"&#8222;Pl\u00f6tzlich stand alles still.&#8220; &#8211; Busunternehmer Thomas Krohn im Interview\"}]},{\"@type\":\"WebSite\",\"@id\":\"https:\/\/www.hansemondial.de\/blog\/#website\",\"url\":\"https:\/\/www.hansemondial.de\/blog\/\",\"name\":\"Hanse Mondial Blog\",\"description\":\"Der Buslogistik Blog\",\"publisher\":{\"@id\":\"https:\/\/www.hansemondial.de\/blog\/#organization\"},\"potentialAction\":[{\"@type\":\"SearchAction\",\"target\":{\"@type\":\"EntryPoint\",\"urlTemplate\":\"https:\/\/www.hansemondial.de\/blog\/?s={search_term_string}\"},\"query-input\":{\"@type\":\"PropertyValueSpecification\",\"valueRequired\":true,\"valueName\":\"search_term_string\"}}],\"inLanguage\":\"de\"},{\"@type\":\"Organization\",\"@id\":\"https:\/\/www.hansemondial.de\/blog\/#organization\",\"name\":\"Hanse Mondial GmbH\",\"url\":\"https:\/\/www.hansemondial.de\/blog\/\",\"logo\":{\"@type\":\"ImageObject\",\"inLanguage\":\"de\",\"@id\":\"https:\/\/www.hansemondial.de\/blog\/#\/schema\/logo\/image\/\",\"url\":\"https:\/\/www.hansemondial.de\/blog\/wp-content\/uploads\/2023\/06\/MicrosoftTeams-image-5.png\",\"contentUrl\":\"https:\/\/www.hansemondial.de\/blog\/wp-content\/uploads\/2023\/06\/MicrosoftTeams-image-5.png\",\"width\":300,\"height\":150,\"caption\":\"Hanse Mondial GmbH\"},\"image\":{\"@id\":\"https:\/\/www.hansemondial.de\/blog\/#\/schema\/logo\/image\/\"},\"sameAs\":[\"https:\/\/www.facebook.com\/HanseMondial\/\",\"https:\/\/www.instagram.com\/hansemondial_buslogistik\/\",\"https:\/\/sv.linkedin.com\/company\/hanse-mondial-gmbh\",\"https:\/\/www.youtube.com\/channel\/UCsvt7IF3WGv6rWNXykzugHA\"]},{\"@type\":\"Person\",\"@id\":\"https:\/\/www.hansemondial.de\/blog\/#\/schema\/person\/d8bfbb02246adfe2a289d6bf40ead0e3\",\"name\":\"Tim Derix\",\"image\":{\"@type\":\"ImageObject\",\"inLanguage\":\"de\",\"@id\":\"https:\/\/www.hansemondial.de\/blog\/#\/schema\/person\/image\/\",\"url\":\"https:\/\/secure.gravatar.com\/avatar\/ffcef1b65ae567f54b83e4e40171ae5cc4d36dad47078c89fe88308a4425b688?s=96&d=mm&r=g\",\"contentUrl\":\"https:\/\/secure.gravatar.com\/avatar\/ffcef1b65ae567f54b83e4e40171ae5cc4d36dad47078c89fe88308a4425b688?s=96&d=mm&r=g\",\"caption\":\"Tim Derix\"},\"url\":\"https:\/\/www.hansemondial.de\/blog\/author\/tderix\/\"}]}<\/script>\n<!-- \/ Yoast SEO plugin. -->","yoast_head_json":{"title":"\"Pl\u00f6tzlich stand alles still.\" - Busunternehmer Thomas Krohn im Interview - Hanse Mondial Blog","robots":{"index":"index","follow":"follow","max-snippet":"max-snippet:-1","max-image-preview":"max-image-preview:large","max-video-preview":"max-video-preview:-1"},"canonical":"https:\/\/www.hansemondial.de\/blog\/ploetzlich-stand-alles-still-busunternehmer-thomas-krohn-im-interview\/","og_locale":"de_DE","og_type":"article","og_title":"\"Pl\u00f6tzlich stand alles still.\" - Busunternehmer Thomas Krohn im Interview - Hanse Mondial Blog","og_description":"Vielen Busunternehmern hat Corona einen Strich durch die Rechnung gemacht. So war es auch bei Thomas Krohn, Busunternehmer aus Grevesm\u00fchlen (Mecklenburg-Vorpommern). Wie er die Krise erlebt hat und ob er positiv in die Zukunft blickt, [&hellip;]","og_url":"https:\/\/www.hansemondial.de\/blog\/ploetzlich-stand-alles-still-busunternehmer-thomas-krohn-im-interview\/","og_site_name":"Hanse Mondial Blog","article_publisher":"https:\/\/www.facebook.com\/HanseMondial\/","article_published_time":"2020-07-24T06:54:02+00:00","article_modified_time":"2020-07-24T06:54:04+00:00","og_image":[{"width":1024,"height":768,"url":"https:\/\/www.hansemondial.de\/blog\/wp-content\/uploads\/2020\/07\/MicrosoftTeams-image-10.jpg","type":"image\/jpeg"}],"author":"Tim Derix","twitter_card":"summary_large_image","twitter_misc":{"Verfasst von":"Tim Derix","Gesch\u00e4tzte Lesezeit":"2\u00a0Minuten"},"schema":{"@context":"https:\/\/schema.org","@graph":[{"@type":"Article","@id":"https:\/\/www.hansemondial.de\/blog\/ploetzlich-stand-alles-still-busunternehmer-thomas-krohn-im-interview\/#article","isPartOf":{"@id":"https:\/\/www.hansemondial.de\/blog\/ploetzlich-stand-alles-still-busunternehmer-thomas-krohn-im-interview\/"},"author":{"name":"Tim Derix","@id":"https:\/\/www.hansemondial.de\/blog\/#\/schema\/person\/d8bfbb02246adfe2a289d6bf40ead0e3"},"headline":"&#8222;Pl\u00f6tzlich stand alles still.&#8220; &#8211; Busunternehmer Thomas Krohn im Interview","datePublished":"2020-07-24T06:54:02+00:00","dateModified":"2020-07-24T06:54:04+00:00","mainEntityOfPage":{"@id":"https:\/\/www.hansemondial.de\/blog\/ploetzlich-stand-alles-still-busunternehmer-thomas-krohn-im-interview\/"},"wordCount":408,"commentCount":0,"publisher":{"@id":"https:\/\/www.hansemondial.de\/blog\/#organization"},"image":{"@id":"https:\/\/www.hansemondial.de\/blog\/ploetzlich-stand-alles-still-busunternehmer-thomas-krohn-im-interview\/#primaryimage"},"thumbnailUrl":"https:\/\/www.hansemondial.de\/blog\/wp-content\/uploads\/2020\/07\/MicrosoftTeams-image-10.jpg","keywords":["Busunternehmen","Busunternehmer","Interview","Rund um den Bus"],"articleSection":["Rund um den Bus"],"inLanguage":"de","potentialAction":[{"@type":"CommentAction","name":"Comment","target":["https:\/\/www.hansemondial.de\/blog\/ploetzlich-stand-alles-still-busunternehmer-thomas-krohn-im-interview\/#respond"]}]},{"@type":"WebPage","@id":"https:\/\/www.hansemondial.de\/blog\/ploetzlich-stand-alles-still-busunternehmer-thomas-krohn-im-interview\/","url":"https:\/\/www.hansemondial.de\/blog\/ploetzlich-stand-alles-still-busunternehmer-thomas-krohn-im-interview\/","name":"\"Pl\u00f6tzlich stand alles still.\" - Busunternehmer Thomas Krohn im Interview - Hanse Mondial Blog","isPartOf":{"@id":"https:\/\/www.hansemondial.de\/blog\/#website"},"primaryImageOfPage":{"@id":"https:\/\/www.hansemondial.de\/blog\/ploetzlich-stand-alles-still-busunternehmer-thomas-krohn-im-interview\/#primaryimage"},"image":{"@id":"https:\/\/www.hansemondial.de\/blog\/ploetzlich-stand-alles-still-busunternehmer-thomas-krohn-im-interview\/#primaryimage"},"thumbnailUrl":"https:\/\/www.hansemondial.de\/blog\/wp-content\/uploads\/2020\/07\/MicrosoftTeams-image-10.jpg","datePublished":"2020-07-24T06:54:02+00:00","dateModified":"2020-07-24T06:54:04+00:00","breadcrumb":{"@id":"https:\/\/www.hansemondial.de\/blog\/ploetzlich-stand-alles-still-busunternehmer-thomas-krohn-im-interview\/#breadcrumb"},"inLanguage":"de","potentialAction":[{"@type":"ReadAction","target":["https:\/\/www.hansemondial.de\/blog\/ploetzlich-stand-alles-still-busunternehmer-thomas-krohn-im-interview\/"]}]},{"@type":"ImageObject","inLanguage":"de","@id":"https:\/\/www.hansemondial.de\/blog\/ploetzlich-stand-alles-still-busunternehmer-thomas-krohn-im-interview\/#primaryimage","url":"https:\/\/www.hansemondial.de\/blog\/wp-content\/uploads\/2020\/07\/MicrosoftTeams-image-10.jpg","contentUrl":"https:\/\/www.hansemondial.de\/blog\/wp-content\/uploads\/2020\/07\/MicrosoftTeams-image-10.jpg","width":1024,"height":768},{"@type":"BreadcrumbList","@id":"https:\/\/www.hansemondial.de\/blog\/ploetzlich-stand-alles-still-busunternehmer-thomas-krohn-im-interview\/#breadcrumb","itemListElement":[{"@type":"ListItem","position":1,"name":"Startseite","item":"https:\/\/www.hansemondial.de\/blog\/"},{"@type":"ListItem","position":2,"name":"&#8222;Pl\u00f6tzlich stand alles still.&#8220; &#8211; Busunternehmer Thomas Krohn im Interview"}]},{"@type":"WebSite","@id":"https:\/\/www.hansemondial.de\/blog\/#website","url":"https:\/\/www.hansemondial.de\/blog\/","name":"Hanse Mondial Blog","description":"Der Buslogistik Blog","publisher":{"@id":"https:\/\/www.hansemondial.de\/blog\/#organization"},"potentialAction":[{"@type":"SearchAction","target":{"@type":"EntryPoint","urlTemplate":"https:\/\/www.hansemondial.de\/blog\/?s={search_term_string}"},"query-input":{"@type":"PropertyValueSpecification","valueRequired":true,"valueName":"search_term_string"}}],"inLanguage":"de"},{"@type":"Organization","@id":"https:\/\/www.hansemondial.de\/blog\/#organization","name":"Hanse Mondial GmbH","url":"https:\/\/www.hansemondial.de\/blog\/","logo":{"@type":"ImageObject","inLanguage":"de","@id":"https:\/\/www.hansemondial.de\/blog\/#\/schema\/logo\/image\/","url":"https:\/\/www.hansemondial.de\/blog\/wp-content\/uploads\/2023\/06\/MicrosoftTeams-image-5.png","contentUrl":"https:\/\/www.hansemondial.de\/blog\/wp-content\/uploads\/2023\/06\/MicrosoftTeams-image-5.png","width":300,"height":150,"caption":"Hanse Mondial GmbH"},"image":{"@id":"https:\/\/www.hansemondial.de\/blog\/#\/schema\/logo\/image\/"},"sameAs":["https:\/\/www.facebook.com\/HanseMondial\/","https:\/\/www.instagram.com\/hansemondial_buslogistik\/","https:\/\/sv.linkedin.com\/company\/hanse-mondial-gmbh","https:\/\/www.youtube.com\/channel\/UCsvt7IF3WGv6rWNXykzugHA"]},{"@type":"Person","@id":"https:\/\/www.hansemondial.de\/blog\/#\/schema\/person\/d8bfbb02246adfe2a289d6bf40ead0e3","name":"Tim Derix","image":{"@type":"ImageObject","inLanguage":"de","@id":"https:\/\/www.hansemondial.de\/blog\/#\/schema\/person\/image\/","url":"https:\/\/secure.gravatar.com\/avatar\/ffcef1b65ae567f54b83e4e40171ae5cc4d36dad47078c89fe88308a4425b688?s=96&d=mm&r=g","contentUrl":"https:\/\/secure.gravatar.com\/avatar\/ffcef1b65ae567f54b83e4e40171ae5cc4d36dad47078c89fe88308a4425b688?s=96&d=mm&r=g","caption":"Tim Derix"},"url":"https:\/\/www.hansemondial.de\/blog\/author\/tderix\/"}]}},"_links":{"self":[{"href":"https:\/\/www.hansemondial.de\/blog\/wp-json\/wp\/v2\/posts\/968","targetHints":{"allow":["GET"]}}],"collection":[{"href":"https:\/\/www.hansemondial.de\/blog\/wp-json\/wp\/v2\/posts"}],"about":[{"href":"https:\/\/www.hansemondial.de\/blog\/wp-json\/wp\/v2\/types\/post"}],"author":[{"embeddable":true,"href":"https:\/\/www.hansemondial.de\/blog\/wp-json\/wp\/v2\/users\/2"}],"replies":[{"embeddable":true,"href":"https:\/\/www.hansemondial.de\/blog\/wp-json\/wp\/v2\/comments?post=968"}],"version-history":[{"count":6,"href":"https:\/\/www.hansemondial.de\/blog\/wp-json\/wp\/v2\/posts\/968\/revisions"}],"predecessor-version":[{"id":991,"href":"https:\/\/www.hansemondial.de\/blog\/wp-json\/wp\/v2\/posts\/968\/revisions\/991"}],"wp:featuredmedia":[{"embeddable":true,"href":"https:\/\/www.hansemondial.de\/blog\/wp-json\/wp\/v2\/media\/988"}],"wp:attachment":[{"href":"https:\/\/www.hansemondial.de\/blog\/wp-json\/wp\/v2\/media?parent=968"}],"wp:term":[{"taxonomy":"category","embeddable":true,"href":"https:\/\/www.hansemondial.de\/blog\/wp-json\/wp\/v2\/categories?post=968"},{"taxonomy":"post_tag","embeddable":true,"href":"https:\/\/www.hansemondial.de\/blog\/wp-json\/wp\/v2\/tags?post=968"}],"curies":[{"name":"wp","href":"https:\/\/api.w.org\/{rel}","templated":true}]}}