{"id":897,"date":"2020-06-08T16:22:05","date_gmt":"2020-06-08T14:22:05","guid":{"rendered":"https:\/\/www.hansemondial.de\/blog\/?p=897"},"modified":"2020-06-15T11:55:47","modified_gmt":"2020-06-15T09:55:47","slug":"packt-eure-sieben-sachen-zusammen","status":"publish","type":"post","link":"https:\/\/www.hansemondial.de\/blog\/packt-eure-sieben-sachen-zusammen\/","title":{"rendered":"Packt eure sieben Sachen zusammen"},"content":{"rendered":"\n<p>In den letzten Monaten hie\u00df es immer wieder: &#8222;Bleibt bitte Zuhause.&#8220; Aufrgund des Coronavirus war es seit Mitte M\u00e4rz fast nicht mehr m\u00f6glich zu verreisen. Jetzt, drei Monate sp\u00e4ter, kehrt St\u00fcck f\u00fcr St\u00fcck die Normalit\u00e4t zur\u00fcck. Reisen wird wieder, zumindest in den meisten europ\u00e4ischen Staaten, m\u00f6glich sein. Durch die Aufhebung der weltweiten Reisewarnung am 15. Juni f\u00fcr 29 europ\u00e4ische Staaten, k\u00f6nnen viele somit doch noch p\u00fcnktlich in ihren Sommerurlaub starten. <br>Wir haben f\u00fcr euch einen \u00dcberblick erstellt, damit ihr wisst in welchem Land, welche Bedingungen gelten. Die Bestimmungen f\u00fcr die einzelnen Bundesl\u00e4nder in Deutschland findet ihr in diesem <a rel=\"noreferrer noopener\" href=\"https:\/\/www.hansemondial.de\/blog\/bereit-zur-abfahrt\/\" target=\"_blank\">Blogartikel<\/a>.<\/p>\n\n\n\n<div class=\"wp-block-buttons is-layout-flex wp-block-buttons-is-layout-flex\">\n<div class=\"wp-block-button\"><a class=\"wp-block-button__link has-background no-border-radius\" href=\"\" style=\"background-color:#3e7dbe\" target=\"_blank\" rel=\"noreferrer noopener\">BUS F\u00dcR EURE N\u00c4CHSTE REISE BUCHEN<\/a><\/div>\n<\/div>\n\n\n\n<h3 class=\"wp-block-heading\">\u00d6sterreich<\/h3>\n\n\n\n<p>Die Grenz-und Gesundheitskontrollen sind f\u00fcr alle Nachbarl\u00e4nder aufgehoben. Eine Ausnahme gibt es jedoch: F\u00fcr Italien sind die Grenzen nach \u00d6sterreich weiterhin geschlossen. Hotels, Restaurants und Museen haben bereits ge\u00f6ffnet. Auch Freizeiteinrichtungen d\u00fcrfen wieder \u00f6ffnen und Kulturveranstaltungen sind wieder erlaubt. Wenn ihr in einer Gruppe unterwegs seid, ist kein Sicherheitsabstand notwendig.<\/p>\n\n\n\n<h3 class=\"wp-block-heading\">Schweiz           <\/h3>\n\n\n\n<p>Die Grenzen zur Schweiz werden am 15. Juni f\u00fcr Touristen ge\u00f6ffnet. F\u00fcr Hotels und weitere Beherbungsbetriebe, sowie f\u00fcr Schwimmb\u00e4der, Zoos, Kinos und Theater gelten besondere Hygienema\u00dfnahmen. Eurem Wanderurlaub in der Schweiz steht also nichts mehr im Wege. Tickets f\u00fcr Transportmittel (Bus, Bahn und Seilbahn) sollten vorab m\u00f6glichst online gebucht werden, um Schlangen am Schalter zu vermeiden. Wenn ihr einen Wellnessurlaub in der Schweiz geplant habt, ist dies auch m\u00f6glich, allerdings unter einer Bedingung: es darf sich nur eine Person auf jeweils vier Quadratmetern im Wellnessbereich aufhalten. <\/p>\n\n\n\n<h3 class=\"wp-block-heading\">Italien<\/h3>\n\n\n\n<p>Auch in Italien ist die Reisefreiheit weitestgehend wieder zur\u00fcck. Die Hotels in Italien nehmen ebenfalls wieder ihren Betrieb auf. Bars, Restaurants und auch Museen empfangen wieder Besucher, Schwimmb\u00e4der sind seit Mitte Juni wieder ge\u00f6ffnet. Reisende m\u00fcssen damit rechnen, dass am Flughafen und weiteren \u00f6ffentlichen Orten, Fieber gemessen wird. Zudem m\u00fcssen \u00fcberall der Mindestabstand und bestimmte Hygienevorschriften eingehalten werden. Daher ist es ratsam immer eine Atemschutzmaske dabei zu haben. <br>Auch wenn die Grenze aktuell zu \u00d6sterreich noch geschlossen ist, ist eine Einreise \u00fcber das Land mit einem Nachweis (z.B. eine Hotelbuchung) m\u00f6glich. <\/p>\n\n\n\n<h3 class=\"wp-block-heading\">Spanien<\/h3>\n\n\n\n<p>Das Einreiseverbot wird am 21. Juni aufgehoben. Dabei gibt es allerings zwei Ausnahmen: die Landesgrenze zu Portugal \u00f6ffnet erst am 01. Juli. Zudem wird auf den Balearen derzeit ein Pilotprojekt durchgef\u00fchrt. Aktuell sind knapp 11.000 Urlauber aus Deutschland auf den Inseln. Das Projekt soll als Vorbereitung auf den erwarteten Touristenansturm dienen. <\/p>\n\n\n\n<h3 class=\"wp-block-heading\">Frankreich<\/h3>\n\n\n\n<p>Ab dem 15. Juni \u00f6ffnet Frankreich wieder die Grenzen ohne Einschr\u00e4nkungen f\u00fcr Reisende. Unterk\u00fcnfte f\u00fcr Touristen wurden bereits ge\u00f6ffnet, in Paris allerdings erst ab Ende Juni, da die Hauptstadt sehr stark durch Corona betroffen war. <br>Restaurants, Caf\u00e9s und Freizeitangebote d\u00fcrfen wieder \u00f6ffnen bzw. angeboten werden. An den Strand d\u00fcrfen Touristen auch wieder in Frankreich. Wichtig ist zu beachten, dass es regionale Unterschiede bzgl. der \u00d6ffnungen und Hygienevorschriften geben kann.<\/p>\n\n\n\n<h3 class=\"wp-block-heading\">Niederlande<\/h3>\n\n\n\n<p>Die Grenzen zur Niederlande sind bereits ge\u00f6ffnet. Campingpl\u00e4tze und Ferienparks folgen ab dem 01. Juli. Restaurants und Caf\u00e9s sind bereits seit Anfang des Monats ge\u00f6ffnet, allerdings mit bestimmten Hygienevorschriften und weiteren Auflagen. <\/p>\n\n\n\n<h3 class=\"wp-block-heading\">Belgien<\/h3>\n\n\n\n<p>Belgien wird seine Grenzen ebenfalls am 15. Juni wieder f\u00fcr europ\u00e4ische Touristen \u00f6ffnen. Dann haben auch Restaurants, Caf\u00e9s und Bars unter bestimmten Auflagen (\u00d6ffnung bis 1 Uhr nachts) wieder ge\u00f6ffnet. Zudem sind dann auch wieder Veranstaltungen, vorerst ohne Publikum, wieder erlaubt. Die Personenanzahl soll bis zum 01. Juli dann auf 200 Personen hochgefahren werden. <\/p>\n\n\n\n<h3 class=\"wp-block-heading\">Griechenland<\/h3>\n\n\n\n<p>Ab dem 15. Juni \u00f6ffnet auch Griechenland seine Grenzen wieder f\u00fcr Europ\u00e4er. Eine Quarant\u00e4nepflicht gilt nicht. Der Flugbetrieb wird ebenfalls wieder aufgenommen, allerdings nur in Athen und Thessaloniki. Alle anderen Flugh\u00e4fen folgen am 01. Juli. An den Flugh\u00e4fen werden dann nur noch stichprobenartig Corona-Tests durchgef\u00fchrt. Hotels und Ferienwohnungen \u00f6ffnen ebenfalls sp\u00e4testens Ende Juni. Auch der regul\u00e4re F\u00e4hrverkehr zwischen den Inseln wird wieder aufgenommen. Dort herrschen dann Regeln wie begrenzte Passagierzahl und ein vorgeschriebener Mindestabstand. Dieses gilt ebenfalls f\u00fcr Restaurants, Caf\u00e9s und Bars. <\/p>\n\n\n\n<h3 class=\"wp-block-heading\">D\u00e4nemark<\/h3>\n\n\n\n<p>D\u00e4nemark wird seine Grenzen ebenfalls Mitte Juni \u00f6ffnen, allerdings nur f\u00fcr Deutschland, Norwegen uns Island. F\u00fcr Einreisende gilt es einen Nachweis der Buchung f\u00fcr mindestens sechs aufeinanderfolgende N\u00e4chte vorzuzeigen. Eine Ausnahme gilt allerdings: In Kopenhagen darf vorerst nicht \u00fcbernachtet werden. Dort sind nur Tagesg\u00e4ste erlaubt. Zudem soll es allen Einreisenden m\u00f6glich sein, einen Corona-Test durchzuf\u00fchren.<\/p>\n\n\n\n<h3 class=\"wp-block-heading\">Schweden<\/h3>\n\n\n\n<p>F\u00fcr deutsche Staatsb\u00fcrger ist die schwedische Grenzen bereits ge\u00f6ffnet und war auch in den letzten Monaten nicht geschlossen. Das Einreiseverbot gilt allerdings weiterhin f\u00fcr B\u00fcrger aus nicht EU-L\u00e4ndern und f\u00fcr L\u00e4nder der Europ\u00e4ischen Freihandelszone. Jedoch ist die Anzahl der Flugverbindungen in den letzten Monaten reduziert worden. Die F\u00e4hrverbindungen von Kiel, Rostock und Travem\u00fcnde werden aber weiterhin normal befahren. <\/p>\n\n\n\n<h3 class=\"wp-block-heading\">Norwegen<\/h3>\n\n\n\n<p>Die norwegischen Grenzen sind weiterhin bis mindestens 20. August f\u00fcr Reisende ohne triftigen Einreisegrund geschlossen. Lediglich f\u00fcr d\u00e4nische Staatsb\u00fcrger wird die Grenze ab dem 15. Juni ge\u00f6ffnet. Bis zum 20. Juli wird die Situation von der Regierung neu bewertet, um zu entscheiden, ob die Grenze f\u00fcr weitere europ\u00e4ische Staaten ge\u00f6ffnet wird.<\/p>\n\n\n\n<h3 class=\"wp-block-heading\">Finnland<\/h3>\n\n\n\n<p>In Finnland wurde das Einreiseverbot f\u00fcr die meisten europ\u00e4ischen Staaten weiterhin verl\u00e4ngert. Diese gilt bis mindestens 14. Juli. Aktuell k\u00f6nnen lediglich B\u00fcrger aus Norwegen, D\u00e4nemark, Estland, Lithauen, Lettland und Island nach Finnland einreisen. <\/p>\n\n\n\n<h3 class=\"wp-block-heading\">Gro\u00dfbritannien<\/h3>\n\n\n\n<p>Trotz nicht EU-Mitgliedschaft hebt auch Gro\u00dfbritannien das Einreiseverbot f\u00fcr europ\u00e4ische Touristen am 15. Juni auf. Allerdings gilt zu beachten, dass es ab dem 08. Juni eine zweiw\u00f6chige Quarant\u00e4nepflicht gibt. An der Grenze werden alle Kontaktdaten aufgenommen. Wer sich nicht daran h\u00e4lt, muss mit hohen Bu\u00dfgeldern rechnen. Ausgenommen sind einige Berufsgruppen, wie zum Beispiel medizinisches Personal, Erntehelfer und Lastwagenfahrer. <\/p>\n\n\n\n<h3 class=\"wp-block-heading\">Irland<\/h3>\n\n\n\n<p>Einreisende nach Irland m\u00fcssen sich ebenfalls, wie in Gro\u00dfbritannien, einer Quarant\u00e4ne von 14 Tagen unterziehen. Sonstige Beschr\u00e4nkungen gibt es allerdings nicht. Es wird vermutet, dass die Quarant\u00e4nepflicht bis mindestens zum September gelten wird. <\/p>\n\n\n\n<h3 class=\"wp-block-heading\">Portugal<\/h3>\n\n\n\n<p>In Portugal herrschen aktuell keine bestimmten Beschr\u00e4nkungen f\u00fcr deutsche Touristen. Ausgenommen sind allerdings Madeira und die Azoren, denn dort ist eine Hotelquarant\u00e4ne von insgesamt 14 Tagen vorgeschrieben. Schritt f\u00fcr Schritt, \u00f6ffnet sich Portugal dem Tourismus. Bis Mittel Juli sollen die meisten Hotels dann wieder ge\u00f6ffnet sein.<\/p>\n\n\n\n<h3 class=\"wp-block-heading\">Kroatien<\/h3>\n\n\n\n<p>Die Einreise nach Kroatien ist f\u00fcr deutsche Staatsb\u00fcrger wieder m\u00f6glich. Vorher musste man einen triftigen Grund zur Einreise vorweisen. Auch f\u00fcr weitere europ\u00e4ische Staaten, darunter \u00d6sterreich, ist die Einreise wieder m\u00f6glich. An der Grenze werden Kontaktdaten und Infos zum Aufenthaltsort zwecks R\u00fcckverfolgbarkeit aufgenommen. <\/p>\n\n\n\n<h3 class=\"wp-block-heading\">Tschechien<\/h3>\n\n\n\n<p>B\u00fcrgern aus Deutschland, \u00d6sterreich und Ungarn ist es wieder erlaubt nach Tschechien zu reisen. F\u00fcr alle weiteren Staaten bleiben die Grenzen vorerst geschlossen. <\/p>\n\n\n\n<h3 class=\"wp-block-heading\">Polen<\/h3>\n\n\n\n<p>Bis zum 12. Juni bleiben Polens Grenzen noch geschlossen. Menschen mit Daueraufenthaltsgenehmigung, Diplomaten und Lastwagenfahrer k\u00f6nnen die Grenze zu Polen passieren. Hotels, Restaurants, Caf\u00e9s sowie Einkaufszentren sind bereits ge\u00f6ffnet. <\/p>\n\n\n\n<h3 class=\"wp-block-heading\">Slowakei<\/h3>\n\n\n\n<p>Die Grenze ist f\u00fcr B\u00fcrger aus 16 EU-Staaten ge\u00f6ffnet &#8211; darunter auch Deutschland. <\/p>\n\n\n\n<h3 class=\"wp-block-heading\">Ungarn<\/h3>\n\n\n\n<p>Ungarn hat bereits die Grenzen f\u00fcr Deutschland wieder ge\u00f6ffnet. Auch die Quarant\u00e4nepflicht gilt nicht mehr. <\/p>\n\n\n\n<h3 class=\"wp-block-heading\">Bulgarien<\/h3>\n\n\n\n<p>Die Sommersaison soll ab dem 01. Juli in Bulgarien starten. Einheimische k\u00f6nnen bereits Urlaub im eigenen Land machen.<br>Bei der Einreise ist eine Temperaturmessung verpflichtend. Die Quarant\u00e4nepflicht wurde bereits aufgehoben.<\/p>\n\n\n\n<h2 class=\"wp-block-heading\">T\u00fcrkei<\/h2>\n\n\n\n<p>Die Reisewarnung f\u00fcr die T\u00fcrkei gilt weiterhin. Noch ist nicht klar wann diese aufgehoben wird. Dennoch hofft das Land, dass die Grenzen schnellstm\u00f6glich f\u00fcr Touristen ge\u00f6ffnet werden. Deshalb bereiten sich bereits Flugh\u00e4fen, Hotels und Str\u00e4nde auf die Touristen vor. <\/p>\n\n\n\n<h3 class=\"wp-block-heading\">Zypern<\/h3>\n\n\n\n<p>Ab 20. Juni k\u00f6nnen Reisende aus insgesamt 19 europ\u00e4ischen Staaten wieder nach Zypern fliegen. Eine Quarant\u00e4nepflicht gilt auch nicht mehr. Reisende aus Deutschland m\u00fcssen sich bei der Einreise keinem Corona-Test unterziehen. <\/p>\n\n\n\n<h3 class=\"wp-block-heading\">Interaktive L\u00e4nderkarte zu aktuellen Reisebestimmungen<\/h3>\n\n\n\n<iframe loading=\"lazy\" src=\"https:\/\/www.google.com\/maps\/d\/embed?mid=174xDnElmDkzHsDJyVtDeRwEr5H882jdK\" width=\"100%\" height=\"480\"><\/iframe>\n\n\n\n<p>In dieser interaktiven Karte findet ihr aktuelle Reisebestimmungen innerhalb Deutschlands (bezogen auf touristische Busreisen) und der einzelnen Nachbarl\u00e4nder von Deutschland. Diese Karte wird laufend von uns aktualisiert.           <\/p>\n","protected":false},"excerpt":{"rendered":"<p>In den letzten Monaten hie\u00df es immer wieder: &#8222;Bleibt bitte Zuhause.&#8220; Aufrgund des Coronavirus war es seit Mitte M\u00e4rz fast nicht mehr m\u00f6glich zu verreisen. Jetzt, drei Monate sp\u00e4ter, kehrt St\u00fcck f\u00fcr St\u00fcck die Normalit\u00e4t [&hellip;]<\/p>\n","protected":false},"author":2,"featured_media":898,"comment_status":"open","ping_status":"open","sticky":false,"template":"","format":"standard","meta":{"footnotes":""},"categories":[13,4],"tags":[27,81,82],"class_list":["post-897","post","type-post","status-publish","format-standard","has-post-thumbnail","hentry","category-ausflugsziel","category-planung","tag-planung","tag-reise","tag-reiseplanung"],"yoast_head":"<!-- This site is optimized with the Yoast SEO plugin v25.9 - https:\/\/yoast.com\/wordpress\/plugins\/seo\/ -->\n<title>Packt eure sieben Sachen zusammen - Hanse Mondial Blog<\/title>\n<meta name=\"robots\" content=\"index, follow, max-snippet:-1, max-image-preview:large, max-video-preview:-1\" \/>\n<link rel=\"canonical\" href=\"https:\/\/www.hansemondial.de\/blog\/packt-eure-sieben-sachen-zusammen\/\" \/>\n<meta property=\"og:locale\" content=\"de_DE\" \/>\n<meta property=\"og:type\" content=\"article\" \/>\n<meta property=\"og:title\" content=\"Packt eure sieben Sachen zusammen - Hanse Mondial Blog\" \/>\n<meta property=\"og:description\" content=\"In den letzten Monaten hie\u00df es immer wieder: &#8222;Bleibt bitte Zuhause.&#8220; Aufrgund des Coronavirus war es seit Mitte M\u00e4rz fast nicht mehr m\u00f6glich zu verreisen. Jetzt, drei Monate sp\u00e4ter, kehrt St\u00fcck f\u00fcr St\u00fcck die Normalit\u00e4t [&hellip;]\" \/>\n<meta property=\"og:url\" content=\"https:\/\/www.hansemondial.de\/blog\/packt-eure-sieben-sachen-zusammen\/\" \/>\n<meta property=\"og:site_name\" content=\"Hanse Mondial Blog\" \/>\n<meta property=\"article:publisher\" content=\"https:\/\/www.facebook.com\/HanseMondial\/\" \/>\n<meta property=\"article:published_time\" content=\"2020-06-08T14:22:05+00:00\" \/>\n<meta property=\"article:modified_time\" content=\"2020-06-15T09:55:47+00:00\" \/>\n<meta property=\"og:image\" content=\"https:\/\/www.hansemondial.de\/blog\/wp-content\/uploads\/2020\/06\/laptop-2557615_19201.jpg\" \/>\n\t<meta property=\"og:image:width\" content=\"1920\" \/>\n\t<meta property=\"og:image:height\" content=\"1253\" \/>\n\t<meta property=\"og:image:type\" content=\"image\/jpeg\" \/>\n<meta name=\"author\" content=\"Tim Derix\" \/>\n<meta name=\"twitter:card\" content=\"summary_large_image\" \/>\n<meta name=\"twitter:label1\" content=\"Verfasst von\" \/>\n\t<meta name=\"twitter:data1\" content=\"Tim Derix\" \/>\n\t<meta name=\"twitter:label2\" content=\"Gesch\u00e4tzte Lesezeit\" \/>\n\t<meta name=\"twitter:data2\" content=\"7\u00a0Minuten\" \/>\n<script type=\"application\/ld+json\" class=\"yoast-schema-graph\">{\"@context\":\"https:\/\/schema.org\",\"@graph\":[{\"@type\":\"Article\",\"@id\":\"https:\/\/www.hansemondial.de\/blog\/packt-eure-sieben-sachen-zusammen\/#article\",\"isPartOf\":{\"@id\":\"https:\/\/www.hansemondial.de\/blog\/packt-eure-sieben-sachen-zusammen\/\"},\"author\":{\"name\":\"Tim Derix\",\"@id\":\"https:\/\/www.hansemondial.de\/blog\/#\/schema\/person\/d8bfbb02246adfe2a289d6bf40ead0e3\"},\"headline\":\"Packt eure sieben Sachen zusammen\",\"datePublished\":\"2020-06-08T14:22:05+00:00\",\"dateModified\":\"2020-06-15T09:55:47+00:00\",\"mainEntityOfPage\":{\"@id\":\"https:\/\/www.hansemondial.de\/blog\/packt-eure-sieben-sachen-zusammen\/\"},\"wordCount\":1364,\"commentCount\":0,\"publisher\":{\"@id\":\"https:\/\/www.hansemondial.de\/blog\/#organization\"},\"image\":{\"@id\":\"https:\/\/www.hansemondial.de\/blog\/packt-eure-sieben-sachen-zusammen\/#primaryimage\"},\"thumbnailUrl\":\"https:\/\/www.hansemondial.de\/blog\/wp-content\/uploads\/2020\/06\/laptop-2557615_19201.jpg\",\"keywords\":[\"Planung\",\"Reise\",\"Reiseplanung\"],\"articleSection\":[\"Ausflugsziel\",\"Planung\"],\"inLanguage\":\"de\",\"potentialAction\":[{\"@type\":\"CommentAction\",\"name\":\"Comment\",\"target\":[\"https:\/\/www.hansemondial.de\/blog\/packt-eure-sieben-sachen-zusammen\/#respond\"]}]},{\"@type\":\"WebPage\",\"@id\":\"https:\/\/www.hansemondial.de\/blog\/packt-eure-sieben-sachen-zusammen\/\",\"url\":\"https:\/\/www.hansemondial.de\/blog\/packt-eure-sieben-sachen-zusammen\/\",\"name\":\"Packt eure sieben Sachen zusammen - Hanse Mondial Blog\",\"isPartOf\":{\"@id\":\"https:\/\/www.hansemondial.de\/blog\/#website\"},\"primaryImageOfPage\":{\"@id\":\"https:\/\/www.hansemondial.de\/blog\/packt-eure-sieben-sachen-zusammen\/#primaryimage\"},\"image\":{\"@id\":\"https:\/\/www.hansemondial.de\/blog\/packt-eure-sieben-sachen-zusammen\/#primaryimage\"},\"thumbnailUrl\":\"https:\/\/www.hansemondial.de\/blog\/wp-content\/uploads\/2020\/06\/laptop-2557615_19201.jpg\",\"datePublished\":\"2020-06-08T14:22:05+00:00\",\"dateModified\":\"2020-06-15T09:55:47+00:00\",\"breadcrumb\":{\"@id\":\"https:\/\/www.hansemondial.de\/blog\/packt-eure-sieben-sachen-zusammen\/#breadcrumb\"},\"inLanguage\":\"de\",\"potentialAction\":[{\"@type\":\"ReadAction\",\"target\":[\"https:\/\/www.hansemondial.de\/blog\/packt-eure-sieben-sachen-zusammen\/\"]}]},{\"@type\":\"ImageObject\",\"inLanguage\":\"de\",\"@id\":\"https:\/\/www.hansemondial.de\/blog\/packt-eure-sieben-sachen-zusammen\/#primaryimage\",\"url\":\"https:\/\/www.hansemondial.de\/blog\/wp-content\/uploads\/2020\/06\/laptop-2557615_19201.jpg\",\"contentUrl\":\"https:\/\/www.hansemondial.de\/blog\/wp-content\/uploads\/2020\/06\/laptop-2557615_19201.jpg\",\"width\":1920,\"height\":1253},{\"@type\":\"BreadcrumbList\",\"@id\":\"https:\/\/www.hansemondial.de\/blog\/packt-eure-sieben-sachen-zusammen\/#breadcrumb\",\"itemListElement\":[{\"@type\":\"ListItem\",\"position\":1,\"name\":\"Startseite\",\"item\":\"https:\/\/www.hansemondial.de\/blog\/\"},{\"@type\":\"ListItem\",\"position\":2,\"name\":\"Packt eure sieben Sachen zusammen\"}]},{\"@type\":\"WebSite\",\"@id\":\"https:\/\/www.hansemondial.de\/blog\/#website\",\"url\":\"https:\/\/www.hansemondial.de\/blog\/\",\"name\":\"Hanse Mondial Blog\",\"description\":\"Der Buslogistik Blog\",\"publisher\":{\"@id\":\"https:\/\/www.hansemondial.de\/blog\/#organization\"},\"potentialAction\":[{\"@type\":\"SearchAction\",\"target\":{\"@type\":\"EntryPoint\",\"urlTemplate\":\"https:\/\/www.hansemondial.de\/blog\/?s={search_term_string}\"},\"query-input\":{\"@type\":\"PropertyValueSpecification\",\"valueRequired\":true,\"valueName\":\"search_term_string\"}}],\"inLanguage\":\"de\"},{\"@type\":\"Organization\",\"@id\":\"https:\/\/www.hansemondial.de\/blog\/#organization\",\"name\":\"Hanse Mondial GmbH\",\"url\":\"https:\/\/www.hansemondial.de\/blog\/\",\"logo\":{\"@type\":\"ImageObject\",\"inLanguage\":\"de\",\"@id\":\"https:\/\/www.hansemondial.de\/blog\/#\/schema\/logo\/image\/\",\"url\":\"https:\/\/www.hansemondial.de\/blog\/wp-content\/uploads\/2023\/06\/MicrosoftTeams-image-5.png\",\"contentUrl\":\"https:\/\/www.hansemondial.de\/blog\/wp-content\/uploads\/2023\/06\/MicrosoftTeams-image-5.png\",\"width\":300,\"height\":150,\"caption\":\"Hanse Mondial GmbH\"},\"image\":{\"@id\":\"https:\/\/www.hansemondial.de\/blog\/#\/schema\/logo\/image\/\"},\"sameAs\":[\"https:\/\/www.facebook.com\/HanseMondial\/\",\"https:\/\/www.instagram.com\/hansemondial_buslogistik\/\",\"https:\/\/sv.linkedin.com\/company\/hanse-mondial-gmbh\",\"https:\/\/www.youtube.com\/channel\/UCsvt7IF3WGv6rWNXykzugHA\"]},{\"@type\":\"Person\",\"@id\":\"https:\/\/www.hansemondial.de\/blog\/#\/schema\/person\/d8bfbb02246adfe2a289d6bf40ead0e3\",\"name\":\"Tim Derix\",\"image\":{\"@type\":\"ImageObject\",\"inLanguage\":\"de\",\"@id\":\"https:\/\/www.hansemondial.de\/blog\/#\/schema\/person\/image\/\",\"url\":\"https:\/\/secure.gravatar.com\/avatar\/ffcef1b65ae567f54b83e4e40171ae5cc4d36dad47078c89fe88308a4425b688?s=96&d=mm&r=g\",\"contentUrl\":\"https:\/\/secure.gravatar.com\/avatar\/ffcef1b65ae567f54b83e4e40171ae5cc4d36dad47078c89fe88308a4425b688?s=96&d=mm&r=g\",\"caption\":\"Tim Derix\"},\"url\":\"https:\/\/www.hansemondial.de\/blog\/author\/tderix\/\"}]}<\/script>\n<!-- \/ Yoast SEO plugin. -->","yoast_head_json":{"title":"Packt eure sieben Sachen zusammen - Hanse Mondial Blog","robots":{"index":"index","follow":"follow","max-snippet":"max-snippet:-1","max-image-preview":"max-image-preview:large","max-video-preview":"max-video-preview:-1"},"canonical":"https:\/\/www.hansemondial.de\/blog\/packt-eure-sieben-sachen-zusammen\/","og_locale":"de_DE","og_type":"article","og_title":"Packt eure sieben Sachen zusammen - Hanse Mondial Blog","og_description":"In den letzten Monaten hie\u00df es immer wieder: &#8222;Bleibt bitte Zuhause.&#8220; Aufrgund des Coronavirus war es seit Mitte M\u00e4rz fast nicht mehr m\u00f6glich zu verreisen. Jetzt, drei Monate sp\u00e4ter, kehrt St\u00fcck f\u00fcr St\u00fcck die Normalit\u00e4t [&hellip;]","og_url":"https:\/\/www.hansemondial.de\/blog\/packt-eure-sieben-sachen-zusammen\/","og_site_name":"Hanse Mondial Blog","article_publisher":"https:\/\/www.facebook.com\/HanseMondial\/","article_published_time":"2020-06-08T14:22:05+00:00","article_modified_time":"2020-06-15T09:55:47+00:00","og_image":[{"width":1920,"height":1253,"url":"https:\/\/www.hansemondial.de\/blog\/wp-content\/uploads\/2020\/06\/laptop-2557615_19201.jpg","type":"image\/jpeg"}],"author":"Tim Derix","twitter_card":"summary_large_image","twitter_misc":{"Verfasst von":"Tim Derix","Gesch\u00e4tzte Lesezeit":"7\u00a0Minuten"},"schema":{"@context":"https:\/\/schema.org","@graph":[{"@type":"Article","@id":"https:\/\/www.hansemondial.de\/blog\/packt-eure-sieben-sachen-zusammen\/#article","isPartOf":{"@id":"https:\/\/www.hansemondial.de\/blog\/packt-eure-sieben-sachen-zusammen\/"},"author":{"name":"Tim Derix","@id":"https:\/\/www.hansemondial.de\/blog\/#\/schema\/person\/d8bfbb02246adfe2a289d6bf40ead0e3"},"headline":"Packt eure sieben Sachen zusammen","datePublished":"2020-06-08T14:22:05+00:00","dateModified":"2020-06-15T09:55:47+00:00","mainEntityOfPage":{"@id":"https:\/\/www.hansemondial.de\/blog\/packt-eure-sieben-sachen-zusammen\/"},"wordCount":1364,"commentCount":0,"publisher":{"@id":"https:\/\/www.hansemondial.de\/blog\/#organization"},"image":{"@id":"https:\/\/www.hansemondial.de\/blog\/packt-eure-sieben-sachen-zusammen\/#primaryimage"},"thumbnailUrl":"https:\/\/www.hansemondial.de\/blog\/wp-content\/uploads\/2020\/06\/laptop-2557615_19201.jpg","keywords":["Planung","Reise","Reiseplanung"],"articleSection":["Ausflugsziel","Planung"],"inLanguage":"de","potentialAction":[{"@type":"CommentAction","name":"Comment","target":["https:\/\/www.hansemondial.de\/blog\/packt-eure-sieben-sachen-zusammen\/#respond"]}]},{"@type":"WebPage","@id":"https:\/\/www.hansemondial.de\/blog\/packt-eure-sieben-sachen-zusammen\/","url":"https:\/\/www.hansemondial.de\/blog\/packt-eure-sieben-sachen-zusammen\/","name":"Packt eure sieben Sachen zusammen - Hanse Mondial Blog","isPartOf":{"@id":"https:\/\/www.hansemondial.de\/blog\/#website"},"primaryImageOfPage":{"@id":"https:\/\/www.hansemondial.de\/blog\/packt-eure-sieben-sachen-zusammen\/#primaryimage"},"image":{"@id":"https:\/\/www.hansemondial.de\/blog\/packt-eure-sieben-sachen-zusammen\/#primaryimage"},"thumbnailUrl":"https:\/\/www.hansemondial.de\/blog\/wp-content\/uploads\/2020\/06\/laptop-2557615_19201.jpg","datePublished":"2020-06-08T14:22:05+00:00","dateModified":"2020-06-15T09:55:47+00:00","breadcrumb":{"@id":"https:\/\/www.hansemondial.de\/blog\/packt-eure-sieben-sachen-zusammen\/#breadcrumb"},"inLanguage":"de","potentialAction":[{"@type":"ReadAction","target":["https:\/\/www.hansemondial.de\/blog\/packt-eure-sieben-sachen-zusammen\/"]}]},{"@type":"ImageObject","inLanguage":"de","@id":"https:\/\/www.hansemondial.de\/blog\/packt-eure-sieben-sachen-zusammen\/#primaryimage","url":"https:\/\/www.hansemondial.de\/blog\/wp-content\/uploads\/2020\/06\/laptop-2557615_19201.jpg","contentUrl":"https:\/\/www.hansemondial.de\/blog\/wp-content\/uploads\/2020\/06\/laptop-2557615_19201.jpg","width":1920,"height":1253},{"@type":"BreadcrumbList","@id":"https:\/\/www.hansemondial.de\/blog\/packt-eure-sieben-sachen-zusammen\/#breadcrumb","itemListElement":[{"@type":"ListItem","position":1,"name":"Startseite","item":"https:\/\/www.hansemondial.de\/blog\/"},{"@type":"ListItem","position":2,"name":"Packt eure sieben Sachen zusammen"}]},{"@type":"WebSite","@id":"https:\/\/www.hansemondial.de\/blog\/#website","url":"https:\/\/www.hansemondial.de\/blog\/","name":"Hanse Mondial Blog","description":"Der Buslogistik Blog","publisher":{"@id":"https:\/\/www.hansemondial.de\/blog\/#organization"},"potentialAction":[{"@type":"SearchAction","target":{"@type":"EntryPoint","urlTemplate":"https:\/\/www.hansemondial.de\/blog\/?s={search_term_string}"},"query-input":{"@type":"PropertyValueSpecification","valueRequired":true,"valueName":"search_term_string"}}],"inLanguage":"de"},{"@type":"Organization","@id":"https:\/\/www.hansemondial.de\/blog\/#organization","name":"Hanse Mondial GmbH","url":"https:\/\/www.hansemondial.de\/blog\/","logo":{"@type":"ImageObject","inLanguage":"de","@id":"https:\/\/www.hansemondial.de\/blog\/#\/schema\/logo\/image\/","url":"https:\/\/www.hansemondial.de\/blog\/wp-content\/uploads\/2023\/06\/MicrosoftTeams-image-5.png","contentUrl":"https:\/\/www.hansemondial.de\/blog\/wp-content\/uploads\/2023\/06\/MicrosoftTeams-image-5.png","width":300,"height":150,"caption":"Hanse Mondial GmbH"},"image":{"@id":"https:\/\/www.hansemondial.de\/blog\/#\/schema\/logo\/image\/"},"sameAs":["https:\/\/www.facebook.com\/HanseMondial\/","https:\/\/www.instagram.com\/hansemondial_buslogistik\/","https:\/\/sv.linkedin.com\/company\/hanse-mondial-gmbh","https:\/\/www.youtube.com\/channel\/UCsvt7IF3WGv6rWNXykzugHA"]},{"@type":"Person","@id":"https:\/\/www.hansemondial.de\/blog\/#\/schema\/person\/d8bfbb02246adfe2a289d6bf40ead0e3","name":"Tim Derix","image":{"@type":"ImageObject","inLanguage":"de","@id":"https:\/\/www.hansemondial.de\/blog\/#\/schema\/person\/image\/","url":"https:\/\/secure.gravatar.com\/avatar\/ffcef1b65ae567f54b83e4e40171ae5cc4d36dad47078c89fe88308a4425b688?s=96&d=mm&r=g","contentUrl":"https:\/\/secure.gravatar.com\/avatar\/ffcef1b65ae567f54b83e4e40171ae5cc4d36dad47078c89fe88308a4425b688?s=96&d=mm&r=g","caption":"Tim Derix"},"url":"https:\/\/www.hansemondial.de\/blog\/author\/tderix\/"}]}},"_links":{"self":[{"href":"https:\/\/www.hansemondial.de\/blog\/wp-json\/wp\/v2\/posts\/897","targetHints":{"allow":["GET"]}}],"collection":[{"href":"https:\/\/www.hansemondial.de\/blog\/wp-json\/wp\/v2\/posts"}],"about":[{"href":"https:\/\/www.hansemondial.de\/blog\/wp-json\/wp\/v2\/types\/post"}],"author":[{"embeddable":true,"href":"https:\/\/www.hansemondial.de\/blog\/wp-json\/wp\/v2\/users\/2"}],"replies":[{"embeddable":true,"href":"https:\/\/www.hansemondial.de\/blog\/wp-json\/wp\/v2\/comments?post=897"}],"version-history":[{"count":15,"href":"https:\/\/www.hansemondial.de\/blog\/wp-json\/wp\/v2\/posts\/897\/revisions"}],"predecessor-version":[{"id":926,"href":"https:\/\/www.hansemondial.de\/blog\/wp-json\/wp\/v2\/posts\/897\/revisions\/926"}],"wp:featuredmedia":[{"embeddable":true,"href":"https:\/\/www.hansemondial.de\/blog\/wp-json\/wp\/v2\/media\/898"}],"wp:attachment":[{"href":"https:\/\/www.hansemondial.de\/blog\/wp-json\/wp\/v2\/media?parent=897"}],"wp:term":[{"taxonomy":"category","embeddable":true,"href":"https:\/\/www.hansemondial.de\/blog\/wp-json\/wp\/v2\/categories?post=897"},{"taxonomy":"post_tag","embeddable":true,"href":"https:\/\/www.hansemondial.de\/blog\/wp-json\/wp\/v2\/tags?post=897"}],"curies":[{"name":"wp","href":"https:\/\/api.w.org\/{rel}","templated":true}]}}