{"id":829,"date":"2020-05-15T12:13:00","date_gmt":"2020-05-15T10:13:00","guid":{"rendered":"https:\/\/www.hansemondial.de\/blog\/?p=829"},"modified":"2020-06-15T11:15:08","modified_gmt":"2020-06-15T09:15:08","slug":"bereit-zur-abfahrt","status":"publish","type":"post","link":"https:\/\/www.hansemondial.de\/blog\/bereit-zur-abfahrt\/","title":{"rendered":"Bereit zur Abfahrt?"},"content":{"rendered":"\n<p>Die ersten Lockerungen sind bereits bundesweit in Kraft getreten. Aber wie sieht es mit Busreisen aus? Ab wann sind diese wieder erlaubt? Diese Entscheidung ist abh\u00e4ngig vom Bundesland, daher haben wir euch eine \u00dcbersicht erstellt, damit ihr bestens vorbereitet seid und nicht den \u00dcberblick verliert.<br>Allerdings haben noch nicht alle Bundesl\u00e4nder entschieden, wann sie den Busreiseverkehr unter welchen Auflagen wieder aufnehmen. <br>In diesem Artikel findet ihr immer den neuesten Stand. Somit seid ihr bestens f\u00fcr eure n\u00e4chste Busreise informiert.<\/p>\n\n\n\n<h3 class=\"wp-block-heading\">Baden-W\u00fcrttemberg<\/h3>\n\n\n\n<p class=\"has-text-color has-very-dark-gray-color\"><strong>Aktueller Stand:<\/strong> Busreisen sind bis mindestens 15. Juni 2020 nicht erlaubt. Sobald es Neuigkeiten gibt, informieren wir euch hier. <\/p>\n\n\n\n<h3 class=\"wp-block-heading\">Bayern<\/h3>\n\n\n\n<p class=\"has-text-color has-very-dark-gray-color\"><strong>Aktueller Stand:<\/strong> Busreisen sind seit 30. Mai 2020 wieder erlaubt. Es gelten bestimmte Auflagen. Diese findet ihr unten in diesem Artikel.<\/p>\n\n\n\n<h3 class=\"wp-block-heading\">Berlin<\/h3>\n\n\n\n<p class=\"has-text-color has-very-dark-gray-color\"><strong>Aktueller Stand:<\/strong> Gewerbliche Ausflugs- und Stadtrundfahrten sind seit 25. Mai 2020 wieder erlaubt. Es gelten bestimmte Auflagen. Diese findet ihr unten in diesem Artikel.<\/p>\n\n\n\n<h3 class=\"wp-block-heading\">Brandenburg<\/h3>\n\n\n\n<p class=\"has-text-color has-very-dark-gray-color\"><strong><strong>Aktueller Stand:<\/strong> <\/strong>Busreisen sind seit 25. Mai 2020 wieder erlaubt. Es gelten bestimmte Auflagen. Diese findet ihr unten in diesem Artikel.<\/p>\n\n\n\n<h3 class=\"wp-block-heading\">Bremen<\/h3>\n\n\n\n<p class=\"has-text-color has-very-dark-gray-color\"><strong><strong><strong><strong>Aktueller Stand:<\/strong> <\/strong><\/strong><\/strong>Busreisen sind seit 27. Mai 2020 wieder erlaubt. Es gelten bestimmte Auflagen. Diese findet ihr unten in diesem Artikel.<\/p>\n\n\n\n<h3 class=\"wp-block-heading\">Hamburg<\/h3>\n\n\n\n<p class=\"has-text-color has-very-dark-gray-color\"><strong><strong>Aktueller Stand:<\/strong><\/strong> Busreisen sind seit 13. Mai 2020 wieder erlaubt. Es gelten bestimmte Auflagen. Diese findet ihr unten in diesem Artikel.<\/p>\n\n\n\n<h3 class=\"wp-block-heading\">Hessen<\/h3>\n\n\n\n<p class=\"has-text-color has-very-dark-gray-color\"><strong><strong>Aktueller Stand:<\/strong><\/strong> Busreisen sind seit 09. Mai 2020 wieder erlaubt. Es gelten bestimmte Auflagen. Diese findet ihr unten in diesem Artikel.<\/p>\n\n\n\n<h3 class=\"wp-block-heading\">Mecklenburg-Vorpommern<\/h3>\n\n\n\n<p class=\"has-text-color has-very-dark-gray-color\"><strong><strong>Aktueller Stand:<\/strong> <\/strong>Busreisen sind seit 25. Mai 2020 wieder erlaubt. Es gelten bestimmte Auflagen. Diese findet ihr unten in diesem Artikel.<\/p>\n\n\n\n<h3 class=\"wp-block-heading\">Niedersachsen<\/h3>\n\n\n\n<p class=\"has-text-color has-very-dark-gray-color\"><strong><strong>Aktueller <strong><strong>Stand:<\/strong> <\/strong><\/strong><\/strong>Busreisen sind ab 08. Juni 2020 wieder erlaubt. Es gelten bestimmte Auflagen. Diese findet ihr unten in diesem Artikel.<\/p>\n\n\n\n<h3 class=\"wp-block-heading\">Nordrhein-Westfalen<\/h3>\n\n\n\n<p class=\"has-text-color has-very-dark-gray-color\"><strong><strong>Aktueller Stand:<\/strong> <\/strong>Busreisen sind seit 30. Mai 2020 wieder erlaubt. Es gelten bestimmte Auflagen. Diese findet ihr unten in diesem Artikel.<\/p>\n\n\n\n<h3 class=\"wp-block-heading\">Rheinland-Pfalz<\/h3>\n\n\n\n<p class=\"has-text-color has-very-dark-gray-color\"><strong><strong>Aktueller Stand:<\/strong> <\/strong>Busreisen sind ab 10. Juni 2020 wieder erlaubt. Es gelten bestimmte Auflagen. Diese findet ihr unten in diesem Artikel.<\/p>\n\n\n\n<h3 class=\"wp-block-heading\">Saarland<\/h3>\n\n\n\n<p class=\"has-text-color has-very-dark-gray-color\"><strong><strong>Aktueller Stand:<\/strong> <\/strong>Busreisen sind seit 25. Mai 2020 wieder erlaubt. Es gelten bestimmte Auflagen. Diese findet ihr unten in diesem Artikel.<\/p>\n\n\n\n<h3 class=\"wp-block-heading\">Sachsen<\/h3>\n\n\n\n<p class=\"has-text-color has-very-dark-gray-color\"><strong><strong>Aktueller Stand:<\/strong> <\/strong>Busreisen sind ab 06. Juni 2020 wieder erlaubt. Es gelten bestimmte Auflagen. Diese findet ihr unten in diesem Artikel.<\/p>\n\n\n\n<h3 class=\"wp-block-heading\">Sachsen-Anhalt<\/h3>\n\n\n\n<p class=\"has-text-color has-very-dark-gray-color\"><strong><strong>Aktueller Stand:<\/strong> <\/strong>Busreisen sind seit 28. Mai 2020 wieder erlaubt. Es gelten bestimmte Auflagen. Diese findet ihr unten in diesem Artikel.<\/p>\n\n\n\n<h3 class=\"wp-block-heading\">Schleswig-Holstein<\/h3>\n\n\n\n<p class=\"has-text-color has-very-dark-gray-color\"><strong><strong>Aktueller Stand:<\/strong> <\/strong>Busreisen sind seit 09. Mai 2020 wieder erlaubt. Es gelten bestimmte Auflagen. Diese findet ihr unten in diesem Artikel.<\/p>\n\n\n\n<h3 class=\"wp-block-heading\">Th\u00fcringen<\/h3>\n\n\n\n<p class=\"has-text-color has-very-dark-gray-color\"><strong><strong><strong><strong>Aktueller Stand:<\/strong><\/strong> <\/strong><\/strong>Busreisen sind seit 13. Juni 2020 wieder erlaubt. Es gelten bestimmte Auflagen. Diese findet ihr unten in diesem Artikel.<\/p>\n\n\n\n<div class=\"wp-block-group has-very-light-gray-background-color has-background\"><div class=\"wp-block-group__inner-container is-layout-flow wp-block-group-is-layout-flow\">\n<p><strong>Was muss ich f\u00fcr meine n\u00e4chste Busreise beachten?<\/strong><br>Auch wenn die ersten Bundesl\u00e4nder touristische Busreisen wieder erlauben, gibt es bestimmte Auflagen, die ihr beachten m\u00fcsst:<br>&#8211; Mund-und Nasenschutz muss w\u00e4hrend der gesamten Fahrt getragen werden<br>&#8211; Zum Ein-und Aussteigen bitte die hintere T\u00fcr nutzen<br>&#8211; Mindestabstand von 1,5 Metern stets einhalten (au\u00dfer ihr seid mit Personen aus dem eigenen Hausstand unterwegs)<br>&#8211; Bei Symptomen von Atemwegserkrankungen o.\u00e4. die Fahrt bitte nicht antreten<\/p>\n<\/div><\/div>\n\n\n\n<p class=\"has-text-align-left\">Wir w\u00fcnschen euch gute Fahrt und bleibt gesund!<\/p>\n\n\n\n<div class=\"wp-block-buttons is-layout-flex wp-block-buttons-is-layout-flex\">\n<div class=\"wp-block-button\"><a class=\"wp-block-button__link has-text-color has-background no-border-radius\" href=\"https:\/\/www.hansemondial.de\/de\/bus-mieten\/\" style=\"background-color:#3e7dbe;color:#ffffff\" target=\"_blank\" rel=\"noreferrer noopener\">HIER BUS F\u00dcR EURE N\u00c4CHSTE FAHRT BUCHEN!<\/a><\/div>\n<\/div>\n\n\n\n<p><\/p>\n","protected":false},"excerpt":{"rendered":"<p>Die ersten Lockerungen sind bereits bundesweit in Kraft getreten. Aber wie sieht es mit Busreisen aus? Ab wann sind diese wieder erlaubt? Diese Entscheidung ist abh\u00e4ngig vom Bundesland, daher haben wir euch eine \u00dcbersicht erstellt, [&hellip;]<\/p>\n","protected":false},"author":2,"featured_media":830,"comment_status":"open","ping_status":"open","sticky":false,"template":"","format":"standard","meta":{"footnotes":""},"categories":[13,33,4],"tags":[22,24,79,80],"class_list":["post-829","post","type-post","status-publish","format-standard","has-post-thumbnail","hentry","category-ausflugsziel","category-gruppenreise","category-planung","tag-ausflugsziel","tag-busreise","tag-reisebus","tag-reisen"],"yoast_head":"<!-- This site is optimized with the Yoast SEO plugin v25.9 - https:\/\/yoast.com\/wordpress\/plugins\/seo\/ -->\n<title>Bereit zur Abfahrt? - Hanse Mondial Blog<\/title>\n<meta name=\"robots\" content=\"index, follow, max-snippet:-1, max-image-preview:large, max-video-preview:-1\" \/>\n<link rel=\"canonical\" href=\"https:\/\/www.hansemondial.de\/blog\/bereit-zur-abfahrt\/\" \/>\n<meta property=\"og:locale\" content=\"de_DE\" \/>\n<meta property=\"og:type\" content=\"article\" \/>\n<meta property=\"og:title\" content=\"Bereit zur Abfahrt? - Hanse Mondial Blog\" \/>\n<meta property=\"og:description\" content=\"Die ersten Lockerungen sind bereits bundesweit in Kraft getreten. Aber wie sieht es mit Busreisen aus? Ab wann sind diese wieder erlaubt? Diese Entscheidung ist abh\u00e4ngig vom Bundesland, daher haben wir euch eine \u00dcbersicht erstellt, [&hellip;]\" \/>\n<meta property=\"og:url\" content=\"https:\/\/www.hansemondial.de\/blog\/bereit-zur-abfahrt\/\" \/>\n<meta property=\"og:site_name\" content=\"Hanse Mondial Blog\" \/>\n<meta property=\"article:publisher\" content=\"https:\/\/www.facebook.com\/HanseMondial\/\" \/>\n<meta property=\"article:published_time\" content=\"2020-05-15T10:13:00+00:00\" \/>\n<meta property=\"article:modified_time\" content=\"2020-06-15T09:15:08+00:00\" \/>\n<meta property=\"og:image\" content=\"https:\/\/www.hansemondial.de\/blog\/wp-content\/uploads\/2020\/05\/Hansemondial_Nachz\u00fcgler_70.jpg\" \/>\n\t<meta property=\"og:image:width\" content=\"2048\" \/>\n\t<meta property=\"og:image:height\" content=\"1365\" \/>\n\t<meta property=\"og:image:type\" content=\"image\/jpeg\" \/>\n<meta name=\"author\" content=\"Tim Derix\" \/>\n<meta name=\"twitter:card\" content=\"summary_large_image\" \/>\n<meta name=\"twitter:label1\" content=\"Verfasst von\" \/>\n\t<meta name=\"twitter:data1\" content=\"Tim Derix\" \/>\n\t<meta name=\"twitter:label2\" content=\"Gesch\u00e4tzte Lesezeit\" \/>\n\t<meta name=\"twitter:data2\" content=\"3\u00a0Minuten\" \/>\n<script type=\"application\/ld+json\" class=\"yoast-schema-graph\">{\"@context\":\"https:\/\/schema.org\",\"@graph\":[{\"@type\":\"Article\",\"@id\":\"https:\/\/www.hansemondial.de\/blog\/bereit-zur-abfahrt\/#article\",\"isPartOf\":{\"@id\":\"https:\/\/www.hansemondial.de\/blog\/bereit-zur-abfahrt\/\"},\"author\":{\"name\":\"Tim Derix\",\"@id\":\"https:\/\/www.hansemondial.de\/blog\/#\/schema\/person\/d8bfbb02246adfe2a289d6bf40ead0e3\"},\"headline\":\"Bereit zur Abfahrt?\",\"datePublished\":\"2020-05-15T10:13:00+00:00\",\"dateModified\":\"2020-06-15T09:15:08+00:00\",\"mainEntityOfPage\":{\"@id\":\"https:\/\/www.hansemondial.de\/blog\/bereit-zur-abfahrt\/\"},\"wordCount\":503,\"commentCount\":4,\"publisher\":{\"@id\":\"https:\/\/www.hansemondial.de\/blog\/#organization\"},\"image\":{\"@id\":\"https:\/\/www.hansemondial.de\/blog\/bereit-zur-abfahrt\/#primaryimage\"},\"thumbnailUrl\":\"https:\/\/www.hansemondial.de\/blog\/wp-content\/uploads\/2020\/05\/Hansemondial_Nachz\u00fcgler_70.jpg\",\"keywords\":[\"Ausflugsziel\",\"Busreise\",\"Reisebus\",\"Reisen\"],\"articleSection\":[\"Ausflugsziel\",\"Gruppenreise\",\"Planung\"],\"inLanguage\":\"de\",\"potentialAction\":[{\"@type\":\"CommentAction\",\"name\":\"Comment\",\"target\":[\"https:\/\/www.hansemondial.de\/blog\/bereit-zur-abfahrt\/#respond\"]}]},{\"@type\":\"WebPage\",\"@id\":\"https:\/\/www.hansemondial.de\/blog\/bereit-zur-abfahrt\/\",\"url\":\"https:\/\/www.hansemondial.de\/blog\/bereit-zur-abfahrt\/\",\"name\":\"Bereit zur Abfahrt? - Hanse Mondial Blog\",\"isPartOf\":{\"@id\":\"https:\/\/www.hansemondial.de\/blog\/#website\"},\"primaryImageOfPage\":{\"@id\":\"https:\/\/www.hansemondial.de\/blog\/bereit-zur-abfahrt\/#primaryimage\"},\"image\":{\"@id\":\"https:\/\/www.hansemondial.de\/blog\/bereit-zur-abfahrt\/#primaryimage\"},\"thumbnailUrl\":\"https:\/\/www.hansemondial.de\/blog\/wp-content\/uploads\/2020\/05\/Hansemondial_Nachz\u00fcgler_70.jpg\",\"datePublished\":\"2020-05-15T10:13:00+00:00\",\"dateModified\":\"2020-06-15T09:15:08+00:00\",\"breadcrumb\":{\"@id\":\"https:\/\/www.hansemondial.de\/blog\/bereit-zur-abfahrt\/#breadcrumb\"},\"inLanguage\":\"de\",\"potentialAction\":[{\"@type\":\"ReadAction\",\"target\":[\"https:\/\/www.hansemondial.de\/blog\/bereit-zur-abfahrt\/\"]}]},{\"@type\":\"ImageObject\",\"inLanguage\":\"de\",\"@id\":\"https:\/\/www.hansemondial.de\/blog\/bereit-zur-abfahrt\/#primaryimage\",\"url\":\"https:\/\/www.hansemondial.de\/blog\/wp-content\/uploads\/2020\/05\/Hansemondial_Nachz\u00fcgler_70.jpg\",\"contentUrl\":\"https:\/\/www.hansemondial.de\/blog\/wp-content\/uploads\/2020\/05\/Hansemondial_Nachz\u00fcgler_70.jpg\",\"width\":2048,\"height\":1365},{\"@type\":\"BreadcrumbList\",\"@id\":\"https:\/\/www.hansemondial.de\/blog\/bereit-zur-abfahrt\/#breadcrumb\",\"itemListElement\":[{\"@type\":\"ListItem\",\"position\":1,\"name\":\"Startseite\",\"item\":\"https:\/\/www.hansemondial.de\/blog\/\"},{\"@type\":\"ListItem\",\"position\":2,\"name\":\"Bereit zur Abfahrt?\"}]},{\"@type\":\"WebSite\",\"@id\":\"https:\/\/www.hansemondial.de\/blog\/#website\",\"url\":\"https:\/\/www.hansemondial.de\/blog\/\",\"name\":\"Hanse Mondial Blog\",\"description\":\"Der Buslogistik Blog\",\"publisher\":{\"@id\":\"https:\/\/www.hansemondial.de\/blog\/#organization\"},\"potentialAction\":[{\"@type\":\"SearchAction\",\"target\":{\"@type\":\"EntryPoint\",\"urlTemplate\":\"https:\/\/www.hansemondial.de\/blog\/?s={search_term_string}\"},\"query-input\":{\"@type\":\"PropertyValueSpecification\",\"valueRequired\":true,\"valueName\":\"search_term_string\"}}],\"inLanguage\":\"de\"},{\"@type\":\"Organization\",\"@id\":\"https:\/\/www.hansemondial.de\/blog\/#organization\",\"name\":\"Hanse Mondial GmbH\",\"url\":\"https:\/\/www.hansemondial.de\/blog\/\",\"logo\":{\"@type\":\"ImageObject\",\"inLanguage\":\"de\",\"@id\":\"https:\/\/www.hansemondial.de\/blog\/#\/schema\/logo\/image\/\",\"url\":\"https:\/\/www.hansemondial.de\/blog\/wp-content\/uploads\/2023\/06\/MicrosoftTeams-image-5.png\",\"contentUrl\":\"https:\/\/www.hansemondial.de\/blog\/wp-content\/uploads\/2023\/06\/MicrosoftTeams-image-5.png\",\"width\":300,\"height\":150,\"caption\":\"Hanse Mondial GmbH\"},\"image\":{\"@id\":\"https:\/\/www.hansemondial.de\/blog\/#\/schema\/logo\/image\/\"},\"sameAs\":[\"https:\/\/www.facebook.com\/HanseMondial\/\",\"https:\/\/www.instagram.com\/hansemondial_buslogistik\/\",\"https:\/\/sv.linkedin.com\/company\/hanse-mondial-gmbh\",\"https:\/\/www.youtube.com\/channel\/UCsvt7IF3WGv6rWNXykzugHA\"]},{\"@type\":\"Person\",\"@id\":\"https:\/\/www.hansemondial.de\/blog\/#\/schema\/person\/d8bfbb02246adfe2a289d6bf40ead0e3\",\"name\":\"Tim Derix\",\"image\":{\"@type\":\"ImageObject\",\"inLanguage\":\"de\",\"@id\":\"https:\/\/www.hansemondial.de\/blog\/#\/schema\/person\/image\/\",\"url\":\"https:\/\/secure.gravatar.com\/avatar\/ffcef1b65ae567f54b83e4e40171ae5cc4d36dad47078c89fe88308a4425b688?s=96&d=mm&r=g\",\"contentUrl\":\"https:\/\/secure.gravatar.com\/avatar\/ffcef1b65ae567f54b83e4e40171ae5cc4d36dad47078c89fe88308a4425b688?s=96&d=mm&r=g\",\"caption\":\"Tim Derix\"},\"url\":\"https:\/\/www.hansemondial.de\/blog\/author\/tderix\/\"}]}<\/script>\n<!-- \/ Yoast SEO plugin. -->","yoast_head_json":{"title":"Bereit zur Abfahrt? - Hanse Mondial Blog","robots":{"index":"index","follow":"follow","max-snippet":"max-snippet:-1","max-image-preview":"max-image-preview:large","max-video-preview":"max-video-preview:-1"},"canonical":"https:\/\/www.hansemondial.de\/blog\/bereit-zur-abfahrt\/","og_locale":"de_DE","og_type":"article","og_title":"Bereit zur Abfahrt? - Hanse Mondial Blog","og_description":"Die ersten Lockerungen sind bereits bundesweit in Kraft getreten. Aber wie sieht es mit Busreisen aus? Ab wann sind diese wieder erlaubt? Diese Entscheidung ist abh\u00e4ngig vom Bundesland, daher haben wir euch eine \u00dcbersicht erstellt, [&hellip;]","og_url":"https:\/\/www.hansemondial.de\/blog\/bereit-zur-abfahrt\/","og_site_name":"Hanse Mondial Blog","article_publisher":"https:\/\/www.facebook.com\/HanseMondial\/","article_published_time":"2020-05-15T10:13:00+00:00","article_modified_time":"2020-06-15T09:15:08+00:00","og_image":[{"width":2048,"height":1365,"url":"https:\/\/www.hansemondial.de\/blog\/wp-content\/uploads\/2020\/05\/Hansemondial_Nachz\u00fcgler_70.jpg","type":"image\/jpeg"}],"author":"Tim Derix","twitter_card":"summary_large_image","twitter_misc":{"Verfasst von":"Tim Derix","Gesch\u00e4tzte Lesezeit":"3\u00a0Minuten"},"schema":{"@context":"https:\/\/schema.org","@graph":[{"@type":"Article","@id":"https:\/\/www.hansemondial.de\/blog\/bereit-zur-abfahrt\/#article","isPartOf":{"@id":"https:\/\/www.hansemondial.de\/blog\/bereit-zur-abfahrt\/"},"author":{"name":"Tim Derix","@id":"https:\/\/www.hansemondial.de\/blog\/#\/schema\/person\/d8bfbb02246adfe2a289d6bf40ead0e3"},"headline":"Bereit zur Abfahrt?","datePublished":"2020-05-15T10:13:00+00:00","dateModified":"2020-06-15T09:15:08+00:00","mainEntityOfPage":{"@id":"https:\/\/www.hansemondial.de\/blog\/bereit-zur-abfahrt\/"},"wordCount":503,"commentCount":4,"publisher":{"@id":"https:\/\/www.hansemondial.de\/blog\/#organization"},"image":{"@id":"https:\/\/www.hansemondial.de\/blog\/bereit-zur-abfahrt\/#primaryimage"},"thumbnailUrl":"https:\/\/www.hansemondial.de\/blog\/wp-content\/uploads\/2020\/05\/Hansemondial_Nachz\u00fcgler_70.jpg","keywords":["Ausflugsziel","Busreise","Reisebus","Reisen"],"articleSection":["Ausflugsziel","Gruppenreise","Planung"],"inLanguage":"de","potentialAction":[{"@type":"CommentAction","name":"Comment","target":["https:\/\/www.hansemondial.de\/blog\/bereit-zur-abfahrt\/#respond"]}]},{"@type":"WebPage","@id":"https:\/\/www.hansemondial.de\/blog\/bereit-zur-abfahrt\/","url":"https:\/\/www.hansemondial.de\/blog\/bereit-zur-abfahrt\/","name":"Bereit zur Abfahrt? - Hanse Mondial Blog","isPartOf":{"@id":"https:\/\/www.hansemondial.de\/blog\/#website"},"primaryImageOfPage":{"@id":"https:\/\/www.hansemondial.de\/blog\/bereit-zur-abfahrt\/#primaryimage"},"image":{"@id":"https:\/\/www.hansemondial.de\/blog\/bereit-zur-abfahrt\/#primaryimage"},"thumbnailUrl":"https:\/\/www.hansemondial.de\/blog\/wp-content\/uploads\/2020\/05\/Hansemondial_Nachz\u00fcgler_70.jpg","datePublished":"2020-05-15T10:13:00+00:00","dateModified":"2020-06-15T09:15:08+00:00","breadcrumb":{"@id":"https:\/\/www.hansemondial.de\/blog\/bereit-zur-abfahrt\/#breadcrumb"},"inLanguage":"de","potentialAction":[{"@type":"ReadAction","target":["https:\/\/www.hansemondial.de\/blog\/bereit-zur-abfahrt\/"]}]},{"@type":"ImageObject","inLanguage":"de","@id":"https:\/\/www.hansemondial.de\/blog\/bereit-zur-abfahrt\/#primaryimage","url":"https:\/\/www.hansemondial.de\/blog\/wp-content\/uploads\/2020\/05\/Hansemondial_Nachz\u00fcgler_70.jpg","contentUrl":"https:\/\/www.hansemondial.de\/blog\/wp-content\/uploads\/2020\/05\/Hansemondial_Nachz\u00fcgler_70.jpg","width":2048,"height":1365},{"@type":"BreadcrumbList","@id":"https:\/\/www.hansemondial.de\/blog\/bereit-zur-abfahrt\/#breadcrumb","itemListElement":[{"@type":"ListItem","position":1,"name":"Startseite","item":"https:\/\/www.hansemondial.de\/blog\/"},{"@type":"ListItem","position":2,"name":"Bereit zur Abfahrt?"}]},{"@type":"WebSite","@id":"https:\/\/www.hansemondial.de\/blog\/#website","url":"https:\/\/www.hansemondial.de\/blog\/","name":"Hanse Mondial Blog","description":"Der Buslogistik Blog","publisher":{"@id":"https:\/\/www.hansemondial.de\/blog\/#organization"},"potentialAction":[{"@type":"SearchAction","target":{"@type":"EntryPoint","urlTemplate":"https:\/\/www.hansemondial.de\/blog\/?s={search_term_string}"},"query-input":{"@type":"PropertyValueSpecification","valueRequired":true,"valueName":"search_term_string"}}],"inLanguage":"de"},{"@type":"Organization","@id":"https:\/\/www.hansemondial.de\/blog\/#organization","name":"Hanse Mondial GmbH","url":"https:\/\/www.hansemondial.de\/blog\/","logo":{"@type":"ImageObject","inLanguage":"de","@id":"https:\/\/www.hansemondial.de\/blog\/#\/schema\/logo\/image\/","url":"https:\/\/www.hansemondial.de\/blog\/wp-content\/uploads\/2023\/06\/MicrosoftTeams-image-5.png","contentUrl":"https:\/\/www.hansemondial.de\/blog\/wp-content\/uploads\/2023\/06\/MicrosoftTeams-image-5.png","width":300,"height":150,"caption":"Hanse Mondial GmbH"},"image":{"@id":"https:\/\/www.hansemondial.de\/blog\/#\/schema\/logo\/image\/"},"sameAs":["https:\/\/www.facebook.com\/HanseMondial\/","https:\/\/www.instagram.com\/hansemondial_buslogistik\/","https:\/\/sv.linkedin.com\/company\/hanse-mondial-gmbh","https:\/\/www.youtube.com\/channel\/UCsvt7IF3WGv6rWNXykzugHA"]},{"@type":"Person","@id":"https:\/\/www.hansemondial.de\/blog\/#\/schema\/person\/d8bfbb02246adfe2a289d6bf40ead0e3","name":"Tim Derix","image":{"@type":"ImageObject","inLanguage":"de","@id":"https:\/\/www.hansemondial.de\/blog\/#\/schema\/person\/image\/","url":"https:\/\/secure.gravatar.com\/avatar\/ffcef1b65ae567f54b83e4e40171ae5cc4d36dad47078c89fe88308a4425b688?s=96&d=mm&r=g","contentUrl":"https:\/\/secure.gravatar.com\/avatar\/ffcef1b65ae567f54b83e4e40171ae5cc4d36dad47078c89fe88308a4425b688?s=96&d=mm&r=g","caption":"Tim Derix"},"url":"https:\/\/www.hansemondial.de\/blog\/author\/tderix\/"}]}},"_links":{"self":[{"href":"https:\/\/www.hansemondial.de\/blog\/wp-json\/wp\/v2\/posts\/829","targetHints":{"allow":["GET"]}}],"collection":[{"href":"https:\/\/www.hansemondial.de\/blog\/wp-json\/wp\/v2\/posts"}],"about":[{"href":"https:\/\/www.hansemondial.de\/blog\/wp-json\/wp\/v2\/types\/post"}],"author":[{"embeddable":true,"href":"https:\/\/www.hansemondial.de\/blog\/wp-json\/wp\/v2\/users\/2"}],"replies":[{"embeddable":true,"href":"https:\/\/www.hansemondial.de\/blog\/wp-json\/wp\/v2\/comments?post=829"}],"version-history":[{"count":16,"href":"https:\/\/www.hansemondial.de\/blog\/wp-json\/wp\/v2\/posts\/829\/revisions"}],"predecessor-version":[{"id":924,"href":"https:\/\/www.hansemondial.de\/blog\/wp-json\/wp\/v2\/posts\/829\/revisions\/924"}],"wp:featuredmedia":[{"embeddable":true,"href":"https:\/\/www.hansemondial.de\/blog\/wp-json\/wp\/v2\/media\/830"}],"wp:attachment":[{"href":"https:\/\/www.hansemondial.de\/blog\/wp-json\/wp\/v2\/media?parent=829"}],"wp:term":[{"taxonomy":"category","embeddable":true,"href":"https:\/\/www.hansemondial.de\/blog\/wp-json\/wp\/v2\/categories?post=829"},{"taxonomy":"post_tag","embeddable":true,"href":"https:\/\/www.hansemondial.de\/blog\/wp-json\/wp\/v2\/tags?post=829"}],"curies":[{"name":"wp","href":"https:\/\/api.w.org\/{rel}","templated":true}]}}