{"id":700,"date":"2020-03-27T16:13:32","date_gmt":"2020-03-27T15:13:32","guid":{"rendered":"https:\/\/www.hansemondial.de\/blog\/?p=700"},"modified":"2022-09-20T15:06:53","modified_gmt":"2022-09-20T13:06:53","slug":"mitarbeitermobilitaet-neu-gestalten","status":"publish","type":"post","link":"https:\/\/www.hansemondial.de\/blog\/mitarbeitermobilitaet-neu-gestalten\/","title":{"rendered":"Mitarbeitermobilit\u00e4t neu gestalten"},"content":{"rendered":"\n<p>Wie kommen meine Mitarbeiter sicher und zuverl\u00e4ssig von A nach B? Eine Frage, die sich sicherlich der eine oder andere schon mal gestellt hat. <br>Das Thema der Mitarbeitermobilit\u00e4t ist ein sehr wichtiges und umfangreiches Thema. <br>Bei der Mitarbeitermobilit\u00e4t geht es vorrangig darum, Mitarbeiter jederzeit an ihr Ziel zu bringen. Dies umfasst zum Beispiel Werksfahrten, Fahrten zwischen \u00d6PNV-Haltestellen und der Arbeitsst\u00e4tte, Parkplatzshuttle oder Mitarbeiter zwischen verschiedenen Unternehmensstandorten zu shuttlen.<br>Ein umfangreiches Thema, bei dem wir Dich gerne jederzeit und kompetent unterst\u00fctzen. <\/p>\n\n\n\n<div class=\"wp-block-button aligncenter\"><a class=\"wp-block-button__link has-background\" href=\"https:\/\/www.hansemondial.de\/de\/mitarbeiter-shuttle\/\" style=\"border-radius:0px;background-color:#3e7dbe\" target=\"_blank\" rel=\"noreferrer noopener\">JETZT BUS ANFRAGEN<\/a><\/div>\n\n\n\n<h3 class=\"wp-block-heading\">Wann ben\u00f6tige ich einen Shuttle f\u00fcr meine Mitarbeiter?<\/h3>\n\n\n\n<p>Der Hin- und R\u00fcckweg zur Arbeit Ihrer Mitarbeiter gestaltet sich schwierig? Es gibt kein ausreichendes Angebot durch den \u00d6PNV? Oder m\u00fcssen Deine Mitarbeiter regelm\u00e4\u00dfig zwischen verschiedenen Unternehmensstandorten pendeln? <br>In diesen F\u00e4llen ist ein Shuttle f\u00fcr Deine Mitarbeiter die perfekte L\u00f6sung. Du kannst einen eigenen Fahrplan bestimmen und diesen perfekt auf Deine Mitarbeiter abstimmen. So bleibst Du jederzeit flexibel, denn wir k\u00f6nnen sofort auf \u00c4nderungen reagieren und f\u00fcr diese eine schnelle L\u00f6sung finden. Dank unserem europaweiten Partnernetzwerk bringen wir Deine Mitarbeiter zu jeder Tages- und Nachtzeit an ihr Ziel!<\/p>\n\n\n\n<h3 class=\"wp-block-heading\">Vorteile eines Shuttles f\u00fcr Deine Mitarbeiter<\/h3>\n\n\n\n<p>Du planst derzeit einen Shuttleservice f\u00fcr Deine Mitarbeiter, um diese individuell zur Arbeit zu bringen? <br>Daf\u00fcr haben wir die Vorteile f\u00fcr Dich in einer \u00dcbersicht zusammengefasst:<\/p>\n\n\n\n<div class=\"wp-block-group has-very-light-gray-background-color has-background\"><div class=\"wp-block-group__inner-container is-layout-flow wp-block-group-is-layout-flow\">\n<p><strong>Vorteile der Mitarbeitermobilit\u00e4t<\/strong> <strong>durch Hanse Mondial<\/strong><br>&#8211; Individuelle und flexible Fahrzeiten <br>&#8211; Unabh\u00e4ngig vom \u00d6PNV<br>&#8211; Erleichterung von Personalreisen zwischen verschiedenen Standorten<br>&#8211; Schnelle Reaktion auf Ver\u00e4nderungen<br>&#8211; Gebriefte Busfahrer<br>&#8211; Gro\u00dfe Auswahl an Fahrzeugen dank unserem europaweiten Netzwerk<br>&#8211; Nachhaltiger Beitrag zur Umwelt durch weniger Fahrzeuge auf den Stra\u00dfen<br>&#8211; 24\/7 Erreichbarkeit<\/p>\n<\/div><\/div>\n\n\n\n<h3 class=\"wp-block-heading\">Mitarbeitermobilit\u00e4t in Zeiten des Coronavirus<\/h3>\n\n\n\n<p>In der jetzigen Zeit des Coronavirus, stehen viele vor neuen Herausforderungen. Nicht nur das private Leben, sondern auch das \u00f6ffentliche Leben ist eingeschr\u00e4nkt. Neue Hygienebestimmungen, Social Distance und immer mehr Menschen, die von Zuhause aus arbeiten. Aber was ist, wenn meine Mitarbeiter nicht von Zuhause aus arbeiten k\u00f6nnen und die Daseinsversorgung aufrecht erhalten m\u00fcssen? Du m\u00f6chtest sicherstellen, dass Deine Mitarbeiter sicher und ohne gesundheitliche Risiken von A nach B kommen? <br>Auch f\u00fcr diese Herausforderung haben wir eine L\u00f6sung f\u00fcr Dich. Dank unserer langj\u00e4hrigen Expertise in diesem Bereich, finden wir f\u00fcr Dich eine passende L\u00f6sung. <\/p>\n\n\n\n<div class=\"wp-block-group has-very-light-gray-background-color has-background\"><div class=\"wp-block-group__inner-container is-layout-flow wp-block-group-is-layout-flow\">\n<p><strong>\u00dcbersicht der Ma\u00dfnahmen in Zeiten des Coronavirus<\/strong><br>&#8211; Fahrzeuge werden lediglich mit zehn bis zw\u00f6lf Personen besetzt<br>&#8211; Fahrzeuge werden nach jeder Fahrt desinfiziert<br>&#8211; Unsere Busfahrer werden der Situation entsprechend gebrieft<br>&#8211; Sichherheitsbestimmungen beim Ein-und Aussteigen (1,5 &#8211; 2 Meter Abstand) sowie Abstand zum Busfahrer<\/p>\n<\/div><\/div>\n\n\n\n<div class=\"wp-block-button aligncenter\"><a class=\"wp-block-button__link has-background\" href=\"https:\/\/www.hansemondial.de\/de\/mitarbeiter-shuttle\/\" style=\"border-radius:0px;background-color:#3e7dbe\" target=\"_blank\" rel=\"noreferrer noopener\">JETZT BUS ANFRAGEN<\/a><\/div>\n","protected":false},"excerpt":{"rendered":"<p>Wie kommen meine Mitarbeiter sicher und zuverl\u00e4ssig von A nach B? Eine Frage, die sich sicherlich der eine oder andere schon mal gestellt hat. Das Thema der Mitarbeitermobilit\u00e4t ist ein sehr wichtiges und umfangreiches Thema. [&hellip;]<\/p>\n","protected":false},"author":2,"featured_media":701,"comment_status":"open","ping_status":"open","sticky":false,"template":"","format":"standard","meta":{"footnotes":""},"categories":[9],"tags":[65,66,17],"class_list":["post-700","post","type-post","status-publish","format-standard","has-post-thumbnail","hentry","category-shuttle","tag-busshuttle","tag-mitarbeitershuttle","tag-shuttleservice"],"yoast_head":"<!-- This site is optimized with the Yoast SEO plugin v25.9 - https:\/\/yoast.com\/wordpress\/plugins\/seo\/ -->\n<title>Mitarbeitermobilit\u00e4t neu gestalten - Hanse Mondial Blog<\/title>\n<meta name=\"robots\" content=\"index, follow, max-snippet:-1, max-image-preview:large, max-video-preview:-1\" \/>\n<link rel=\"canonical\" href=\"https:\/\/www.hansemondial.de\/blog\/mitarbeitermobilitaet-neu-gestalten\/\" \/>\n<meta property=\"og:locale\" content=\"de_DE\" \/>\n<meta property=\"og:type\" content=\"article\" \/>\n<meta property=\"og:title\" content=\"Mitarbeitermobilit\u00e4t neu gestalten - Hanse Mondial Blog\" \/>\n<meta property=\"og:description\" content=\"Wie kommen meine Mitarbeiter sicher und zuverl\u00e4ssig von A nach B? Eine Frage, die sich sicherlich der eine oder andere schon mal gestellt hat. Das Thema der Mitarbeitermobilit\u00e4t ist ein sehr wichtiges und umfangreiches Thema. [&hellip;]\" \/>\n<meta property=\"og:url\" content=\"https:\/\/www.hansemondial.de\/blog\/mitarbeitermobilitaet-neu-gestalten\/\" \/>\n<meta property=\"og:site_name\" content=\"Hanse Mondial Blog\" \/>\n<meta property=\"article:publisher\" content=\"https:\/\/www.facebook.com\/HanseMondial\/\" \/>\n<meta property=\"article:published_time\" content=\"2020-03-27T15:13:32+00:00\" \/>\n<meta property=\"article:modified_time\" content=\"2022-09-20T13:06:53+00:00\" \/>\n<meta property=\"og:image\" content=\"https:\/\/www.hansemondial.de\/blog\/wp-content\/uploads\/2020\/03\/01762_HanseMondial_Soprasteria_203-1024x683.jpg\" \/>\n\t<meta property=\"og:image:width\" content=\"1024\" \/>\n\t<meta property=\"og:image:height\" content=\"683\" \/>\n\t<meta property=\"og:image:type\" content=\"image\/jpeg\" \/>\n<meta name=\"author\" content=\"Tim Derix\" \/>\n<meta name=\"twitter:card\" content=\"summary_large_image\" \/>\n<meta name=\"twitter:label1\" content=\"Verfasst von\" \/>\n\t<meta name=\"twitter:data1\" content=\"Tim Derix\" \/>\n\t<meta name=\"twitter:label2\" content=\"Gesch\u00e4tzte Lesezeit\" \/>\n\t<meta name=\"twitter:data2\" content=\"3\u00a0Minuten\" \/>\n<script type=\"application\/ld+json\" class=\"yoast-schema-graph\">{\"@context\":\"https:\/\/schema.org\",\"@graph\":[{\"@type\":\"Article\",\"@id\":\"https:\/\/www.hansemondial.de\/blog\/mitarbeitermobilitaet-neu-gestalten\/#article\",\"isPartOf\":{\"@id\":\"https:\/\/www.hansemondial.de\/blog\/mitarbeitermobilitaet-neu-gestalten\/\"},\"author\":{\"name\":\"Tim Derix\",\"@id\":\"https:\/\/www.hansemondial.de\/blog\/#\/schema\/person\/d8bfbb02246adfe2a289d6bf40ead0e3\"},\"headline\":\"Mitarbeitermobilit\u00e4t neu gestalten\",\"datePublished\":\"2020-03-27T15:13:32+00:00\",\"dateModified\":\"2022-09-20T13:06:53+00:00\",\"mainEntityOfPage\":{\"@id\":\"https:\/\/www.hansemondial.de\/blog\/mitarbeitermobilitaet-neu-gestalten\/\"},\"wordCount\":442,\"commentCount\":0,\"publisher\":{\"@id\":\"https:\/\/www.hansemondial.de\/blog\/#organization\"},\"image\":{\"@id\":\"https:\/\/www.hansemondial.de\/blog\/mitarbeitermobilitaet-neu-gestalten\/#primaryimage\"},\"thumbnailUrl\":\"https:\/\/www.hansemondial.de\/blog\/wp-content\/uploads\/2020\/03\/01762_HanseMondial_Soprasteria_203.jpg\",\"keywords\":[\"Busshuttle\",\"Mitarbeitershuttle\",\"Shuttleservice\"],\"articleSection\":[\"Shuttle Service\"],\"inLanguage\":\"de\",\"potentialAction\":[{\"@type\":\"CommentAction\",\"name\":\"Comment\",\"target\":[\"https:\/\/www.hansemondial.de\/blog\/mitarbeitermobilitaet-neu-gestalten\/#respond\"]}]},{\"@type\":\"WebPage\",\"@id\":\"https:\/\/www.hansemondial.de\/blog\/mitarbeitermobilitaet-neu-gestalten\/\",\"url\":\"https:\/\/www.hansemondial.de\/blog\/mitarbeitermobilitaet-neu-gestalten\/\",\"name\":\"Mitarbeitermobilit\u00e4t neu gestalten - Hanse Mondial Blog\",\"isPartOf\":{\"@id\":\"https:\/\/www.hansemondial.de\/blog\/#website\"},\"primaryImageOfPage\":{\"@id\":\"https:\/\/www.hansemondial.de\/blog\/mitarbeitermobilitaet-neu-gestalten\/#primaryimage\"},\"image\":{\"@id\":\"https:\/\/www.hansemondial.de\/blog\/mitarbeitermobilitaet-neu-gestalten\/#primaryimage\"},\"thumbnailUrl\":\"https:\/\/www.hansemondial.de\/blog\/wp-content\/uploads\/2020\/03\/01762_HanseMondial_Soprasteria_203.jpg\",\"datePublished\":\"2020-03-27T15:13:32+00:00\",\"dateModified\":\"2022-09-20T13:06:53+00:00\",\"breadcrumb\":{\"@id\":\"https:\/\/www.hansemondial.de\/blog\/mitarbeitermobilitaet-neu-gestalten\/#breadcrumb\"},\"inLanguage\":\"de\",\"potentialAction\":[{\"@type\":\"ReadAction\",\"target\":[\"https:\/\/www.hansemondial.de\/blog\/mitarbeitermobilitaet-neu-gestalten\/\"]}]},{\"@type\":\"ImageObject\",\"inLanguage\":\"de\",\"@id\":\"https:\/\/www.hansemondial.de\/blog\/mitarbeitermobilitaet-neu-gestalten\/#primaryimage\",\"url\":\"https:\/\/www.hansemondial.de\/blog\/wp-content\/uploads\/2020\/03\/01762_HanseMondial_Soprasteria_203.jpg\",\"contentUrl\":\"https:\/\/www.hansemondial.de\/blog\/wp-content\/uploads\/2020\/03\/01762_HanseMondial_Soprasteria_203.jpg\",\"width\":2560,\"height\":1707},{\"@type\":\"BreadcrumbList\",\"@id\":\"https:\/\/www.hansemondial.de\/blog\/mitarbeitermobilitaet-neu-gestalten\/#breadcrumb\",\"itemListElement\":[{\"@type\":\"ListItem\",\"position\":1,\"name\":\"Startseite\",\"item\":\"https:\/\/www.hansemondial.de\/blog\/\"},{\"@type\":\"ListItem\",\"position\":2,\"name\":\"Mitarbeitermobilit\u00e4t neu gestalten\"}]},{\"@type\":\"WebSite\",\"@id\":\"https:\/\/www.hansemondial.de\/blog\/#website\",\"url\":\"https:\/\/www.hansemondial.de\/blog\/\",\"name\":\"Hanse Mondial Blog\",\"description\":\"Der Buslogistik Blog\",\"publisher\":{\"@id\":\"https:\/\/www.hansemondial.de\/blog\/#organization\"},\"potentialAction\":[{\"@type\":\"SearchAction\",\"target\":{\"@type\":\"EntryPoint\",\"urlTemplate\":\"https:\/\/www.hansemondial.de\/blog\/?s={search_term_string}\"},\"query-input\":{\"@type\":\"PropertyValueSpecification\",\"valueRequired\":true,\"valueName\":\"search_term_string\"}}],\"inLanguage\":\"de\"},{\"@type\":\"Organization\",\"@id\":\"https:\/\/www.hansemondial.de\/blog\/#organization\",\"name\":\"Hanse Mondial GmbH\",\"url\":\"https:\/\/www.hansemondial.de\/blog\/\",\"logo\":{\"@type\":\"ImageObject\",\"inLanguage\":\"de\",\"@id\":\"https:\/\/www.hansemondial.de\/blog\/#\/schema\/logo\/image\/\",\"url\":\"https:\/\/www.hansemondial.de\/blog\/wp-content\/uploads\/2023\/06\/MicrosoftTeams-image-5.png\",\"contentUrl\":\"https:\/\/www.hansemondial.de\/blog\/wp-content\/uploads\/2023\/06\/MicrosoftTeams-image-5.png\",\"width\":300,\"height\":150,\"caption\":\"Hanse Mondial GmbH\"},\"image\":{\"@id\":\"https:\/\/www.hansemondial.de\/blog\/#\/schema\/logo\/image\/\"},\"sameAs\":[\"https:\/\/www.facebook.com\/HanseMondial\/\",\"https:\/\/www.instagram.com\/hansemondial_buslogistik\/\",\"https:\/\/sv.linkedin.com\/company\/hanse-mondial-gmbh\",\"https:\/\/www.youtube.com\/channel\/UCsvt7IF3WGv6rWNXykzugHA\"]},{\"@type\":\"Person\",\"@id\":\"https:\/\/www.hansemondial.de\/blog\/#\/schema\/person\/d8bfbb02246adfe2a289d6bf40ead0e3\",\"name\":\"Tim Derix\",\"image\":{\"@type\":\"ImageObject\",\"inLanguage\":\"de\",\"@id\":\"https:\/\/www.hansemondial.de\/blog\/#\/schema\/person\/image\/\",\"url\":\"https:\/\/secure.gravatar.com\/avatar\/ffcef1b65ae567f54b83e4e40171ae5cc4d36dad47078c89fe88308a4425b688?s=96&d=mm&r=g\",\"contentUrl\":\"https:\/\/secure.gravatar.com\/avatar\/ffcef1b65ae567f54b83e4e40171ae5cc4d36dad47078c89fe88308a4425b688?s=96&d=mm&r=g\",\"caption\":\"Tim Derix\"},\"url\":\"https:\/\/www.hansemondial.de\/blog\/author\/tderix\/\"}]}<\/script>\n<!-- \/ Yoast SEO plugin. -->","yoast_head_json":{"title":"Mitarbeitermobilit\u00e4t neu gestalten - Hanse Mondial Blog","robots":{"index":"index","follow":"follow","max-snippet":"max-snippet:-1","max-image-preview":"max-image-preview:large","max-video-preview":"max-video-preview:-1"},"canonical":"https:\/\/www.hansemondial.de\/blog\/mitarbeitermobilitaet-neu-gestalten\/","og_locale":"de_DE","og_type":"article","og_title":"Mitarbeitermobilit\u00e4t neu gestalten - Hanse Mondial Blog","og_description":"Wie kommen meine Mitarbeiter sicher und zuverl\u00e4ssig von A nach B? Eine Frage, die sich sicherlich der eine oder andere schon mal gestellt hat. Das Thema der Mitarbeitermobilit\u00e4t ist ein sehr wichtiges und umfangreiches Thema. [&hellip;]","og_url":"https:\/\/www.hansemondial.de\/blog\/mitarbeitermobilitaet-neu-gestalten\/","og_site_name":"Hanse Mondial Blog","article_publisher":"https:\/\/www.facebook.com\/HanseMondial\/","article_published_time":"2020-03-27T15:13:32+00:00","article_modified_time":"2022-09-20T13:06:53+00:00","og_image":[{"width":1024,"height":683,"url":"https:\/\/www.hansemondial.de\/blog\/wp-content\/uploads\/2020\/03\/01762_HanseMondial_Soprasteria_203-1024x683.jpg","type":"image\/jpeg"}],"author":"Tim Derix","twitter_card":"summary_large_image","twitter_misc":{"Verfasst von":"Tim Derix","Gesch\u00e4tzte Lesezeit":"3\u00a0Minuten"},"schema":{"@context":"https:\/\/schema.org","@graph":[{"@type":"Article","@id":"https:\/\/www.hansemondial.de\/blog\/mitarbeitermobilitaet-neu-gestalten\/#article","isPartOf":{"@id":"https:\/\/www.hansemondial.de\/blog\/mitarbeitermobilitaet-neu-gestalten\/"},"author":{"name":"Tim Derix","@id":"https:\/\/www.hansemondial.de\/blog\/#\/schema\/person\/d8bfbb02246adfe2a289d6bf40ead0e3"},"headline":"Mitarbeitermobilit\u00e4t neu gestalten","datePublished":"2020-03-27T15:13:32+00:00","dateModified":"2022-09-20T13:06:53+00:00","mainEntityOfPage":{"@id":"https:\/\/www.hansemondial.de\/blog\/mitarbeitermobilitaet-neu-gestalten\/"},"wordCount":442,"commentCount":0,"publisher":{"@id":"https:\/\/www.hansemondial.de\/blog\/#organization"},"image":{"@id":"https:\/\/www.hansemondial.de\/blog\/mitarbeitermobilitaet-neu-gestalten\/#primaryimage"},"thumbnailUrl":"https:\/\/www.hansemondial.de\/blog\/wp-content\/uploads\/2020\/03\/01762_HanseMondial_Soprasteria_203.jpg","keywords":["Busshuttle","Mitarbeitershuttle","Shuttleservice"],"articleSection":["Shuttle Service"],"inLanguage":"de","potentialAction":[{"@type":"CommentAction","name":"Comment","target":["https:\/\/www.hansemondial.de\/blog\/mitarbeitermobilitaet-neu-gestalten\/#respond"]}]},{"@type":"WebPage","@id":"https:\/\/www.hansemondial.de\/blog\/mitarbeitermobilitaet-neu-gestalten\/","url":"https:\/\/www.hansemondial.de\/blog\/mitarbeitermobilitaet-neu-gestalten\/","name":"Mitarbeitermobilit\u00e4t neu gestalten - Hanse Mondial Blog","isPartOf":{"@id":"https:\/\/www.hansemondial.de\/blog\/#website"},"primaryImageOfPage":{"@id":"https:\/\/www.hansemondial.de\/blog\/mitarbeitermobilitaet-neu-gestalten\/#primaryimage"},"image":{"@id":"https:\/\/www.hansemondial.de\/blog\/mitarbeitermobilitaet-neu-gestalten\/#primaryimage"},"thumbnailUrl":"https:\/\/www.hansemondial.de\/blog\/wp-content\/uploads\/2020\/03\/01762_HanseMondial_Soprasteria_203.jpg","datePublished":"2020-03-27T15:13:32+00:00","dateModified":"2022-09-20T13:06:53+00:00","breadcrumb":{"@id":"https:\/\/www.hansemondial.de\/blog\/mitarbeitermobilitaet-neu-gestalten\/#breadcrumb"},"inLanguage":"de","potentialAction":[{"@type":"ReadAction","target":["https:\/\/www.hansemondial.de\/blog\/mitarbeitermobilitaet-neu-gestalten\/"]}]},{"@type":"ImageObject","inLanguage":"de","@id":"https:\/\/www.hansemondial.de\/blog\/mitarbeitermobilitaet-neu-gestalten\/#primaryimage","url":"https:\/\/www.hansemondial.de\/blog\/wp-content\/uploads\/2020\/03\/01762_HanseMondial_Soprasteria_203.jpg","contentUrl":"https:\/\/www.hansemondial.de\/blog\/wp-content\/uploads\/2020\/03\/01762_HanseMondial_Soprasteria_203.jpg","width":2560,"height":1707},{"@type":"BreadcrumbList","@id":"https:\/\/www.hansemondial.de\/blog\/mitarbeitermobilitaet-neu-gestalten\/#breadcrumb","itemListElement":[{"@type":"ListItem","position":1,"name":"Startseite","item":"https:\/\/www.hansemondial.de\/blog\/"},{"@type":"ListItem","position":2,"name":"Mitarbeitermobilit\u00e4t neu gestalten"}]},{"@type":"WebSite","@id":"https:\/\/www.hansemondial.de\/blog\/#website","url":"https:\/\/www.hansemondial.de\/blog\/","name":"Hanse Mondial Blog","description":"Der Buslogistik Blog","publisher":{"@id":"https:\/\/www.hansemondial.de\/blog\/#organization"},"potentialAction":[{"@type":"SearchAction","target":{"@type":"EntryPoint","urlTemplate":"https:\/\/www.hansemondial.de\/blog\/?s={search_term_string}"},"query-input":{"@type":"PropertyValueSpecification","valueRequired":true,"valueName":"search_term_string"}}],"inLanguage":"de"},{"@type":"Organization","@id":"https:\/\/www.hansemondial.de\/blog\/#organization","name":"Hanse Mondial GmbH","url":"https:\/\/www.hansemondial.de\/blog\/","logo":{"@type":"ImageObject","inLanguage":"de","@id":"https:\/\/www.hansemondial.de\/blog\/#\/schema\/logo\/image\/","url":"https:\/\/www.hansemondial.de\/blog\/wp-content\/uploads\/2023\/06\/MicrosoftTeams-image-5.png","contentUrl":"https:\/\/www.hansemondial.de\/blog\/wp-content\/uploads\/2023\/06\/MicrosoftTeams-image-5.png","width":300,"height":150,"caption":"Hanse Mondial GmbH"},"image":{"@id":"https:\/\/www.hansemondial.de\/blog\/#\/schema\/logo\/image\/"},"sameAs":["https:\/\/www.facebook.com\/HanseMondial\/","https:\/\/www.instagram.com\/hansemondial_buslogistik\/","https:\/\/sv.linkedin.com\/company\/hanse-mondial-gmbh","https:\/\/www.youtube.com\/channel\/UCsvt7IF3WGv6rWNXykzugHA"]},{"@type":"Person","@id":"https:\/\/www.hansemondial.de\/blog\/#\/schema\/person\/d8bfbb02246adfe2a289d6bf40ead0e3","name":"Tim Derix","image":{"@type":"ImageObject","inLanguage":"de","@id":"https:\/\/www.hansemondial.de\/blog\/#\/schema\/person\/image\/","url":"https:\/\/secure.gravatar.com\/avatar\/ffcef1b65ae567f54b83e4e40171ae5cc4d36dad47078c89fe88308a4425b688?s=96&d=mm&r=g","contentUrl":"https:\/\/secure.gravatar.com\/avatar\/ffcef1b65ae567f54b83e4e40171ae5cc4d36dad47078c89fe88308a4425b688?s=96&d=mm&r=g","caption":"Tim Derix"},"url":"https:\/\/www.hansemondial.de\/blog\/author\/tderix\/"}]}},"_links":{"self":[{"href":"https:\/\/www.hansemondial.de\/blog\/wp-json\/wp\/v2\/posts\/700","targetHints":{"allow":["GET"]}}],"collection":[{"href":"https:\/\/www.hansemondial.de\/blog\/wp-json\/wp\/v2\/posts"}],"about":[{"href":"https:\/\/www.hansemondial.de\/blog\/wp-json\/wp\/v2\/types\/post"}],"author":[{"embeddable":true,"href":"https:\/\/www.hansemondial.de\/blog\/wp-json\/wp\/v2\/users\/2"}],"replies":[{"embeddable":true,"href":"https:\/\/www.hansemondial.de\/blog\/wp-json\/wp\/v2\/comments?post=700"}],"version-history":[{"count":18,"href":"https:\/\/www.hansemondial.de\/blog\/wp-json\/wp\/v2\/posts\/700\/revisions"}],"predecessor-version":[{"id":1874,"href":"https:\/\/www.hansemondial.de\/blog\/wp-json\/wp\/v2\/posts\/700\/revisions\/1874"}],"wp:featuredmedia":[{"embeddable":true,"href":"https:\/\/www.hansemondial.de\/blog\/wp-json\/wp\/v2\/media\/701"}],"wp:attachment":[{"href":"https:\/\/www.hansemondial.de\/blog\/wp-json\/wp\/v2\/media?parent=700"}],"wp:term":[{"taxonomy":"category","embeddable":true,"href":"https:\/\/www.hansemondial.de\/blog\/wp-json\/wp\/v2\/categories?post=700"},{"taxonomy":"post_tag","embeddable":true,"href":"https:\/\/www.hansemondial.de\/blog\/wp-json\/wp\/v2\/tags?post=700"}],"curies":[{"name":"wp","href":"https:\/\/api.w.org\/{rel}","templated":true}]}}