{"id":633,"date":"2020-03-25T15:25:00","date_gmt":"2020-03-25T14:25:00","guid":{"rendered":"https:\/\/www.hansemondial.de\/blog\/?p=633"},"modified":"2020-04-20T14:45:36","modified_gmt":"2020-04-20T12:45:36","slug":"busbranche-vs-coronavirus","status":"publish","type":"post","link":"https:\/\/www.hansemondial.de\/blog\/busbranche-vs-coronavirus\/","title":{"rendered":"Busbranche vs. Coronavirus"},"content":{"rendered":"\n<p>Mittlerweile hat der Coronavirus uns nicht nur privat fest im Griff, sondern zeigt bereits welche negativen Folgen sich in der Berufswelt bemerkbar machen. Allgemeine Infos zu Corona findet ihr hier in unserem <a rel=\"noreferrer noopener\" href=\"https:\/\/www.hansemondial.de\/blog\/coronavirus-covid-19-gruppenreisen-das-solltet-ihr-wissen\/\" target=\"_blank\">Blogartikel<\/a>.<br><br>Mit negativen Auswirkungen k\u00e4mpft auch aktuell die Busbranche, die gerade sehr unter der Ausbreitung des Virus leidet. Aber lassen wir uns davon unterkriegen? Nein! Wir gehen neue Wege und bereiten uns bereits auf die Zeit nach dem Virus vor. <\/p>\n\n\n\n<h3 class=\"wp-block-heading\">Die Auswirkungen auf die Busbranche<\/h3>\n\n\n\n<p>Es ist nicht zu \u00fcbersehen, dass die Busbranche sehr hart durch den Coronavirus betroffen ist. Die ersten Busunternehmen k\u00e4mpfen bereits ums \u00dcberleben. <br>Diese Situation best\u00e4tigt auch ein Schreiben vom <a rel=\"noreferrer noopener\" aria-label=\" (\u00f6ffnet in neuem Tab)\" href=\"https:\/\/www.bdo.org\/\" target=\"_blank\">Bundesverband Deutscher Omnibusunternehmer (bdo<\/a>), dem <a href=\"https:\/\/www.rda.de\/\">Bustouristik <\/a><a rel=\"noreferrer noopener\" aria-label=\"V (\u00f6ffnet in neuem Tab)\" href=\"https:\/\/www.rda.de\/\" target=\"_blank\">V<\/a><a href=\"https:\/\/www.rda.de\/\">erband (RDA)<\/a> sowie der <a rel=\"noreferrer noopener\" aria-label=\" (\u00f6ffnet in neuem Tab)\" href=\"https:\/\/www.buskomfort.de\/home.html\" target=\"_blank\">G\u00fctegemeinschaft Buskomfort (gbk)<\/a>.<br>In diesem Schreiben werden Mitglieder aufgerufen sich direkt an die Politik zu wenden und \u00fcber deren aktuelle Situation aufzukl\u00e4ren. Egal, ob an politische Funktionstr\u00e4ger ihrer Region, an Landtags-, Bundestags und bzw. oder EU-Parlamentarier ihrer Wahlkreise. Grund hierf\u00fcr war ein Schreiben von 25 Busunternehmern aus Ostwestfalen. In diesem Schreiben haben sie sich direkt an den Deutschen Bundestag gewendet und finanzielle Sofothilfe gefordert. <br><br><strong>Das Schreiben vom bdo, RDA und gbk k\u00f6nnen Sie hier downloaden:<\/strong><\/p>\n\n\n\n<div class=\"wp-block-file\"><a href=\"https:\/\/www.hansemondial.de\/blog\/wp-content\/uploads\/2020\/03\/Mitgliederinformation_BDO_RDA_gbk_2020_03_20.pdf\">Schreiben vom bdo, RDA und gbk<\/a><\/div>\n\n\n\n<h3 class=\"wp-block-heading\">Hilferuf aus der Busbranche<\/h3>\n\n\n\n<p>Die Stimmen aus der Busbranche werden immer lauter. Auch wenn schnelle finanzielle Hilfe vom Bund versprochen wird, beklagen viele Busunternehmen, dass die Beantragung zu lange dauert. Der Gro\u00dfteil der Unternehmen hat die Beantragung eines Schnellkredits \u00fcber die Hausbank vorgenommen. Durch die Vielzahl der Beantragungen kommt es u.a. zu Wartezeiten von mindestens drei Monaten. So lange k\u00f6nnen viele Busunternehmen gar nicht mehr \u00fcberleben. Selbst wenn ein Busunternehmer den Sofortkredit noch rechtzeitig erhalten w\u00fcrde, st\u00fcnden ihm lediglich maximal 9.000\u20ac zu. Aber reicht das um zu \u00fcberleben? H\u00f6chstens einen Monat, um alle Fixkosten zu decken.  <br><br>Um dieser Krise standzuhalten, bleibt vielen Busunternehmern nur eins: erfinderisch werden und \u00fcber den Tellerrand hinausschauen. <\/p>\n\n\n\n<h3 class=\"wp-block-heading\">Neue Wege gehen<\/h3>\n\n\n\n<p>Stecken jetzt alle Busunternehmer den Kopf in den Sand oder k\u00f6nnen sie der Krise standhalten?<br>Es gibt erste Busunternehmer, die bereits neue Wege einschlagen, um auch in der Krise zu \u00fcberleben. <br>Busreisen sind momentan bis auf Weiteres verboten. Was also tun? Umdenken ist gefragt! <br><a href=\"https:\/\/www.suedkurier.de\/ueberregional\/wirtschaft\/Vom-Busunternehmen-zum-Lieferdienst-Wie-die-Versorgung-in-Zeiten-der-Corona-Krise-aufrecht-erhalten-wird;art416,10476501?fbclid=IwAR022OSw-x3f49ogsRed2w2_bp-G-IW1bqlB4l0mL33R3cEJAEiePNvlxvo\">So nutzt ein Busunternehmer aus Baden-W\u00fcrttemberg seinen Fuhrpark f\u00fcr Lieferungen (Essen, Medikamente etc.) und unterst\u00fctzt so zugleich Menschen, die auf Hilfe angewiesen sind.<\/a><br>Das finden wir richtig klasse!<\/p>\n\n\n\n<figure class=\"wp-block-gallery alignleft columns-1 is-cropped wp-block-gallery-1 is-layout-flex wp-block-gallery-is-layout-flex\"><ul class=\"blocks-gallery-grid\"><li class=\"blocks-gallery-item\"><figure><img loading=\"lazy\" decoding=\"async\" width=\"410\" height=\"1024\" src=\"https:\/\/www.hansemondial.de\/blog\/wp-content\/uploads\/2020\/03\/Final_Busbranche-vs.-Coronavirus-1-410x1024.jpg\" alt=\"\" data-id=\"655\" data-full-url=\"https:\/\/www.hansemondial.de\/blog\/wp-content\/uploads\/2020\/03\/Final_Busbranche-vs.-Coronavirus-1.jpg\" data-link=\"https:\/\/www.hansemondial.de\/blog\/busbranche-vs-coronavirus\/final_busbranche-vs-coronavirus-1\/\" class=\"wp-image-655\" srcset=\"https:\/\/www.hansemondial.de\/blog\/wp-content\/uploads\/2020\/03\/Final_Busbranche-vs.-Coronavirus-1-410x1024.jpg 410w, https:\/\/www.hansemondial.de\/blog\/wp-content\/uploads\/2020\/03\/Final_Busbranche-vs.-Coronavirus-1-120x300.jpg 120w, https:\/\/www.hansemondial.de\/blog\/wp-content\/uploads\/2020\/03\/Final_Busbranche-vs.-Coronavirus-1-768x1920.jpg 768w, https:\/\/www.hansemondial.de\/blog\/wp-content\/uploads\/2020\/03\/Final_Busbranche-vs.-Coronavirus-1.jpg 800w\" sizes=\"auto, (max-width: 410px) 100vw, 410px\" \/><\/figure><\/li><\/ul><\/figure>\n\n\n\n<h3 class=\"wp-block-heading\">Umfrage unter Busunternehmern<\/h3>\n\n\n\n<p>Auch unsere Umfrage zeigt eindeutige Ergebnisse. Die Busbranche k\u00e4mpft zu 100% mit einbrechenden Ums\u00e4tzen. Einige m\u00fcssen aufgrund dessen Mitarbeiter entlassen bzw. m\u00fcssten es, wenn die Krise bis nach Ostern anh\u00e4lt. Die Gr\u00fcnde daf\u00fcr sind verschiedene, wie zum Beispiel die Absage von Events und Messen, Krankheitsf\u00e4lle der Reisenden sowie Liquidit\u00e4tsengp\u00e4sse. Gerade die finanzielle Lage bereitet vielen Unternehmern ernste Sorgen:  <em>\u201cWo kann ich staatliche Zusch\u00fcsse f\u00fcr die \u00dcberbr\u00fcckung der Umsatzausf\u00e4lle beantragen? Bis jetzt sind bereits 70.000 Euro Umsatzausfall durch Corona-Beschl\u00fcsse zu verzeichnen.\u201d<\/em><\/p>\n\n\n\n<p>Inwiefern sich der Coronavirus weiterhin auf die Busbranche auswirkt, werden die n\u00e4chsten Wochen zeigen. Hierzu erstellen wir derzeit eine weitere Infografik mit weiteren Ergebnissen.<\/p>\n\n\n\n<div class=\"wp-block-buttons aligncenter is-layout-flex wp-block-buttons-is-layout-flex\">\n<div class=\"wp-block-button\"><a class=\"wp-block-button__link has-background no-border-radius\" href=\"https:\/\/corona-navigator.de\/\" style=\"background-color:#3e7dbe\" target=\"_blank\" rel=\"noreferrer noopener\">Hier gibt es mehr Infos f\u00fcr den Tourismus<\/a><\/div>\n<\/div>\n\n\n\n<p><\/p>\n","protected":false},"excerpt":{"rendered":"<p>Mittlerweile hat der Coronavirus uns nicht nur privat fest im Griff, sondern zeigt bereits welche negativen Folgen sich in der Berufswelt bemerkbar machen. Allgemeine Infos zu Corona findet ihr hier in unserem Blogartikel. Mit negativen [&hellip;]<\/p>\n","protected":false},"author":2,"featured_media":634,"comment_status":"open","ping_status":"open","sticky":false,"template":"","format":"standard","meta":{"footnotes":""},"categories":[36],"tags":[32,64,15],"class_list":["post-633","post","type-post","status-publish","format-standard","has-post-thumbnail","hentry","category-hanse-mondial-insights","tag-bus","tag-busbranche","tag-buslogistik"],"yoast_head":"<!-- This site is optimized with the Yoast SEO plugin v25.9 - https:\/\/yoast.com\/wordpress\/plugins\/seo\/ -->\n<title>Busbranche vs. Coronavirus - Hanse Mondial Blog<\/title>\n<meta name=\"robots\" content=\"index, follow, max-snippet:-1, max-image-preview:large, max-video-preview:-1\" \/>\n<link rel=\"canonical\" href=\"https:\/\/www.hansemondial.de\/blog\/busbranche-vs-coronavirus\/\" \/>\n<meta property=\"og:locale\" content=\"de_DE\" \/>\n<meta property=\"og:type\" content=\"article\" \/>\n<meta property=\"og:title\" content=\"Busbranche vs. Coronavirus - Hanse Mondial Blog\" \/>\n<meta property=\"og:description\" content=\"Mittlerweile hat der Coronavirus uns nicht nur privat fest im Griff, sondern zeigt bereits welche negativen Folgen sich in der Berufswelt bemerkbar machen. Allgemeine Infos zu Corona findet ihr hier in unserem Blogartikel. Mit negativen [&hellip;]\" \/>\n<meta property=\"og:url\" content=\"https:\/\/www.hansemondial.de\/blog\/busbranche-vs-coronavirus\/\" \/>\n<meta property=\"og:site_name\" content=\"Hanse Mondial Blog\" \/>\n<meta property=\"article:publisher\" content=\"https:\/\/www.facebook.com\/HanseMondial\/\" \/>\n<meta property=\"article:published_time\" content=\"2020-03-25T14:25:00+00:00\" \/>\n<meta property=\"article:modified_time\" content=\"2020-04-20T12:45:36+00:00\" \/>\n<meta property=\"og:image\" content=\"https:\/\/www.hansemondial.de\/blog\/wp-content\/uploads\/2020\/03\/01762_HanseMondial_Soprasteria_140.jpg\" \/>\n\t<meta property=\"og:image:width\" content=\"2560\" \/>\n\t<meta property=\"og:image:height\" content=\"1707\" \/>\n\t<meta property=\"og:image:type\" content=\"image\/jpeg\" \/>\n<meta name=\"author\" content=\"Tim Derix\" \/>\n<meta name=\"twitter:card\" content=\"summary_large_image\" \/>\n<meta name=\"twitter:label1\" content=\"Verfasst von\" \/>\n\t<meta name=\"twitter:data1\" content=\"Tim Derix\" \/>\n\t<meta name=\"twitter:label2\" content=\"Gesch\u00e4tzte Lesezeit\" \/>\n\t<meta name=\"twitter:data2\" content=\"3\u00a0Minuten\" \/>\n<script type=\"application\/ld+json\" class=\"yoast-schema-graph\">{\"@context\":\"https:\/\/schema.org\",\"@graph\":[{\"@type\":\"Article\",\"@id\":\"https:\/\/www.hansemondial.de\/blog\/busbranche-vs-coronavirus\/#article\",\"isPartOf\":{\"@id\":\"https:\/\/www.hansemondial.de\/blog\/busbranche-vs-coronavirus\/\"},\"author\":{\"name\":\"Tim Derix\",\"@id\":\"https:\/\/www.hansemondial.de\/blog\/#\/schema\/person\/d8bfbb02246adfe2a289d6bf40ead0e3\"},\"headline\":\"Busbranche vs. Coronavirus\",\"datePublished\":\"2020-03-25T14:25:00+00:00\",\"dateModified\":\"2020-04-20T12:45:36+00:00\",\"mainEntityOfPage\":{\"@id\":\"https:\/\/www.hansemondial.de\/blog\/busbranche-vs-coronavirus\/\"},\"wordCount\":534,\"commentCount\":0,\"publisher\":{\"@id\":\"https:\/\/www.hansemondial.de\/blog\/#organization\"},\"image\":{\"@id\":\"https:\/\/www.hansemondial.de\/blog\/busbranche-vs-coronavirus\/#primaryimage\"},\"thumbnailUrl\":\"https:\/\/www.hansemondial.de\/blog\/wp-content\/uploads\/2020\/03\/01762_HanseMondial_Soprasteria_140.jpg\",\"keywords\":[\"Bus\",\"Busbranche\",\"Buslogistik\"],\"articleSection\":[\"Hanse Mondial Insights\"],\"inLanguage\":\"de\",\"potentialAction\":[{\"@type\":\"CommentAction\",\"name\":\"Comment\",\"target\":[\"https:\/\/www.hansemondial.de\/blog\/busbranche-vs-coronavirus\/#respond\"]}]},{\"@type\":\"WebPage\",\"@id\":\"https:\/\/www.hansemondial.de\/blog\/busbranche-vs-coronavirus\/\",\"url\":\"https:\/\/www.hansemondial.de\/blog\/busbranche-vs-coronavirus\/\",\"name\":\"Busbranche vs. Coronavirus - Hanse Mondial Blog\",\"isPartOf\":{\"@id\":\"https:\/\/www.hansemondial.de\/blog\/#website\"},\"primaryImageOfPage\":{\"@id\":\"https:\/\/www.hansemondial.de\/blog\/busbranche-vs-coronavirus\/#primaryimage\"},\"image\":{\"@id\":\"https:\/\/www.hansemondial.de\/blog\/busbranche-vs-coronavirus\/#primaryimage\"},\"thumbnailUrl\":\"https:\/\/www.hansemondial.de\/blog\/wp-content\/uploads\/2020\/03\/01762_HanseMondial_Soprasteria_140.jpg\",\"datePublished\":\"2020-03-25T14:25:00+00:00\",\"dateModified\":\"2020-04-20T12:45:36+00:00\",\"breadcrumb\":{\"@id\":\"https:\/\/www.hansemondial.de\/blog\/busbranche-vs-coronavirus\/#breadcrumb\"},\"inLanguage\":\"de\",\"potentialAction\":[{\"@type\":\"ReadAction\",\"target\":[\"https:\/\/www.hansemondial.de\/blog\/busbranche-vs-coronavirus\/\"]}]},{\"@type\":\"ImageObject\",\"inLanguage\":\"de\",\"@id\":\"https:\/\/www.hansemondial.de\/blog\/busbranche-vs-coronavirus\/#primaryimage\",\"url\":\"https:\/\/www.hansemondial.de\/blog\/wp-content\/uploads\/2020\/03\/01762_HanseMondial_Soprasteria_140.jpg\",\"contentUrl\":\"https:\/\/www.hansemondial.de\/blog\/wp-content\/uploads\/2020\/03\/01762_HanseMondial_Soprasteria_140.jpg\",\"width\":2560,\"height\":1707},{\"@type\":\"BreadcrumbList\",\"@id\":\"https:\/\/www.hansemondial.de\/blog\/busbranche-vs-coronavirus\/#breadcrumb\",\"itemListElement\":[{\"@type\":\"ListItem\",\"position\":1,\"name\":\"Startseite\",\"item\":\"https:\/\/www.hansemondial.de\/blog\/\"},{\"@type\":\"ListItem\",\"position\":2,\"name\":\"Busbranche vs. Coronavirus\"}]},{\"@type\":\"WebSite\",\"@id\":\"https:\/\/www.hansemondial.de\/blog\/#website\",\"url\":\"https:\/\/www.hansemondial.de\/blog\/\",\"name\":\"Hanse Mondial Blog\",\"description\":\"Der Buslogistik Blog\",\"publisher\":{\"@id\":\"https:\/\/www.hansemondial.de\/blog\/#organization\"},\"potentialAction\":[{\"@type\":\"SearchAction\",\"target\":{\"@type\":\"EntryPoint\",\"urlTemplate\":\"https:\/\/www.hansemondial.de\/blog\/?s={search_term_string}\"},\"query-input\":{\"@type\":\"PropertyValueSpecification\",\"valueRequired\":true,\"valueName\":\"search_term_string\"}}],\"inLanguage\":\"de\"},{\"@type\":\"Organization\",\"@id\":\"https:\/\/www.hansemondial.de\/blog\/#organization\",\"name\":\"Hanse Mondial GmbH\",\"url\":\"https:\/\/www.hansemondial.de\/blog\/\",\"logo\":{\"@type\":\"ImageObject\",\"inLanguage\":\"de\",\"@id\":\"https:\/\/www.hansemondial.de\/blog\/#\/schema\/logo\/image\/\",\"url\":\"https:\/\/www.hansemondial.de\/blog\/wp-content\/uploads\/2023\/06\/MicrosoftTeams-image-5.png\",\"contentUrl\":\"https:\/\/www.hansemondial.de\/blog\/wp-content\/uploads\/2023\/06\/MicrosoftTeams-image-5.png\",\"width\":300,\"height\":150,\"caption\":\"Hanse Mondial GmbH\"},\"image\":{\"@id\":\"https:\/\/www.hansemondial.de\/blog\/#\/schema\/logo\/image\/\"},\"sameAs\":[\"https:\/\/www.facebook.com\/HanseMondial\/\",\"https:\/\/www.instagram.com\/hansemondial_buslogistik\/\",\"https:\/\/sv.linkedin.com\/company\/hanse-mondial-gmbh\",\"https:\/\/www.youtube.com\/channel\/UCsvt7IF3WGv6rWNXykzugHA\"]},{\"@type\":\"Person\",\"@id\":\"https:\/\/www.hansemondial.de\/blog\/#\/schema\/person\/d8bfbb02246adfe2a289d6bf40ead0e3\",\"name\":\"Tim Derix\",\"image\":{\"@type\":\"ImageObject\",\"inLanguage\":\"de\",\"@id\":\"https:\/\/www.hansemondial.de\/blog\/#\/schema\/person\/image\/\",\"url\":\"https:\/\/secure.gravatar.com\/avatar\/ffcef1b65ae567f54b83e4e40171ae5cc4d36dad47078c89fe88308a4425b688?s=96&d=mm&r=g\",\"contentUrl\":\"https:\/\/secure.gravatar.com\/avatar\/ffcef1b65ae567f54b83e4e40171ae5cc4d36dad47078c89fe88308a4425b688?s=96&d=mm&r=g\",\"caption\":\"Tim Derix\"},\"url\":\"https:\/\/www.hansemondial.de\/blog\/author\/tderix\/\"}]}<\/script>\n<!-- \/ Yoast SEO plugin. -->","yoast_head_json":{"title":"Busbranche vs. Coronavirus - Hanse Mondial Blog","robots":{"index":"index","follow":"follow","max-snippet":"max-snippet:-1","max-image-preview":"max-image-preview:large","max-video-preview":"max-video-preview:-1"},"canonical":"https:\/\/www.hansemondial.de\/blog\/busbranche-vs-coronavirus\/","og_locale":"de_DE","og_type":"article","og_title":"Busbranche vs. Coronavirus - Hanse Mondial Blog","og_description":"Mittlerweile hat der Coronavirus uns nicht nur privat fest im Griff, sondern zeigt bereits welche negativen Folgen sich in der Berufswelt bemerkbar machen. Allgemeine Infos zu Corona findet ihr hier in unserem Blogartikel. Mit negativen [&hellip;]","og_url":"https:\/\/www.hansemondial.de\/blog\/busbranche-vs-coronavirus\/","og_site_name":"Hanse Mondial Blog","article_publisher":"https:\/\/www.facebook.com\/HanseMondial\/","article_published_time":"2020-03-25T14:25:00+00:00","article_modified_time":"2020-04-20T12:45:36+00:00","og_image":[{"width":2560,"height":1707,"url":"https:\/\/www.hansemondial.de\/blog\/wp-content\/uploads\/2020\/03\/01762_HanseMondial_Soprasteria_140.jpg","type":"image\/jpeg"}],"author":"Tim Derix","twitter_card":"summary_large_image","twitter_misc":{"Verfasst von":"Tim Derix","Gesch\u00e4tzte Lesezeit":"3\u00a0Minuten"},"schema":{"@context":"https:\/\/schema.org","@graph":[{"@type":"Article","@id":"https:\/\/www.hansemondial.de\/blog\/busbranche-vs-coronavirus\/#article","isPartOf":{"@id":"https:\/\/www.hansemondial.de\/blog\/busbranche-vs-coronavirus\/"},"author":{"name":"Tim Derix","@id":"https:\/\/www.hansemondial.de\/blog\/#\/schema\/person\/d8bfbb02246adfe2a289d6bf40ead0e3"},"headline":"Busbranche vs. Coronavirus","datePublished":"2020-03-25T14:25:00+00:00","dateModified":"2020-04-20T12:45:36+00:00","mainEntityOfPage":{"@id":"https:\/\/www.hansemondial.de\/blog\/busbranche-vs-coronavirus\/"},"wordCount":534,"commentCount":0,"publisher":{"@id":"https:\/\/www.hansemondial.de\/blog\/#organization"},"image":{"@id":"https:\/\/www.hansemondial.de\/blog\/busbranche-vs-coronavirus\/#primaryimage"},"thumbnailUrl":"https:\/\/www.hansemondial.de\/blog\/wp-content\/uploads\/2020\/03\/01762_HanseMondial_Soprasteria_140.jpg","keywords":["Bus","Busbranche","Buslogistik"],"articleSection":["Hanse Mondial Insights"],"inLanguage":"de","potentialAction":[{"@type":"CommentAction","name":"Comment","target":["https:\/\/www.hansemondial.de\/blog\/busbranche-vs-coronavirus\/#respond"]}]},{"@type":"WebPage","@id":"https:\/\/www.hansemondial.de\/blog\/busbranche-vs-coronavirus\/","url":"https:\/\/www.hansemondial.de\/blog\/busbranche-vs-coronavirus\/","name":"Busbranche vs. Coronavirus - Hanse Mondial Blog","isPartOf":{"@id":"https:\/\/www.hansemondial.de\/blog\/#website"},"primaryImageOfPage":{"@id":"https:\/\/www.hansemondial.de\/blog\/busbranche-vs-coronavirus\/#primaryimage"},"image":{"@id":"https:\/\/www.hansemondial.de\/blog\/busbranche-vs-coronavirus\/#primaryimage"},"thumbnailUrl":"https:\/\/www.hansemondial.de\/blog\/wp-content\/uploads\/2020\/03\/01762_HanseMondial_Soprasteria_140.jpg","datePublished":"2020-03-25T14:25:00+00:00","dateModified":"2020-04-20T12:45:36+00:00","breadcrumb":{"@id":"https:\/\/www.hansemondial.de\/blog\/busbranche-vs-coronavirus\/#breadcrumb"},"inLanguage":"de","potentialAction":[{"@type":"ReadAction","target":["https:\/\/www.hansemondial.de\/blog\/busbranche-vs-coronavirus\/"]}]},{"@type":"ImageObject","inLanguage":"de","@id":"https:\/\/www.hansemondial.de\/blog\/busbranche-vs-coronavirus\/#primaryimage","url":"https:\/\/www.hansemondial.de\/blog\/wp-content\/uploads\/2020\/03\/01762_HanseMondial_Soprasteria_140.jpg","contentUrl":"https:\/\/www.hansemondial.de\/blog\/wp-content\/uploads\/2020\/03\/01762_HanseMondial_Soprasteria_140.jpg","width":2560,"height":1707},{"@type":"BreadcrumbList","@id":"https:\/\/www.hansemondial.de\/blog\/busbranche-vs-coronavirus\/#breadcrumb","itemListElement":[{"@type":"ListItem","position":1,"name":"Startseite","item":"https:\/\/www.hansemondial.de\/blog\/"},{"@type":"ListItem","position":2,"name":"Busbranche vs. Coronavirus"}]},{"@type":"WebSite","@id":"https:\/\/www.hansemondial.de\/blog\/#website","url":"https:\/\/www.hansemondial.de\/blog\/","name":"Hanse Mondial Blog","description":"Der Buslogistik Blog","publisher":{"@id":"https:\/\/www.hansemondial.de\/blog\/#organization"},"potentialAction":[{"@type":"SearchAction","target":{"@type":"EntryPoint","urlTemplate":"https:\/\/www.hansemondial.de\/blog\/?s={search_term_string}"},"query-input":{"@type":"PropertyValueSpecification","valueRequired":true,"valueName":"search_term_string"}}],"inLanguage":"de"},{"@type":"Organization","@id":"https:\/\/www.hansemondial.de\/blog\/#organization","name":"Hanse Mondial GmbH","url":"https:\/\/www.hansemondial.de\/blog\/","logo":{"@type":"ImageObject","inLanguage":"de","@id":"https:\/\/www.hansemondial.de\/blog\/#\/schema\/logo\/image\/","url":"https:\/\/www.hansemondial.de\/blog\/wp-content\/uploads\/2023\/06\/MicrosoftTeams-image-5.png","contentUrl":"https:\/\/www.hansemondial.de\/blog\/wp-content\/uploads\/2023\/06\/MicrosoftTeams-image-5.png","width":300,"height":150,"caption":"Hanse Mondial GmbH"},"image":{"@id":"https:\/\/www.hansemondial.de\/blog\/#\/schema\/logo\/image\/"},"sameAs":["https:\/\/www.facebook.com\/HanseMondial\/","https:\/\/www.instagram.com\/hansemondial_buslogistik\/","https:\/\/sv.linkedin.com\/company\/hanse-mondial-gmbh","https:\/\/www.youtube.com\/channel\/UCsvt7IF3WGv6rWNXykzugHA"]},{"@type":"Person","@id":"https:\/\/www.hansemondial.de\/blog\/#\/schema\/person\/d8bfbb02246adfe2a289d6bf40ead0e3","name":"Tim Derix","image":{"@type":"ImageObject","inLanguage":"de","@id":"https:\/\/www.hansemondial.de\/blog\/#\/schema\/person\/image\/","url":"https:\/\/secure.gravatar.com\/avatar\/ffcef1b65ae567f54b83e4e40171ae5cc4d36dad47078c89fe88308a4425b688?s=96&d=mm&r=g","contentUrl":"https:\/\/secure.gravatar.com\/avatar\/ffcef1b65ae567f54b83e4e40171ae5cc4d36dad47078c89fe88308a4425b688?s=96&d=mm&r=g","caption":"Tim Derix"},"url":"https:\/\/www.hansemondial.de\/blog\/author\/tderix\/"}]}},"_links":{"self":[{"href":"https:\/\/www.hansemondial.de\/blog\/wp-json\/wp\/v2\/posts\/633","targetHints":{"allow":["GET"]}}],"collection":[{"href":"https:\/\/www.hansemondial.de\/blog\/wp-json\/wp\/v2\/posts"}],"about":[{"href":"https:\/\/www.hansemondial.de\/blog\/wp-json\/wp\/v2\/types\/post"}],"author":[{"embeddable":true,"href":"https:\/\/www.hansemondial.de\/blog\/wp-json\/wp\/v2\/users\/2"}],"replies":[{"embeddable":true,"href":"https:\/\/www.hansemondial.de\/blog\/wp-json\/wp\/v2\/comments?post=633"}],"version-history":[{"count":25,"href":"https:\/\/www.hansemondial.de\/blog\/wp-json\/wp\/v2\/posts\/633\/revisions"}],"predecessor-version":[{"id":777,"href":"https:\/\/www.hansemondial.de\/blog\/wp-json\/wp\/v2\/posts\/633\/revisions\/777"}],"wp:featuredmedia":[{"embeddable":true,"href":"https:\/\/www.hansemondial.de\/blog\/wp-json\/wp\/v2\/media\/634"}],"wp:attachment":[{"href":"https:\/\/www.hansemondial.de\/blog\/wp-json\/wp\/v2\/media?parent=633"}],"wp:term":[{"taxonomy":"category","embeddable":true,"href":"https:\/\/www.hansemondial.de\/blog\/wp-json\/wp\/v2\/categories?post=633"},{"taxonomy":"post_tag","embeddable":true,"href":"https:\/\/www.hansemondial.de\/blog\/wp-json\/wp\/v2\/tags?post=633"}],"curies":[{"name":"wp","href":"https:\/\/api.w.org\/{rel}","templated":true}]}}