{"id":520,"date":"2020-04-20T11:30:00","date_gmt":"2020-04-20T09:30:00","guid":{"rendered":"https:\/\/www.hansemondial.de\/blog\/?p=520"},"modified":"2023-11-13T17:51:22","modified_gmt":"2023-11-13T16:51:22","slug":"coronavirus-covid-19-gruppenreisen-das-solltet-ihr-wissen","status":"publish","type":"post","link":"https:\/\/www.hansemondial.de\/blog\/coronavirus-covid-19-gruppenreisen-das-solltet-ihr-wissen\/","title":{"rendered":"Coronavirus COVID-19 &#8211; Das solltet Ihr wissen! +++ UPDATE zu den Lockerungen +++ Hinweise zu Busreisen"},"content":{"rendered":"\n<p>Liebe Kunden, Partner und Branchen-Kollegen aus der Buslogistik, euch geht es sicherlich \u00e4hnlich wie uns. Nach mehreren Lockdowns in den letzten Monaten, stehen die ersten Lockerungen in den einzelnen Bundesl\u00e4ndern auf der Tagesordnung. Jedoch stiftet der Flickenteppich an unterschiedlichen Regelungen derzeit f\u00fcr Verwirrung. <br>Daher haben wir im Folgenden einige <strong>Informationsquellen, Checklisten<\/strong> <strong>&amp; Hinweise<\/strong> zum Umgang mit der neuartigen SARS-CoV-2 Infektion f\u00fcr euch zusammengetragen.<br><\/p>\n\n\n\n<div class=\"wp-block-group has-very-light-gray-background-color has-background\"><div class=\"wp-block-group__inner-container is-layout-flow wp-block-group-is-layout-flow\">\n<p><strong>Seit dem 01. Oktober gelten differenzierte Reisehinweise f\u00fcr alle L\u00e4nder weltweit. Die pauschale Reisewarnung wurde somit aufgehoben. F\u00fcr die ausgewiesenen Risikogebiete gilt dennoch die Reisewarnung.<\/strong><br><strong>Seit dem 12. Mai 2021 gelten neue Einreiseverodnungen, wenn du aus einem Risikogebiet nach Deutschland einreist.<\/strong> <br><strong><a href=\"https:\/\/www.bundesgesundheitsministerium.de\/service\/gesetze-und-verordnungen\/guv-19-lp\/coronaeinreisev.html\" target=\"_blank\" rel=\"noreferrer noopener\">Die genauen Bestimmungen findest du auf der Website des Bundesgesundheitsministeriums.<\/a><\/strong><br><br><strong>Weitere Informationen:<\/strong><br><strong><a rel=\"noreferrer noopener\" href=\"https:\/\/www.auswaertiges-amt.de\/de\/ReiseUndSicherheit\/covid-19\/2296762\" target=\"_blank\">Mehr Infos findet ihr auf der Website vom Ausw\u00e4rtigen Amt.<\/a><\/strong><\/p>\n<\/div><\/div>\n\n\n\n<h3 class=\"wp-block-heading\">Erste Anlaufstellen \u2013 Tagesaktuelle Informationen zu Corona<\/h3>\n\n\n\n<p>Offizielle, verl\u00e4ssliche und tagesaktuelle Informationen liefern das Bundesgesundheitsministerium und Robert Koch Institut:<\/p>\n\n\n\n<ul class=\"wp-block-list\">\n<li><a rel=\"noreferrer noopener\" aria-label=\"Tagesaktuelle Informationen (\u00f6ffnet in neuem Tab)\" href=\"https:\/\/www.bundesgesundheitsministerium.de\/coronavirus.html\" target=\"_blank\">Tagesaktuelle Informationen<\/a> vom Bundesministerium f\u00fcr Gesundheit<\/li>\n\n\n\n<li><a href=\"https:\/\/www.infektionsschutz.de\/coronavirus\/\" target=\"_blank\" rel=\"noreferrer noopener\">Informationen zum neuartigen Coronavirus SARS CoV 2<\/a> von der  Bundeszentrale f\u00fcr gesundheitliche Aufkl\u00e4rung <\/li>\n\n\n\n<li><a rel=\"noreferrer noopener\" aria-label=\"SARS-CoV-2&nbsp;Steckbrief zur&nbsp;Coronavirus-Krankheit-2019 (COVID-19) (\u00f6ffnet in neuem Tab)\" href=\"https:\/\/www.rki.de\/DE\/Content\/InfAZ\/N\/Neuartiges_Coronavirus\/Steckbrief.html\" target=\"_blank\"><abbr title=\"Schweres Akutes Respiratorisches Syndrom Coronavirus 2\">SARS-CoV-2<\/abbr>&nbsp;Steckbrief zur&nbsp;<abbr title=\"CoV\">Coronavirus<\/abbr>-Krankheit-2019 (COVID-19)<\/a> vom Robert Koch Institut<\/li>\n\n\n\n<li>Aktuelle <a rel=\"noreferrer noopener\" aria-label=\"Risikobewertung zu COVID-19 (\u00f6ffnet in neuem Tab)\" href=\"https:\/\/www.rki.de\/DE\/Content\/InfAZ\/N\/Neuartiges_Coronavirus\/Risikobewertung.html\" target=\"_blank\">Risikobewertung zu COVID-19<\/a> vom Robert Koch Institut<\/li>\n<\/ul>\n\n\n\n<h3 class=\"wp-block-heading\"><br>Kann ich aktuell mit dem Reisebus fahren?<\/h3>\n\n\n\n<p>Die Antwort auf die Frage lautet: <strong>Ja.<\/strong> Nat\u00fcrlich gelten ein paar Einschr\u00e4nkungen, wenn ihr mit dem Bus eure n\u00e4chste Reise oder Ausflug plant. <br>Ihr seid euch noch unsicher, ob ihr eure geplante Reise mit dem Bus wie urspr\u00fcnglich geplant, umsetzen k\u00f6nnt? An dieser Stelle <strong>helfen wir euch gerne weiter und unterst\u00fctzen euch in der gesamten Planung.<\/strong><\/p>\n\n\n\n<div class=\"wp-block-buttons is-horizontal is-content-justification-center is-layout-flex wp-container-core-buttons-is-layout-499968f5 wp-block-buttons-is-layout-flex\">\n<div class=\"wp-block-button\"><a class=\"wp-block-button__link has-background wp-element-button\" href=\"https:\/\/www.hansemondial.de\/de\/bus-mieten\/\" style=\"background-color:#3e7dbe\" target=\"_blank\" rel=\"noreferrer noopener\">Sprich uns an!<\/a><\/div>\n<\/div>\n\n\n\n<h3 class=\"wp-block-heading\">Was sollte ich bei einer Fahrt im Reisebus bzw. einer gr\u00f6\u00dferen Gruppe beachten?<\/h3>\n\n\n\n<div class=\"wp-block-group\"><div class=\"wp-block-group__inner-container is-layout-flow wp-block-group-is-layout-flow\">\n<p><br><strong>Tragen einer Mund-Nase Bedeckung<\/strong><br>Mittlerweile ist es bundesweit erforderlich in Gesch\u00e4ften und Superm\u00e4rkten, im \u00f6ffentlichen Nahverkehr sowie im Fernreiseverkehr einen <strong>Mundschutz<\/strong> zu tragen. Dieser Mundschutz muss eine <strong>medizinische Maske<\/strong> (<strong>OP-Maske <\/strong>oder <strong>FFP-2 \/ FFP-3 Maske<\/strong>) sein. Ein Mundschutz aus Stoff ist nicht erlaubt. Wenn du also eine Fahrt in einem Reisebus antrittst. <strong>Weitere n\u00fctzliche Hinweise findest du in unserer <a rel=\"noreferrer noopener\" href=\"https:\/\/www.hansemondial.de\/de\/corona-update\/\" target=\"_blank\">Infostrecke<\/a>.<\/strong><\/p>\n<\/div><\/div>\n\n\n\n<div class=\"wp-block-button\"><a class=\"wp-block-button__link has-background wp-element-button\" href=\"https:\/\/www.hansemondial.de\/de\/corona-update\/\" style=\"background-color:#3e7dbe\" target=\"_blank\" rel=\"noreferrer noopener\">Sicher mit dem Bus reisen &#8211; Digitale Infostrecke<\/a><\/div>\n\n\n\n<p><strong>H\u00e4nde waschen<\/strong><br>Es wird momentan \u00fcberall wiederholt, aber man kann es sich nicht oft genug sagen. <strong><a aria-label=\"H\u00e4nde waschen! (\u00f6ffnet in neuem Tab)\" rel=\"noreferrer noopener\" href=\"https:\/\/www.infektionsschutz.de\/haendewaschen\/\" target=\"_blank\">H\u00e4nde waschen!<\/a> <\/strong>Die H\u00e4nde sind die Nummer eins bei der \u00dcbertragung von Krankheitserregern.<\/p>\n\n\n\n<p><strong>Abstand halten<\/strong><br>Die r\u00e4umlichen Gegebenheiten in einem Bus sind naturgem\u00e4\u00df etwas enger. Daher kann es bereits helfen, wenn du beim Ein- und Aussteigen darauf achtest, dass du <strong>mindestens 1,5 Meter Abstand<\/strong> zu deinem Nebenmann h\u00e4ltst.<br>Wichtig: Beim Ein- sowie Aussteigen bitte <strong>nur die hintere T\u00fcr<\/strong> des Reisebusses nutzen!<\/p>\n\n\n\n<p><strong>R\u00fcckverfolgbarkeit<\/strong><br>Das Robert Koch Institut weist zudem darauf hin, dass die R\u00fcckverfolgbarkeit von Kontaktpersonen bei gr\u00f6\u00dferen Gruppen oft <strong>schwierig<\/strong> ist. In Restaurants ist es mittlerweile \u00fcblich, dass man seine<strong> Kontaktdaten zur R\u00fcckverfolgbarkeit <\/strong>hinterl\u00e4sst. Dieser Prozess wird bereits h\u00e4ufig digital gel\u00f6st, um dort ebenfalls die Infektionsgefahr zu minimieren. So wird es auch bei Busreisen gehandhabt. Zudem seid ihr im Reisebus in einer geschlossenen Gruppe unterwegs, was die R\u00fcckverfolgbarkeit im Vergleich zu anderen Reiseverkehrsmitteln vereinfacht. Zudem wird das Infektionsrisiko gleichzeitig minimiert. <\/p>\n\n\n\n<p><strong>Kontaktfl\u00e4chen<\/strong><br>Eine Busreise ist meist ein <strong>geselliges Event <\/strong>und lebt von der Interaktion von Menschen. Auch in Zeiten von Corona ist eine Gruppenreise mit dem Reisebus kein Problem.<br><strong>Ein bewusster Umgang mit nicht notwendigen Kontaktfl\u00e4chen<\/strong> helfen das Risiko zu minimieren. <br>Gibt es Alternativen zu Badges, die zur Kennzeichnung und Registrierung der Teilnehmer ausgegeben werden sollten? <br>Muss ich jede Haltestange anfassen? Kann ich meine eigene Wasserflasche mitbringen? Habe ich Taschent\u00fccher dabei? Fragen, die man sich definitiv in der heutigen Zeit stellen sollte.<\/p>\n\n\n\n<h3 class=\"wp-block-heading\">Das Hygienekonzept f\u00fcr den Reisebus<\/h3>\n\n\n\n<figure class=\"wp-block-embed is-type-video is-provider-youtube wp-block-embed-youtube wp-embed-aspect-16-9 wp-has-aspect-ratio\"><div class=\"wp-block-embed__wrapper\">\n<div class=\"olsen-light-responsive-embed\"><iframe loading=\"lazy\" title=\"Hygienekonzept Reisebus - Busreisen, aber sicher!\" width=\"665\" height=\"374\" src=\"https:\/\/www.youtube.com\/embed\/s5QOSO1xm4A?feature=oembed\" frameborder=\"0\" allow=\"accelerometer; autoplay; clipboard-write; encrypted-media; gyroscope; picture-in-picture; web-share\" referrerpolicy=\"strict-origin-when-cross-origin\" allowfullscreen><\/iframe><\/div>\n<\/div><figcaption class=\"wp-element-caption\"><strong><a href=\"https:\/\/youtu.be\/s5QOSO1xm4A\" target=\"_blank\" rel=\"noreferrer noopener\">Sicher Busreisen in Zeiten von Corona, egal ob in gro\u00dfer oder kleiner Gruppe.<\/a><\/strong><\/figcaption><\/figure>\n\n\n\n<h3 class=\"wp-block-heading\">Was passiert wenn eine Reise oder Veranstaltung abgesagt wird?<\/h3>\n\n\n\n<p><strong>Reise:<\/strong><br>Was tun, wenn die geplante Reise nicht mehr stattfinden kann?<br>1. Informieren Sie sich \u00fcber die <strong>aktuelle Lage im Reiseland<\/strong>. Es kann t\u00e4glich zu \u00c4nderungen kommen!<br>2. Viele Anbieter im Tourismusbereich bieten bereits kostenlose und <strong>flexible Stornierungen<\/strong> f\u00fcr ihre Kunden an. Auch werden Reisegutscheine ausgestellt, die man auch noch im n\u00e4chsten Jahr einl\u00f6sen kann. Kontaktiere am besten direkt den Anbieter.<br><strong>Auch wir bieten dir flexible Stornierungsbedingungen an.<\/strong><br><strong><a aria-label=\" (\u00f6ffnet in neuem Tab)\" rel=\"noreferrer noopener\" href=\"https:\/\/www.hansemondial.de\/de\/startseite\/\" target=\"_blank\">Sprich uns einfach an!<\/a> <\/strong><br><strong><br>Veranstaltung:<\/strong><br>Sofern eine <strong>beh\u00f6rdliche Anordnung<\/strong> (wie z.B. Veranstaltungen mit einer bestimmten Personenanzahl) vorliegt, stellt dies einen <strong>Fall von h\u00f6herer Gewalt<\/strong> dar. Anders ist es, wenn die Veranstaltung &#8222;freiwillig&#8220; abgesagt wird, denn dann greift nicht das Gesetz der h\u00f6heren Gewalt.<br>Ob eine Veranstaltung letzendlich stattfinden kann, h\u00e4ngt von den Regelungen des einzelnen Bundeslandes ab. Durch die beschlossene Bundesnotbremse werden entsprechende Ma\u00dfnahme nach den Inzidenzzahlen beschlossen. <a href=\"https:\/\/www.evvc.org\/article\/evvc-informiert-i-corona-rechtsverordnungen-deutschland-oesterreich-und-schweiz\" target=\"_blank\" rel=\"noreferrer noopener\">Hier gibt es eine aktuelle \u00dcbersicht.<\/a><br><br><strong>Weitere Tipps<\/strong> zu den Fragen &#8222;Wer haftet im Fall einer Veranstaltungsabsage?&#8220; oder &#8222;F\u00fcr welche Sch\u00e4den haftet der Veranstalter?&#8220; findet ihr <a rel=\"noreferrer noopener\" href=\"https:\/\/www.daniel-hagelskamp.de\/standpunkte\/covid-19\/schadenersatzansprueche-wegen-corona-virus\" target=\"_blank\">hier<\/a> sowie hier: <a rel=\"noreferrer noopener\" href=\"https:\/\/eventfaq.de\/coronavirus\/#1583138811500-0585d8a8-61fc\" target=\"_blank\">Beispiel aus der Praxis<\/a>&nbsp; (Eventrecht Expertise).<\/p>\n\n\n\n<h3 class=\"wp-block-heading\">Sicher dank regelm\u00e4\u00dfiger Tests und Impfungen<\/h3>\n\n\n\n<p>Seit Anfang diesem Jahr ist nicht nur die Corona-Impfkampagne in Deutschland gestartet, sondern auch die Teststrategie wurde ausgeweitet. Seit M\u00e4rz 2021 gilt das Angebot, dass sich die B\u00fcrger einmal pro Woche kostenlos mittels Schnelltest auf Corona testen k\u00f6nnen. <br>Auch wir von <strong>Hanse Mondial<\/strong> tragen mit unserem <strong><a href=\"https:\/\/www.hansemondial.de\/de\/business-event\/corona-testbus\" target=\"_blank\" rel=\"noreferrer noopener\">Kooperationsprojekt GoTestMe<\/a><\/strong> zu der Teststrategie bei. Seit Februar 2021 rollen umgebaute Reisebusse durch ganz Deutschland, um Mitarbeiter von Unternehmen, aber auch B\u00fcrger zu testen. Zur Verf\u00fcgung stehen Antigen-Schnelltests und Premium-Schnelltests, die innerhalb von 15 Minuten ein Ergebnis liefern, zur Verf\u00fcgung. Auch PCR-Tests, die nach 24 Stunden ein Ergebnis liefern, werden angeboten.&nbsp;<\/p>\n\n\n\n<h3 class=\"wp-block-heading\">Fazit zu COVID-19 &amp; Busreisen in Deutschland<\/h3>\n\n\n\n<p>Beachte aktuelle Informationen und die weitere Entwicklung der Lage. Hierbei sind insbesondere die Aussagen der oben genannten Instanzen, wie dem <strong><a href=\"https:\/\/www.rki.de\/DE\/Home\/homepage_node.html\" target=\"_blank\" rel=\"noreferrer noopener\">Robert Koch Institut<\/a><\/strong> zu ber\u00fccksichtigen, um eine fundierte, sachliche und faktenbasierte Entscheidung treffen zu k\u00f6nnen.<\/p>\n\n\n\n<p>Weitere Informationen zu den Auswirkungen auf die Busbranche aufgrund des Coronavirus findet ihr ebenfalls in unserem <a href=\"https:\/\/www.hansemondial.de\/blog\/busbranche-vs-coronavirus\/\" target=\"_blank\" rel=\"noreferrer noopener\">Blogartikel<\/a>. <br>Bleibt gesund!<\/p>\n","protected":false},"excerpt":{"rendered":"<p>Liebe Kunden, Partner und Branchen-Kollegen aus der Buslogistik, euch geht es sicherlich \u00e4hnlich wie uns. Nach mehreren Lockdowns in den letzten Monaten, stehen die ersten Lockerungen in den einzelnen Bundesl\u00e4ndern auf der Tagesordnung. Jedoch stiftet [&hellip;]<\/p>\n","protected":false},"author":2,"featured_media":523,"comment_status":"open","ping_status":"open","sticky":false,"template":"","format":"standard","meta":{"footnotes":""},"categories":[7,4],"tags":[54,55],"class_list":["post-520","post","type-post","status-publish","format-standard","has-post-thumbnail","hentry","category-checkliste","category-planung","tag-coronavirus","tag-information"],"yoast_head":"<!-- This site is optimized with the Yoast SEO plugin v25.9 - https:\/\/yoast.com\/wordpress\/plugins\/seo\/ -->\n<title>Coronavirus COVID-19 - Das solltet Ihr wissen! +++ UPDATE zu den Lockerungen +++ Hinweise zu Busreisen - Hanse Mondial Blog<\/title>\n<meta name=\"robots\" content=\"index, follow, max-snippet:-1, max-image-preview:large, max-video-preview:-1\" \/>\n<link rel=\"canonical\" href=\"https:\/\/www.hansemondial.de\/blog\/coronavirus-covid-19-gruppenreisen-das-solltet-ihr-wissen\/\" \/>\n<meta property=\"og:locale\" content=\"de_DE\" \/>\n<meta property=\"og:type\" content=\"article\" \/>\n<meta property=\"og:title\" content=\"Coronavirus COVID-19 - Das solltet Ihr wissen! +++ UPDATE zu den Lockerungen +++ Hinweise zu Busreisen - Hanse Mondial Blog\" \/>\n<meta property=\"og:description\" content=\"Liebe Kunden, Partner und Branchen-Kollegen aus der Buslogistik, euch geht es sicherlich \u00e4hnlich wie uns. Nach mehreren Lockdowns in den letzten Monaten, stehen die ersten Lockerungen in den einzelnen Bundesl\u00e4ndern auf der Tagesordnung. Jedoch stiftet [&hellip;]\" \/>\n<meta property=\"og:url\" content=\"https:\/\/www.hansemondial.de\/blog\/coronavirus-covid-19-gruppenreisen-das-solltet-ihr-wissen\/\" \/>\n<meta property=\"og:site_name\" content=\"Hanse Mondial Blog\" \/>\n<meta property=\"article:publisher\" content=\"https:\/\/www.facebook.com\/HanseMondial\/\" \/>\n<meta property=\"article:published_time\" content=\"2020-04-20T09:30:00+00:00\" \/>\n<meta property=\"article:modified_time\" content=\"2023-11-13T16:51:22+00:00\" \/>\n<meta property=\"og:image\" content=\"https:\/\/www.hansemondial.de\/blog\/wp-content\/uploads\/2020\/03\/Corona_COVID-19.jpg\" \/>\n\t<meta property=\"og:image:width\" content=\"665\" \/>\n\t<meta property=\"og:image:height\" content=\"374\" \/>\n\t<meta property=\"og:image:type\" content=\"image\/jpeg\" \/>\n<meta name=\"author\" content=\"Tim Derix\" \/>\n<meta name=\"twitter:card\" content=\"summary_large_image\" \/>\n<meta name=\"twitter:label1\" content=\"Verfasst von\" \/>\n\t<meta name=\"twitter:data1\" content=\"Tim Derix\" \/>\n\t<meta name=\"twitter:label2\" content=\"Gesch\u00e4tzte Lesezeit\" \/>\n\t<meta name=\"twitter:data2\" content=\"5\u00a0Minuten\" \/>\n<script type=\"application\/ld+json\" class=\"yoast-schema-graph\">{\"@context\":\"https:\/\/schema.org\",\"@graph\":[{\"@type\":\"Article\",\"@id\":\"https:\/\/www.hansemondial.de\/blog\/coronavirus-covid-19-gruppenreisen-das-solltet-ihr-wissen\/#article\",\"isPartOf\":{\"@id\":\"https:\/\/www.hansemondial.de\/blog\/coronavirus-covid-19-gruppenreisen-das-solltet-ihr-wissen\/\"},\"author\":{\"name\":\"Tim Derix\",\"@id\":\"https:\/\/www.hansemondial.de\/blog\/#\/schema\/person\/d8bfbb02246adfe2a289d6bf40ead0e3\"},\"headline\":\"Coronavirus COVID-19 &#8211; Das solltet Ihr wissen! +++ UPDATE zu den Lockerungen +++ Hinweise zu Busreisen\",\"datePublished\":\"2020-04-20T09:30:00+00:00\",\"dateModified\":\"2023-11-13T16:51:22+00:00\",\"mainEntityOfPage\":{\"@id\":\"https:\/\/www.hansemondial.de\/blog\/coronavirus-covid-19-gruppenreisen-das-solltet-ihr-wissen\/\"},\"wordCount\":1000,\"commentCount\":12,\"publisher\":{\"@id\":\"https:\/\/www.hansemondial.de\/blog\/#organization\"},\"image\":{\"@id\":\"https:\/\/www.hansemondial.de\/blog\/coronavirus-covid-19-gruppenreisen-das-solltet-ihr-wissen\/#primaryimage\"},\"thumbnailUrl\":\"https:\/\/www.hansemondial.de\/blog\/wp-content\/uploads\/2020\/03\/Corona_COVID-19.jpg\",\"keywords\":[\"Coronavirus\",\"Information\"],\"articleSection\":[\"Checkliste\",\"Planung\"],\"inLanguage\":\"de\",\"potentialAction\":[{\"@type\":\"CommentAction\",\"name\":\"Comment\",\"target\":[\"https:\/\/www.hansemondial.de\/blog\/coronavirus-covid-19-gruppenreisen-das-solltet-ihr-wissen\/#respond\"]}]},{\"@type\":\"WebPage\",\"@id\":\"https:\/\/www.hansemondial.de\/blog\/coronavirus-covid-19-gruppenreisen-das-solltet-ihr-wissen\/\",\"url\":\"https:\/\/www.hansemondial.de\/blog\/coronavirus-covid-19-gruppenreisen-das-solltet-ihr-wissen\/\",\"name\":\"Coronavirus COVID-19 - Das solltet Ihr wissen! +++ UPDATE zu den Lockerungen +++ Hinweise zu Busreisen - Hanse Mondial Blog\",\"isPartOf\":{\"@id\":\"https:\/\/www.hansemondial.de\/blog\/#website\"},\"primaryImageOfPage\":{\"@id\":\"https:\/\/www.hansemondial.de\/blog\/coronavirus-covid-19-gruppenreisen-das-solltet-ihr-wissen\/#primaryimage\"},\"image\":{\"@id\":\"https:\/\/www.hansemondial.de\/blog\/coronavirus-covid-19-gruppenreisen-das-solltet-ihr-wissen\/#primaryimage\"},\"thumbnailUrl\":\"https:\/\/www.hansemondial.de\/blog\/wp-content\/uploads\/2020\/03\/Corona_COVID-19.jpg\",\"datePublished\":\"2020-04-20T09:30:00+00:00\",\"dateModified\":\"2023-11-13T16:51:22+00:00\",\"breadcrumb\":{\"@id\":\"https:\/\/www.hansemondial.de\/blog\/coronavirus-covid-19-gruppenreisen-das-solltet-ihr-wissen\/#breadcrumb\"},\"inLanguage\":\"de\",\"potentialAction\":[{\"@type\":\"ReadAction\",\"target\":[\"https:\/\/www.hansemondial.de\/blog\/coronavirus-covid-19-gruppenreisen-das-solltet-ihr-wissen\/\"]}]},{\"@type\":\"ImageObject\",\"inLanguage\":\"de\",\"@id\":\"https:\/\/www.hansemondial.de\/blog\/coronavirus-covid-19-gruppenreisen-das-solltet-ihr-wissen\/#primaryimage\",\"url\":\"https:\/\/www.hansemondial.de\/blog\/wp-content\/uploads\/2020\/03\/Corona_COVID-19.jpg\",\"contentUrl\":\"https:\/\/www.hansemondial.de\/blog\/wp-content\/uploads\/2020\/03\/Corona_COVID-19.jpg\",\"width\":16000,\"height\":9000},{\"@type\":\"BreadcrumbList\",\"@id\":\"https:\/\/www.hansemondial.de\/blog\/coronavirus-covid-19-gruppenreisen-das-solltet-ihr-wissen\/#breadcrumb\",\"itemListElement\":[{\"@type\":\"ListItem\",\"position\":1,\"name\":\"Startseite\",\"item\":\"https:\/\/www.hansemondial.de\/blog\/\"},{\"@type\":\"ListItem\",\"position\":2,\"name\":\"Coronavirus COVID-19 &#8211; Das solltet Ihr wissen! +++ UPDATE zu den Lockerungen +++ Hinweise zu Busreisen\"}]},{\"@type\":\"WebSite\",\"@id\":\"https:\/\/www.hansemondial.de\/blog\/#website\",\"url\":\"https:\/\/www.hansemondial.de\/blog\/\",\"name\":\"Hanse Mondial Blog\",\"description\":\"Der Buslogistik Blog\",\"publisher\":{\"@id\":\"https:\/\/www.hansemondial.de\/blog\/#organization\"},\"potentialAction\":[{\"@type\":\"SearchAction\",\"target\":{\"@type\":\"EntryPoint\",\"urlTemplate\":\"https:\/\/www.hansemondial.de\/blog\/?s={search_term_string}\"},\"query-input\":{\"@type\":\"PropertyValueSpecification\",\"valueRequired\":true,\"valueName\":\"search_term_string\"}}],\"inLanguage\":\"de\"},{\"@type\":\"Organization\",\"@id\":\"https:\/\/www.hansemondial.de\/blog\/#organization\",\"name\":\"Hanse Mondial GmbH\",\"url\":\"https:\/\/www.hansemondial.de\/blog\/\",\"logo\":{\"@type\":\"ImageObject\",\"inLanguage\":\"de\",\"@id\":\"https:\/\/www.hansemondial.de\/blog\/#\/schema\/logo\/image\/\",\"url\":\"https:\/\/www.hansemondial.de\/blog\/wp-content\/uploads\/2023\/06\/MicrosoftTeams-image-5.png\",\"contentUrl\":\"https:\/\/www.hansemondial.de\/blog\/wp-content\/uploads\/2023\/06\/MicrosoftTeams-image-5.png\",\"width\":300,\"height\":150,\"caption\":\"Hanse Mondial GmbH\"},\"image\":{\"@id\":\"https:\/\/www.hansemondial.de\/blog\/#\/schema\/logo\/image\/\"},\"sameAs\":[\"https:\/\/www.facebook.com\/HanseMondial\/\",\"https:\/\/www.instagram.com\/hansemondial_buslogistik\/\",\"https:\/\/sv.linkedin.com\/company\/hanse-mondial-gmbh\",\"https:\/\/www.youtube.com\/channel\/UCsvt7IF3WGv6rWNXykzugHA\"]},{\"@type\":\"Person\",\"@id\":\"https:\/\/www.hansemondial.de\/blog\/#\/schema\/person\/d8bfbb02246adfe2a289d6bf40ead0e3\",\"name\":\"Tim Derix\",\"image\":{\"@type\":\"ImageObject\",\"inLanguage\":\"de\",\"@id\":\"https:\/\/www.hansemondial.de\/blog\/#\/schema\/person\/image\/\",\"url\":\"https:\/\/secure.gravatar.com\/avatar\/ffcef1b65ae567f54b83e4e40171ae5cc4d36dad47078c89fe88308a4425b688?s=96&d=mm&r=g\",\"contentUrl\":\"https:\/\/secure.gravatar.com\/avatar\/ffcef1b65ae567f54b83e4e40171ae5cc4d36dad47078c89fe88308a4425b688?s=96&d=mm&r=g\",\"caption\":\"Tim Derix\"},\"url\":\"https:\/\/www.hansemondial.de\/blog\/author\/tderix\/\"}]}<\/script>\n<!-- \/ Yoast SEO plugin. -->","yoast_head_json":{"title":"Coronavirus COVID-19 - Das solltet Ihr wissen! +++ UPDATE zu den Lockerungen +++ Hinweise zu Busreisen - Hanse Mondial Blog","robots":{"index":"index","follow":"follow","max-snippet":"max-snippet:-1","max-image-preview":"max-image-preview:large","max-video-preview":"max-video-preview:-1"},"canonical":"https:\/\/www.hansemondial.de\/blog\/coronavirus-covid-19-gruppenreisen-das-solltet-ihr-wissen\/","og_locale":"de_DE","og_type":"article","og_title":"Coronavirus COVID-19 - Das solltet Ihr wissen! +++ UPDATE zu den Lockerungen +++ Hinweise zu Busreisen - Hanse Mondial Blog","og_description":"Liebe Kunden, Partner und Branchen-Kollegen aus der Buslogistik, euch geht es sicherlich \u00e4hnlich wie uns. Nach mehreren Lockdowns in den letzten Monaten, stehen die ersten Lockerungen in den einzelnen Bundesl\u00e4ndern auf der Tagesordnung. Jedoch stiftet [&hellip;]","og_url":"https:\/\/www.hansemondial.de\/blog\/coronavirus-covid-19-gruppenreisen-das-solltet-ihr-wissen\/","og_site_name":"Hanse Mondial Blog","article_publisher":"https:\/\/www.facebook.com\/HanseMondial\/","article_published_time":"2020-04-20T09:30:00+00:00","article_modified_time":"2023-11-13T16:51:22+00:00","og_image":[{"url":"https:\/\/www.hansemondial.de\/blog\/wp-content\/uploads\/2020\/03\/Corona_COVID-19.jpg","width":665,"height":374,"type":"image\/jpeg"}],"author":"Tim Derix","twitter_card":"summary_large_image","twitter_misc":{"Verfasst von":"Tim Derix","Gesch\u00e4tzte Lesezeit":"5\u00a0Minuten"},"schema":{"@context":"https:\/\/schema.org","@graph":[{"@type":"Article","@id":"https:\/\/www.hansemondial.de\/blog\/coronavirus-covid-19-gruppenreisen-das-solltet-ihr-wissen\/#article","isPartOf":{"@id":"https:\/\/www.hansemondial.de\/blog\/coronavirus-covid-19-gruppenreisen-das-solltet-ihr-wissen\/"},"author":{"name":"Tim Derix","@id":"https:\/\/www.hansemondial.de\/blog\/#\/schema\/person\/d8bfbb02246adfe2a289d6bf40ead0e3"},"headline":"Coronavirus COVID-19 &#8211; Das solltet Ihr wissen! +++ UPDATE zu den Lockerungen +++ Hinweise zu Busreisen","datePublished":"2020-04-20T09:30:00+00:00","dateModified":"2023-11-13T16:51:22+00:00","mainEntityOfPage":{"@id":"https:\/\/www.hansemondial.de\/blog\/coronavirus-covid-19-gruppenreisen-das-solltet-ihr-wissen\/"},"wordCount":1000,"commentCount":12,"publisher":{"@id":"https:\/\/www.hansemondial.de\/blog\/#organization"},"image":{"@id":"https:\/\/www.hansemondial.de\/blog\/coronavirus-covid-19-gruppenreisen-das-solltet-ihr-wissen\/#primaryimage"},"thumbnailUrl":"https:\/\/www.hansemondial.de\/blog\/wp-content\/uploads\/2020\/03\/Corona_COVID-19.jpg","keywords":["Coronavirus","Information"],"articleSection":["Checkliste","Planung"],"inLanguage":"de","potentialAction":[{"@type":"CommentAction","name":"Comment","target":["https:\/\/www.hansemondial.de\/blog\/coronavirus-covid-19-gruppenreisen-das-solltet-ihr-wissen\/#respond"]}]},{"@type":"WebPage","@id":"https:\/\/www.hansemondial.de\/blog\/coronavirus-covid-19-gruppenreisen-das-solltet-ihr-wissen\/","url":"https:\/\/www.hansemondial.de\/blog\/coronavirus-covid-19-gruppenreisen-das-solltet-ihr-wissen\/","name":"Coronavirus COVID-19 - Das solltet Ihr wissen! +++ UPDATE zu den Lockerungen +++ Hinweise zu Busreisen - Hanse Mondial Blog","isPartOf":{"@id":"https:\/\/www.hansemondial.de\/blog\/#website"},"primaryImageOfPage":{"@id":"https:\/\/www.hansemondial.de\/blog\/coronavirus-covid-19-gruppenreisen-das-solltet-ihr-wissen\/#primaryimage"},"image":{"@id":"https:\/\/www.hansemondial.de\/blog\/coronavirus-covid-19-gruppenreisen-das-solltet-ihr-wissen\/#primaryimage"},"thumbnailUrl":"https:\/\/www.hansemondial.de\/blog\/wp-content\/uploads\/2020\/03\/Corona_COVID-19.jpg","datePublished":"2020-04-20T09:30:00+00:00","dateModified":"2023-11-13T16:51:22+00:00","breadcrumb":{"@id":"https:\/\/www.hansemondial.de\/blog\/coronavirus-covid-19-gruppenreisen-das-solltet-ihr-wissen\/#breadcrumb"},"inLanguage":"de","potentialAction":[{"@type":"ReadAction","target":["https:\/\/www.hansemondial.de\/blog\/coronavirus-covid-19-gruppenreisen-das-solltet-ihr-wissen\/"]}]},{"@type":"ImageObject","inLanguage":"de","@id":"https:\/\/www.hansemondial.de\/blog\/coronavirus-covid-19-gruppenreisen-das-solltet-ihr-wissen\/#primaryimage","url":"https:\/\/www.hansemondial.de\/blog\/wp-content\/uploads\/2020\/03\/Corona_COVID-19.jpg","contentUrl":"https:\/\/www.hansemondial.de\/blog\/wp-content\/uploads\/2020\/03\/Corona_COVID-19.jpg","width":16000,"height":9000},{"@type":"BreadcrumbList","@id":"https:\/\/www.hansemondial.de\/blog\/coronavirus-covid-19-gruppenreisen-das-solltet-ihr-wissen\/#breadcrumb","itemListElement":[{"@type":"ListItem","position":1,"name":"Startseite","item":"https:\/\/www.hansemondial.de\/blog\/"},{"@type":"ListItem","position":2,"name":"Coronavirus COVID-19 &#8211; Das solltet Ihr wissen! +++ UPDATE zu den Lockerungen +++ Hinweise zu Busreisen"}]},{"@type":"WebSite","@id":"https:\/\/www.hansemondial.de\/blog\/#website","url":"https:\/\/www.hansemondial.de\/blog\/","name":"Hanse Mondial Blog","description":"Der Buslogistik Blog","publisher":{"@id":"https:\/\/www.hansemondial.de\/blog\/#organization"},"potentialAction":[{"@type":"SearchAction","target":{"@type":"EntryPoint","urlTemplate":"https:\/\/www.hansemondial.de\/blog\/?s={search_term_string}"},"query-input":{"@type":"PropertyValueSpecification","valueRequired":true,"valueName":"search_term_string"}}],"inLanguage":"de"},{"@type":"Organization","@id":"https:\/\/www.hansemondial.de\/blog\/#organization","name":"Hanse Mondial GmbH","url":"https:\/\/www.hansemondial.de\/blog\/","logo":{"@type":"ImageObject","inLanguage":"de","@id":"https:\/\/www.hansemondial.de\/blog\/#\/schema\/logo\/image\/","url":"https:\/\/www.hansemondial.de\/blog\/wp-content\/uploads\/2023\/06\/MicrosoftTeams-image-5.png","contentUrl":"https:\/\/www.hansemondial.de\/blog\/wp-content\/uploads\/2023\/06\/MicrosoftTeams-image-5.png","width":300,"height":150,"caption":"Hanse Mondial GmbH"},"image":{"@id":"https:\/\/www.hansemondial.de\/blog\/#\/schema\/logo\/image\/"},"sameAs":["https:\/\/www.facebook.com\/HanseMondial\/","https:\/\/www.instagram.com\/hansemondial_buslogistik\/","https:\/\/sv.linkedin.com\/company\/hanse-mondial-gmbh","https:\/\/www.youtube.com\/channel\/UCsvt7IF3WGv6rWNXykzugHA"]},{"@type":"Person","@id":"https:\/\/www.hansemondial.de\/blog\/#\/schema\/person\/d8bfbb02246adfe2a289d6bf40ead0e3","name":"Tim Derix","image":{"@type":"ImageObject","inLanguage":"de","@id":"https:\/\/www.hansemondial.de\/blog\/#\/schema\/person\/image\/","url":"https:\/\/secure.gravatar.com\/avatar\/ffcef1b65ae567f54b83e4e40171ae5cc4d36dad47078c89fe88308a4425b688?s=96&d=mm&r=g","contentUrl":"https:\/\/secure.gravatar.com\/avatar\/ffcef1b65ae567f54b83e4e40171ae5cc4d36dad47078c89fe88308a4425b688?s=96&d=mm&r=g","caption":"Tim Derix"},"url":"https:\/\/www.hansemondial.de\/blog\/author\/tderix\/"}]}},"_links":{"self":[{"href":"https:\/\/www.hansemondial.de\/blog\/wp-json\/wp\/v2\/posts\/520","targetHints":{"allow":["GET"]}}],"collection":[{"href":"https:\/\/www.hansemondial.de\/blog\/wp-json\/wp\/v2\/posts"}],"about":[{"href":"https:\/\/www.hansemondial.de\/blog\/wp-json\/wp\/v2\/types\/post"}],"author":[{"embeddable":true,"href":"https:\/\/www.hansemondial.de\/blog\/wp-json\/wp\/v2\/users\/2"}],"replies":[{"embeddable":true,"href":"https:\/\/www.hansemondial.de\/blog\/wp-json\/wp\/v2\/comments?post=520"}],"version-history":[{"count":67,"href":"https:\/\/www.hansemondial.de\/blog\/wp-json\/wp\/v2\/posts\/520\/revisions"}],"predecessor-version":[{"id":2408,"href":"https:\/\/www.hansemondial.de\/blog\/wp-json\/wp\/v2\/posts\/520\/revisions\/2408"}],"wp:featuredmedia":[{"embeddable":true,"href":"https:\/\/www.hansemondial.de\/blog\/wp-json\/wp\/v2\/media\/523"}],"wp:attachment":[{"href":"https:\/\/www.hansemondial.de\/blog\/wp-json\/wp\/v2\/media?parent=520"}],"wp:term":[{"taxonomy":"category","embeddable":true,"href":"https:\/\/www.hansemondial.de\/blog\/wp-json\/wp\/v2\/categories?post=520"},{"taxonomy":"post_tag","embeddable":true,"href":"https:\/\/www.hansemondial.de\/blog\/wp-json\/wp\/v2\/tags?post=520"}],"curies":[{"name":"wp","href":"https:\/\/api.w.org\/{rel}","templated":true}]}}