{"id":482,"date":"2020-02-26T10:04:30","date_gmt":"2020-02-26T09:04:30","guid":{"rendered":"https:\/\/www.hansemondial.de\/blog\/?p=482"},"modified":"2020-04-06T10:54:49","modified_gmt":"2020-04-06T08:54:49","slug":"transferlogistik-fuer-den-grossen-tag","status":"publish","type":"post","link":"https:\/\/www.hansemondial.de\/blog\/transferlogistik-fuer-den-grossen-tag\/","title":{"rendered":"Transferlogistik f\u00fcr den gro\u00dfen Tag"},"content":{"rendered":"\n<p>Unabh\u00e4ngig davon, wo eine Hochzeit stattfindet &#8211; einer der Knackpunkte bei der Planung ist die Logistik. Ob Anreise zur Trauung oder Transfer der Hochzeitsgesellschaft zwischen den einzelnen Locations. Wohl jedes Brautpaar denkt zumindest einmal dar\u00fcber nach, ob und wie sie selbst und ihre G\u00e4ste von A nach B kommen: <\/p>\n\n\n\n<p>Fahren Braut und Br\u00e4utigam mit der Limousine vor oder mit einem schicken Oldtimer? Reisen die G\u00e4ste nun aus ganz Deutschland an oder aus der N\u00e4he des Trauortes? \u00dcbernachten sie vor Ort oder reisen sie nach der Feier wieder ab? Die Bef\u00f6rderung ist eine der gro\u00dfen Fragen, die sich viele Brautpaare in der Planungsphase stellen. Und da es f\u00fcr diesen sch\u00f6nen Anlass bereits genug Punkte gibt, an die es zu denken gilt, ist es naheliegend diesen Bereich einem Profi zu \u00fcberlassen und den gesamten Service aus einer Hand zu erhalten. <\/p>\n\n\n\n<h3 class=\"wp-block-heading\">Wie bringe ich meine G\u00e4ste von A nach B?<\/h3>\n\n\n\n<p>Um sich hier einmal eine Vorstellung \u00fcber den Ablauf zu machen haben wir hier eine von vielen m\u00f6glichen L\u00f6sungen f\u00fcr euch: <br>Stellt euch eine Hochzeit mit 80 G\u00e4sten vor. Die standesamtliche Trauung findet mit ca. 35 Personen im Familienkreise statt. Freunde und Bekannte sind zur anschlie\u00dfenden gem\u00fctlichen Feier im Gr\u00fcnen geladen.<\/p>\n\n\n\n<h3 class=\"wp-block-heading\">Der Tag vor der Hochzeit<\/h3>\n\n\n\n<p>Einige G\u00e4ste von au\u00dferhalb reisen an diesem Tag bereits an. Hierf\u00fcr wird ein wei\u00dfer Hochzeitsbus gemietet, welcher die G\u00e4ste aus den verschiedenen Orten einsammelt und auch ausreichend Platz f\u00fcr das Gep\u00e4ck bietet. Weil es ein hei\u00dfer Sommertag ist, stehen an Board auch gek\u00fchlte Getr\u00e4nke bereit. Der Bus wird auf Wunsch sogar eigens mit einem Hochzeitsbranding versehen. Der Bus f\u00e4hrt die entsprechenden Orte, unabh\u00e4ngig von der Entfernung, nacheinander zu vorab definierten Zeiten ab und bef\u00f6rdert die G\u00e4ste direkt zu ihren Unterk\u00fcnften. <\/p>\n\n\n\n<h3 class=\"wp-block-heading\">Tag der Hochzeit<\/h3>\n\n\n\n<p>Um den G\u00e4sten die leidige Parkplatzsuche vor dem Standesamt zu ersparen und damit sichergestellt ist, dass alle rechtzeitig vor Ort sein k\u00f6nnen, holt der Hochzeitsbus die zur Trauung geladenen G\u00e4ste von ihren jeweiligen Aufenthaltsorten ab und setzt sie direkt am Standesamt ab. Das Brautpaar f\u00e4hrt in einem klassischen VW T1 Oldtimer vor. Dessen Fahrer hat noch am Vormittag den Blumenschmuck beim Floristen abgeholt.<\/p>\n\n\n\n<p>Im Anschluss an die wundersch\u00f6ne Trauung werden das Brautpaar im Oldtimer und die G\u00e4ste im Hochzeitsbus zur Location gebracht. F\u00fcr kleinere Kinder ist der Bus auch mit Sitzerh\u00f6hungen versehen. Parallel dazu werden mit einem zweiten Bus die Hochzeitsg\u00e4ste, die nicht selbst anreisen, von einem Sammelpunkt aus abgeholt und ebenfalls zur Location gebracht.<br>Am Abend sorgen zwei Shuttlebusse daf\u00fcr, dass die G\u00e4ste nach und nach wieder zu Ihren Unterk\u00fcnften transportiert werden. <\/p>\n\n\n\n<h3 class=\"wp-block-heading\">Tag nach der Hochzeit<\/h3>\n\n\n\n<p>Das Brautpaar hat einige G\u00e4ste zum After-Wedding-Brunch geladen und l\u00e4sst diese von zwei Shuttlebussen abholen und bef\u00f6rdern. Anschlie\u00dfend steht wieder der Hochzeitsbus f\u00fcr die R\u00fcckreise der G\u00e4ste zur Verf\u00fcgung.<br>Der Planungsaufwand bleibt f\u00fcr euch mit Hanse Mondial immer klein, weil wir das f\u00fcr euch \u00fcbernehmen. <br>Wann, wo, wie und welches Fahrzeug inkl. Fahrer zur Verf\u00fcgung steht planen wir f\u00fcr euch!<\/p>\n\n\n\n<div class=\"wp-block-button aligncenter\"><a class=\"wp-block-button__link has-background no-border-radius\" href=\"https:\/\/www.hansemondial.de\/de\/bus-mieten\/\" style=\"background-color:#3e7dbe\" target=\"_blank\" rel=\"noreferrer noopener\">BUS F\u00dcR HOCHZEIT ANFRAGEN<\/a><\/div>\n","protected":false},"excerpt":{"rendered":"<p>Unabh\u00e4ngig davon, wo eine Hochzeit stattfindet &#8211; einer der Knackpunkte bei der Planung ist die Logistik. Ob Anreise zur Trauung oder Transfer der Hochzeitsgesellschaft zwischen den einzelnen Locations. Wohl jedes Brautpaar denkt zumindest einmal dar\u00fcber [&hellip;]<\/p>\n","protected":false},"author":2,"featured_media":509,"comment_status":"open","ping_status":"open","sticky":false,"template":"","format":"standard","meta":{"footnotes":""},"categories":[6,9],"tags":[40,45,49],"class_list":["post-482","post","type-post","status-publish","format-standard","has-post-thumbnail","hentry","category-event","category-shuttle","tag-event","tag-eventshuttle","tag-hochzeit"],"yoast_head":"<!-- This site is optimized with the Yoast SEO plugin v25.9 - https:\/\/yoast.com\/wordpress\/plugins\/seo\/ -->\n<title>Transferlogistik f\u00fcr den gro\u00dfen Tag - Hanse Mondial Blog<\/title>\n<meta name=\"robots\" content=\"index, follow, max-snippet:-1, max-image-preview:large, max-video-preview:-1\" \/>\n<link rel=\"canonical\" href=\"https:\/\/www.hansemondial.de\/blog\/transferlogistik-fuer-den-grossen-tag\/\" \/>\n<meta property=\"og:locale\" content=\"de_DE\" \/>\n<meta property=\"og:type\" content=\"article\" \/>\n<meta property=\"og:title\" content=\"Transferlogistik f\u00fcr den gro\u00dfen Tag - Hanse Mondial Blog\" \/>\n<meta property=\"og:description\" content=\"Unabh\u00e4ngig davon, wo eine Hochzeit stattfindet &#8211; einer der Knackpunkte bei der Planung ist die Logistik. Ob Anreise zur Trauung oder Transfer der Hochzeitsgesellschaft zwischen den einzelnen Locations. Wohl jedes Brautpaar denkt zumindest einmal dar\u00fcber [&hellip;]\" \/>\n<meta property=\"og:url\" content=\"https:\/\/www.hansemondial.de\/blog\/transferlogistik-fuer-den-grossen-tag\/\" \/>\n<meta property=\"og:site_name\" content=\"Hanse Mondial Blog\" \/>\n<meta property=\"article:publisher\" content=\"https:\/\/www.facebook.com\/HanseMondial\/\" \/>\n<meta property=\"article:published_time\" content=\"2020-02-26T09:04:30+00:00\" \/>\n<meta property=\"article:modified_time\" content=\"2020-04-06T08:54:49+00:00\" \/>\n<meta property=\"og:image\" content=\"https:\/\/www.hansemondial.de\/blog\/wp-content\/uploads\/2020\/02\/Wedding-scaled.jpg\" \/>\n\t<meta property=\"og:image:width\" content=\"2560\" \/>\n\t<meta property=\"og:image:height\" content=\"1707\" \/>\n\t<meta property=\"og:image:type\" content=\"image\/jpeg\" \/>\n<meta name=\"author\" content=\"Tim Derix\" \/>\n<meta name=\"twitter:card\" content=\"summary_large_image\" \/>\n<meta name=\"twitter:label1\" content=\"Verfasst von\" \/>\n\t<meta name=\"twitter:data1\" content=\"Tim Derix\" \/>\n\t<meta name=\"twitter:label2\" content=\"Gesch\u00e4tzte Lesezeit\" \/>\n\t<meta name=\"twitter:data2\" content=\"3\u00a0Minuten\" \/>\n<script type=\"application\/ld+json\" class=\"yoast-schema-graph\">{\"@context\":\"https:\/\/schema.org\",\"@graph\":[{\"@type\":\"Article\",\"@id\":\"https:\/\/www.hansemondial.de\/blog\/transferlogistik-fuer-den-grossen-tag\/#article\",\"isPartOf\":{\"@id\":\"https:\/\/www.hansemondial.de\/blog\/transferlogistik-fuer-den-grossen-tag\/\"},\"author\":{\"name\":\"Tim Derix\",\"@id\":\"https:\/\/www.hansemondial.de\/blog\/#\/schema\/person\/d8bfbb02246adfe2a289d6bf40ead0e3\"},\"headline\":\"Transferlogistik f\u00fcr den gro\u00dfen Tag\",\"datePublished\":\"2020-02-26T09:04:30+00:00\",\"dateModified\":\"2020-04-06T08:54:49+00:00\",\"mainEntityOfPage\":{\"@id\":\"https:\/\/www.hansemondial.de\/blog\/transferlogistik-fuer-den-grossen-tag\/\"},\"wordCount\":550,\"commentCount\":2,\"publisher\":{\"@id\":\"https:\/\/www.hansemondial.de\/blog\/#organization\"},\"image\":{\"@id\":\"https:\/\/www.hansemondial.de\/blog\/transferlogistik-fuer-den-grossen-tag\/#primaryimage\"},\"thumbnailUrl\":\"https:\/\/www.hansemondial.de\/blog\/wp-content\/uploads\/2020\/02\/Wedding-scaled.jpg\",\"keywords\":[\"Event\",\"Eventshuttle\",\"Hochzeit\"],\"articleSection\":[\"Event\",\"Shuttle Service\"],\"inLanguage\":\"de\",\"potentialAction\":[{\"@type\":\"CommentAction\",\"name\":\"Comment\",\"target\":[\"https:\/\/www.hansemondial.de\/blog\/transferlogistik-fuer-den-grossen-tag\/#respond\"]}]},{\"@type\":\"WebPage\",\"@id\":\"https:\/\/www.hansemondial.de\/blog\/transferlogistik-fuer-den-grossen-tag\/\",\"url\":\"https:\/\/www.hansemondial.de\/blog\/transferlogistik-fuer-den-grossen-tag\/\",\"name\":\"Transferlogistik f\u00fcr den gro\u00dfen Tag - Hanse Mondial Blog\",\"isPartOf\":{\"@id\":\"https:\/\/www.hansemondial.de\/blog\/#website\"},\"primaryImageOfPage\":{\"@id\":\"https:\/\/www.hansemondial.de\/blog\/transferlogistik-fuer-den-grossen-tag\/#primaryimage\"},\"image\":{\"@id\":\"https:\/\/www.hansemondial.de\/blog\/transferlogistik-fuer-den-grossen-tag\/#primaryimage\"},\"thumbnailUrl\":\"https:\/\/www.hansemondial.de\/blog\/wp-content\/uploads\/2020\/02\/Wedding-scaled.jpg\",\"datePublished\":\"2020-02-26T09:04:30+00:00\",\"dateModified\":\"2020-04-06T08:54:49+00:00\",\"breadcrumb\":{\"@id\":\"https:\/\/www.hansemondial.de\/blog\/transferlogistik-fuer-den-grossen-tag\/#breadcrumb\"},\"inLanguage\":\"de\",\"potentialAction\":[{\"@type\":\"ReadAction\",\"target\":[\"https:\/\/www.hansemondial.de\/blog\/transferlogistik-fuer-den-grossen-tag\/\"]}]},{\"@type\":\"ImageObject\",\"inLanguage\":\"de\",\"@id\":\"https:\/\/www.hansemondial.de\/blog\/transferlogistik-fuer-den-grossen-tag\/#primaryimage\",\"url\":\"https:\/\/www.hansemondial.de\/blog\/wp-content\/uploads\/2020\/02\/Wedding-scaled.jpg\",\"contentUrl\":\"https:\/\/www.hansemondial.de\/blog\/wp-content\/uploads\/2020\/02\/Wedding-scaled.jpg\",\"width\":2560,\"height\":1707},{\"@type\":\"BreadcrumbList\",\"@id\":\"https:\/\/www.hansemondial.de\/blog\/transferlogistik-fuer-den-grossen-tag\/#breadcrumb\",\"itemListElement\":[{\"@type\":\"ListItem\",\"position\":1,\"name\":\"Startseite\",\"item\":\"https:\/\/www.hansemondial.de\/blog\/\"},{\"@type\":\"ListItem\",\"position\":2,\"name\":\"Transferlogistik f\u00fcr den gro\u00dfen Tag\"}]},{\"@type\":\"WebSite\",\"@id\":\"https:\/\/www.hansemondial.de\/blog\/#website\",\"url\":\"https:\/\/www.hansemondial.de\/blog\/\",\"name\":\"Hanse Mondial Blog\",\"description\":\"Der Buslogistik Blog\",\"publisher\":{\"@id\":\"https:\/\/www.hansemondial.de\/blog\/#organization\"},\"potentialAction\":[{\"@type\":\"SearchAction\",\"target\":{\"@type\":\"EntryPoint\",\"urlTemplate\":\"https:\/\/www.hansemondial.de\/blog\/?s={search_term_string}\"},\"query-input\":{\"@type\":\"PropertyValueSpecification\",\"valueRequired\":true,\"valueName\":\"search_term_string\"}}],\"inLanguage\":\"de\"},{\"@type\":\"Organization\",\"@id\":\"https:\/\/www.hansemondial.de\/blog\/#organization\",\"name\":\"Hanse Mondial GmbH\",\"url\":\"https:\/\/www.hansemondial.de\/blog\/\",\"logo\":{\"@type\":\"ImageObject\",\"inLanguage\":\"de\",\"@id\":\"https:\/\/www.hansemondial.de\/blog\/#\/schema\/logo\/image\/\",\"url\":\"https:\/\/www.hansemondial.de\/blog\/wp-content\/uploads\/2023\/06\/MicrosoftTeams-image-5.png\",\"contentUrl\":\"https:\/\/www.hansemondial.de\/blog\/wp-content\/uploads\/2023\/06\/MicrosoftTeams-image-5.png\",\"width\":300,\"height\":150,\"caption\":\"Hanse Mondial GmbH\"},\"image\":{\"@id\":\"https:\/\/www.hansemondial.de\/blog\/#\/schema\/logo\/image\/\"},\"sameAs\":[\"https:\/\/www.facebook.com\/HanseMondial\/\",\"https:\/\/www.instagram.com\/hansemondial_buslogistik\/\",\"https:\/\/sv.linkedin.com\/company\/hanse-mondial-gmbh\",\"https:\/\/www.youtube.com\/channel\/UCsvt7IF3WGv6rWNXykzugHA\"]},{\"@type\":\"Person\",\"@id\":\"https:\/\/www.hansemondial.de\/blog\/#\/schema\/person\/d8bfbb02246adfe2a289d6bf40ead0e3\",\"name\":\"Tim Derix\",\"image\":{\"@type\":\"ImageObject\",\"inLanguage\":\"de\",\"@id\":\"https:\/\/www.hansemondial.de\/blog\/#\/schema\/person\/image\/\",\"url\":\"https:\/\/secure.gravatar.com\/avatar\/ffcef1b65ae567f54b83e4e40171ae5cc4d36dad47078c89fe88308a4425b688?s=96&d=mm&r=g\",\"contentUrl\":\"https:\/\/secure.gravatar.com\/avatar\/ffcef1b65ae567f54b83e4e40171ae5cc4d36dad47078c89fe88308a4425b688?s=96&d=mm&r=g\",\"caption\":\"Tim Derix\"},\"url\":\"https:\/\/www.hansemondial.de\/blog\/author\/tderix\/\"}]}<\/script>\n<!-- \/ Yoast SEO plugin. -->","yoast_head_json":{"title":"Transferlogistik f\u00fcr den gro\u00dfen Tag - Hanse Mondial Blog","robots":{"index":"index","follow":"follow","max-snippet":"max-snippet:-1","max-image-preview":"max-image-preview:large","max-video-preview":"max-video-preview:-1"},"canonical":"https:\/\/www.hansemondial.de\/blog\/transferlogistik-fuer-den-grossen-tag\/","og_locale":"de_DE","og_type":"article","og_title":"Transferlogistik f\u00fcr den gro\u00dfen Tag - Hanse Mondial Blog","og_description":"Unabh\u00e4ngig davon, wo eine Hochzeit stattfindet &#8211; einer der Knackpunkte bei der Planung ist die Logistik. Ob Anreise zur Trauung oder Transfer der Hochzeitsgesellschaft zwischen den einzelnen Locations. Wohl jedes Brautpaar denkt zumindest einmal dar\u00fcber [&hellip;]","og_url":"https:\/\/www.hansemondial.de\/blog\/transferlogistik-fuer-den-grossen-tag\/","og_site_name":"Hanse Mondial Blog","article_publisher":"https:\/\/www.facebook.com\/HanseMondial\/","article_published_time":"2020-02-26T09:04:30+00:00","article_modified_time":"2020-04-06T08:54:49+00:00","og_image":[{"width":2560,"height":1707,"url":"https:\/\/www.hansemondial.de\/blog\/wp-content\/uploads\/2020\/02\/Wedding-scaled.jpg","type":"image\/jpeg"}],"author":"Tim Derix","twitter_card":"summary_large_image","twitter_misc":{"Verfasst von":"Tim Derix","Gesch\u00e4tzte Lesezeit":"3\u00a0Minuten"},"schema":{"@context":"https:\/\/schema.org","@graph":[{"@type":"Article","@id":"https:\/\/www.hansemondial.de\/blog\/transferlogistik-fuer-den-grossen-tag\/#article","isPartOf":{"@id":"https:\/\/www.hansemondial.de\/blog\/transferlogistik-fuer-den-grossen-tag\/"},"author":{"name":"Tim Derix","@id":"https:\/\/www.hansemondial.de\/blog\/#\/schema\/person\/d8bfbb02246adfe2a289d6bf40ead0e3"},"headline":"Transferlogistik f\u00fcr den gro\u00dfen Tag","datePublished":"2020-02-26T09:04:30+00:00","dateModified":"2020-04-06T08:54:49+00:00","mainEntityOfPage":{"@id":"https:\/\/www.hansemondial.de\/blog\/transferlogistik-fuer-den-grossen-tag\/"},"wordCount":550,"commentCount":2,"publisher":{"@id":"https:\/\/www.hansemondial.de\/blog\/#organization"},"image":{"@id":"https:\/\/www.hansemondial.de\/blog\/transferlogistik-fuer-den-grossen-tag\/#primaryimage"},"thumbnailUrl":"https:\/\/www.hansemondial.de\/blog\/wp-content\/uploads\/2020\/02\/Wedding-scaled.jpg","keywords":["Event","Eventshuttle","Hochzeit"],"articleSection":["Event","Shuttle Service"],"inLanguage":"de","potentialAction":[{"@type":"CommentAction","name":"Comment","target":["https:\/\/www.hansemondial.de\/blog\/transferlogistik-fuer-den-grossen-tag\/#respond"]}]},{"@type":"WebPage","@id":"https:\/\/www.hansemondial.de\/blog\/transferlogistik-fuer-den-grossen-tag\/","url":"https:\/\/www.hansemondial.de\/blog\/transferlogistik-fuer-den-grossen-tag\/","name":"Transferlogistik f\u00fcr den gro\u00dfen Tag - Hanse Mondial Blog","isPartOf":{"@id":"https:\/\/www.hansemondial.de\/blog\/#website"},"primaryImageOfPage":{"@id":"https:\/\/www.hansemondial.de\/blog\/transferlogistik-fuer-den-grossen-tag\/#primaryimage"},"image":{"@id":"https:\/\/www.hansemondial.de\/blog\/transferlogistik-fuer-den-grossen-tag\/#primaryimage"},"thumbnailUrl":"https:\/\/www.hansemondial.de\/blog\/wp-content\/uploads\/2020\/02\/Wedding-scaled.jpg","datePublished":"2020-02-26T09:04:30+00:00","dateModified":"2020-04-06T08:54:49+00:00","breadcrumb":{"@id":"https:\/\/www.hansemondial.de\/blog\/transferlogistik-fuer-den-grossen-tag\/#breadcrumb"},"inLanguage":"de","potentialAction":[{"@type":"ReadAction","target":["https:\/\/www.hansemondial.de\/blog\/transferlogistik-fuer-den-grossen-tag\/"]}]},{"@type":"ImageObject","inLanguage":"de","@id":"https:\/\/www.hansemondial.de\/blog\/transferlogistik-fuer-den-grossen-tag\/#primaryimage","url":"https:\/\/www.hansemondial.de\/blog\/wp-content\/uploads\/2020\/02\/Wedding-scaled.jpg","contentUrl":"https:\/\/www.hansemondial.de\/blog\/wp-content\/uploads\/2020\/02\/Wedding-scaled.jpg","width":2560,"height":1707},{"@type":"BreadcrumbList","@id":"https:\/\/www.hansemondial.de\/blog\/transferlogistik-fuer-den-grossen-tag\/#breadcrumb","itemListElement":[{"@type":"ListItem","position":1,"name":"Startseite","item":"https:\/\/www.hansemondial.de\/blog\/"},{"@type":"ListItem","position":2,"name":"Transferlogistik f\u00fcr den gro\u00dfen Tag"}]},{"@type":"WebSite","@id":"https:\/\/www.hansemondial.de\/blog\/#website","url":"https:\/\/www.hansemondial.de\/blog\/","name":"Hanse Mondial Blog","description":"Der Buslogistik Blog","publisher":{"@id":"https:\/\/www.hansemondial.de\/blog\/#organization"},"potentialAction":[{"@type":"SearchAction","target":{"@type":"EntryPoint","urlTemplate":"https:\/\/www.hansemondial.de\/blog\/?s={search_term_string}"},"query-input":{"@type":"PropertyValueSpecification","valueRequired":true,"valueName":"search_term_string"}}],"inLanguage":"de"},{"@type":"Organization","@id":"https:\/\/www.hansemondial.de\/blog\/#organization","name":"Hanse Mondial GmbH","url":"https:\/\/www.hansemondial.de\/blog\/","logo":{"@type":"ImageObject","inLanguage":"de","@id":"https:\/\/www.hansemondial.de\/blog\/#\/schema\/logo\/image\/","url":"https:\/\/www.hansemondial.de\/blog\/wp-content\/uploads\/2023\/06\/MicrosoftTeams-image-5.png","contentUrl":"https:\/\/www.hansemondial.de\/blog\/wp-content\/uploads\/2023\/06\/MicrosoftTeams-image-5.png","width":300,"height":150,"caption":"Hanse Mondial GmbH"},"image":{"@id":"https:\/\/www.hansemondial.de\/blog\/#\/schema\/logo\/image\/"},"sameAs":["https:\/\/www.facebook.com\/HanseMondial\/","https:\/\/www.instagram.com\/hansemondial_buslogistik\/","https:\/\/sv.linkedin.com\/company\/hanse-mondial-gmbh","https:\/\/www.youtube.com\/channel\/UCsvt7IF3WGv6rWNXykzugHA"]},{"@type":"Person","@id":"https:\/\/www.hansemondial.de\/blog\/#\/schema\/person\/d8bfbb02246adfe2a289d6bf40ead0e3","name":"Tim Derix","image":{"@type":"ImageObject","inLanguage":"de","@id":"https:\/\/www.hansemondial.de\/blog\/#\/schema\/person\/image\/","url":"https:\/\/secure.gravatar.com\/avatar\/ffcef1b65ae567f54b83e4e40171ae5cc4d36dad47078c89fe88308a4425b688?s=96&d=mm&r=g","contentUrl":"https:\/\/secure.gravatar.com\/avatar\/ffcef1b65ae567f54b83e4e40171ae5cc4d36dad47078c89fe88308a4425b688?s=96&d=mm&r=g","caption":"Tim Derix"},"url":"https:\/\/www.hansemondial.de\/blog\/author\/tderix\/"}]}},"_links":{"self":[{"href":"https:\/\/www.hansemondial.de\/blog\/wp-json\/wp\/v2\/posts\/482","targetHints":{"allow":["GET"]}}],"collection":[{"href":"https:\/\/www.hansemondial.de\/blog\/wp-json\/wp\/v2\/posts"}],"about":[{"href":"https:\/\/www.hansemondial.de\/blog\/wp-json\/wp\/v2\/types\/post"}],"author":[{"embeddable":true,"href":"https:\/\/www.hansemondial.de\/blog\/wp-json\/wp\/v2\/users\/2"}],"replies":[{"embeddable":true,"href":"https:\/\/www.hansemondial.de\/blog\/wp-json\/wp\/v2\/comments?post=482"}],"version-history":[{"count":6,"href":"https:\/\/www.hansemondial.de\/blog\/wp-json\/wp\/v2\/posts\/482\/revisions"}],"predecessor-version":[{"id":730,"href":"https:\/\/www.hansemondial.de\/blog\/wp-json\/wp\/v2\/posts\/482\/revisions\/730"}],"wp:featuredmedia":[{"embeddable":true,"href":"https:\/\/www.hansemondial.de\/blog\/wp-json\/wp\/v2\/media\/509"}],"wp:attachment":[{"href":"https:\/\/www.hansemondial.de\/blog\/wp-json\/wp\/v2\/media?parent=482"}],"wp:term":[{"taxonomy":"category","embeddable":true,"href":"https:\/\/www.hansemondial.de\/blog\/wp-json\/wp\/v2\/categories?post=482"},{"taxonomy":"post_tag","embeddable":true,"href":"https:\/\/www.hansemondial.de\/blog\/wp-json\/wp\/v2\/tags?post=482"}],"curies":[{"name":"wp","href":"https:\/\/api.w.org\/{rel}","templated":true}]}}