{"id":2530,"date":"2024-03-12T10:50:11","date_gmt":"2024-03-12T09:50:11","guid":{"rendered":"https:\/\/www.hansemondial.de\/blog\/?p=2530"},"modified":"2024-07-25T08:20:38","modified_gmt":"2024-07-25T06:20:38","slug":"das-fruehlingsfest-in-muenchen-steht-vor-der-tuer","status":"publish","type":"post","link":"https:\/\/www.hansemondial.de\/blog\/das-fruehlingsfest-in-muenchen-steht-vor-der-tuer\/","title":{"rendered":"Das Fr\u00fchlingsfest in M\u00fcnchen steht vor der T\u00fcr"},"content":{"rendered":"\n<p>Wusstest Du, dass das Fr\u00fchlingsfest in M\u00fcnchen auch als &#8222;kleine Schwester&#8220; des Oktoberfests betitelt wird? <\/p>\n\n\n\n<p>Diese Bezeichnung verr\u00e4t bereits, dass das Fr\u00fchlingsfest in M\u00fcnchen ein gro\u00dfes Event ist und dass es sich lohnt diesem einen Besuch abzustatten. Egal, ob in kleiner Gruppe oder mit Arbeitskollegen als Betriebsausflug. Das Fr\u00fchlingsfest 2024 in M\u00fcnchen steht in den Startl\u00f6chern und wir geben Dir die wichtigsten Informationen an die Hand und verraten Dir was das beste und nachhaltigste Verkehrsmittel rund um die Veranstaltung ist.<\/p>\n\n\n\n<h3 class=\"wp-block-heading\">Was erwartet Dich beim Fr\u00fchlingsfest 2024 in M\u00fcnchen?<\/h3>\n\n\n\n<p>Das Fr\u00fchlingsfest 2024 bietet eine einzigartige Mischung aus traditionellen bayerischen Festlichkeiten, Fahrgesch\u00e4ften, kulinarischen Gen\u00fcssen und einem vielf\u00e4ltigen Unterhaltungsprogramm. Von Karussells bis hin zu Achterbahnen \u2013 f\u00fcr jeden Geschmack ist etwas dabei. Besonders beliebt sind die Bierzelte, in denen Du Dich neben frisch gezapftem Bier auch regionale Spezialit\u00e4ten wie Brezn, Haxn und Obatzda genie\u00dfen kannst.<\/p>\n\n\n\n<p>Das Fest beginnt traditionell mit einem farbenfrohen Umzug und der feierlichen Fassbier-Anstich-Zeremonie. Ein weiteres Highlight ist das Brillantfeuerwerk, das an beiden Freitagen des Festes den Himmel \u00fcber M\u00fcnchen erleuchtet.<\/p>\n\n\n\n<h3 class=\"wp-block-heading\">Weitere Zahlen, Daten und Fakten rund um das Event<\/h3>\n\n\n\n<ul class=\"wp-block-list\">\n<li><strong>Veranstaltungsort:<\/strong> Theresienwiese, M\u00fcnchen<\/li>\n\n\n\n<li><strong>Zeitraum:<\/strong> 19. April bis 05. Mai 2024<\/li>\n\n\n\n<li><strong>\u00d6ffnungszeiten:<\/strong> Montag bis Donnerstag von 12:00 bis 23:00 Uhr, Freitag und vor Feiertagen von 12:00 bis 24:00 Uhr, Samstag von 11:00 bis 24:00 Uhr und Sonntag von 11:00 bis 23:00 Uhr.<\/li>\n\n\n\n<li><strong>Eintritt:<\/strong> Der Zugang zum Fr\u00fchlingsfest und den meisten Attraktionen ist kostenlos. F\u00fcr Fahrgesch\u00e4fte und spezielle Events k\u00f6nnen Kosten anfallen.<\/li>\n<\/ul>\n\n\n\n<h3 class=\"wp-block-heading\">Flexible und nachhalte An- und Abreise<\/h3>\n\n\n\n<p>Oben haben wir es bereits angek\u00fcndigt und m\u00f6chten Dir kurz erkl\u00e4ren, warum der Reisebus das perfekte Verkehrsmittel f\u00fcr Dich ist. <\/p>\n\n\n\n<p>Egal, ob Du in einer kleinen Gruppe zum Fr\u00fchlingsfest nach M\u00fcnchen anreist oder das Event mit einem gro\u00dfen Betriebsausflug nutzt. Der Reisebus, oder auch Kleinbus oder Doppeldecker sind die passende Wahl, denn die Fahrzeuge bringen Dich nicht nur direkt von T\u00fcr zu T\u00fcr, sondern Du kannst die An- und Abreise so flexibel gestalten wie es zu Deinen Pl\u00e4nen passt. <\/p>\n\n\n\n<div class=\"wp-block-buttons is-content-justification-center is-layout-flex wp-container-core-buttons-is-layout-16018d1d wp-block-buttons-is-layout-flex\">\n<div class=\"wp-block-button\"><a class=\"wp-block-button__link has-background wp-element-button\" href=\"https:\/\/www.hansemondial.de\/de\/bus-mieten\" style=\"border-radius:0px;background-color:#3e7dbe\" target=\"_blank\" rel=\"noreferrer noopener\">JETZT BUS BUCHEN<\/a><\/div>\n<\/div>\n\n\n\n<p>Ein weiterer Pluspunkt ist das Thema Nachhaltigkeit. Wir k\u00f6nnen es nicht oft genug erw\u00e4hnen, aber die An- und Abreise mit dem Reisebus ist im Vergleich zu anderen Reiseverkehrsmitteln die nachhaltigste. Mehr zum Thema Nachhaltigkeit erf\u00e4hrst Du auf unserer <strong><a href=\"https:\/\/www.hansemondial.de\/de\/ueber-uns\/nachhaltigkeit\" target=\"_blank\" rel=\"noreferrer noopener\">Website<\/a><\/strong>.<\/p>\n\n\n\n<h3 class=\"wp-block-heading\">Weitere Besonderheiten rund um das Event<\/h3>\n\n\n\n<ol class=\"wp-block-list\">\n<li><strong>Tradition und Innovation:<\/strong> W\u00e4hrend das Fr\u00fchlingsfest seine Wurzeln in der bayerischen Tradition und Kultur bewahrt, wird es kontinuierlich durch innovative Attraktionen und Angebote bereichert. Dieses Gleichgewicht macht das Fest jedes Jahr aufs Neue spannend.<\/li>\n\n\n\n<li><strong>Familienfreundliche Atmosph\u00e4re:<\/strong> Im Gegensatz zum Oktoberfest bietet das Fr\u00fchlingsfest eine entspanntere und familienfreundlichere Atmosph\u00e4re. Mit speziellen Familientagen, an denen Verg\u00fcnstigungen f\u00fcr Attraktionen und Speisen angeboten werden, ist das Fr\u00fchlingsfest ein gern besuchtest Event f\u00fcr Familien.<\/li>\n\n\n\n<li><strong>Umweltbewusstsein:<\/strong> Das Fr\u00fchlingsfest 2024 legt einen besonderen Fokus auf Nachhaltigkeit und Umweltbewusstsein. Mit Initiativen zur Abfallreduzierung, Recyclingma\u00dfnahmen und der F\u00f6rderung umweltfreundlicher Anreisem\u00f6glichkeiten, wie dem Reisebus, setzt es ein Zeichen f\u00fcr umweltbewusstes Feiern.<\/li>\n\n\n\n<li><strong>Vielf\u00e4ltiges Unterhaltungsprogramm:<\/strong> Neben den traditionellen Fahrgesch\u00e4ften und Bierzelten bietet das Fr\u00fchlingsfest 2024 ein breites Spektrum an Unterhaltungsm\u00f6glichkeiten. Von Live-Musik \u00fcber traditionelle Tanzvorf\u00fchrungen bis hin zu spektakul\u00e4ren Feuerwerksshows \u2013 das Programm ist so gestaltet, dass f\u00fcr jeden Geschmack etwas dabei ist.<\/li>\n\n\n\n<li><strong>Kulinarische Vielfalt:<\/strong> Das gastronomische Angebot auf dem Fr\u00fchlingsfest \u00fcbersteigt traditionelle bayerische K\u00fcche. Neben Klassikern wie Brezn, Haxn und Obatzda finden Besucher eine Vielzahl an internationalen Spezialit\u00e4ten, die die kulinarische Vielfalt M\u00fcnchens sowie Bayerns widerspiegeln.<\/li>\n\n\n\n<li><strong>Exklusive Veranstaltungen:<\/strong> Jedes Jahr bietet das Fr\u00fchlingsfest besondere Veranstaltungen und Attraktionen, die speziell f\u00fcr die jeweilige Ausgabe konzipiert sind. Dies k\u00f6nnen Thementage, spezielle Ausstellungen oder einmalige Shows sein, die das Fest jedes Jahr einzigartig machen.<\/li>\n<\/ol>\n\n\n\n<p>Das Fr\u00fchlingsfest 2024 in M\u00fcnchen hebt sich durch diese Kombination aus traditionellem Festcharakter, familienfreundlicher Atmosph\u00e4re, Umweltbewusstsein, vielf\u00e4ltigem Unterhaltungsprogramm und kulinarischer Vielfalt von anderen Veranstaltungen ab und bietet so ein unvergleichliches Erlebnis f\u00fcr alle Besucher.<\/p>\n\n\n\n<p>Also worauf wartest Du noch? Wir bringen Dich nach M\u00fcnchen zum Fr\u00fchlingsfest!<\/p>\n","protected":false},"excerpt":{"rendered":"<p>Wusstest Du, dass das Fr\u00fchlingsfest in M\u00fcnchen auch als &#8222;kleine Schwester&#8220; des Oktoberfests betitelt wird? Diese Bezeichnung verr\u00e4t bereits, dass das Fr\u00fchlingsfest in M\u00fcnchen ein gro\u00dfes Event ist und dass es sich lohnt diesem einen [&hellip;]<\/p>\n","protected":false},"author":2,"featured_media":2632,"comment_status":"open","ping_status":"open","sticky":false,"template":"","format":"standard","meta":{"footnotes":""},"categories":[6,33,9,114],"tags":[40,78,79],"class_list":["post-2530","post","type-post","status-publish","format-standard","has-post-thumbnail","hentry","category-event","category-gruppenreise","category-shuttle","category-veranstaltung","tag-event","tag-mobilitaet","tag-reisebus"],"yoast_head":"<!-- This site is optimized with the Yoast SEO plugin v25.9 - https:\/\/yoast.com\/wordpress\/plugins\/seo\/ -->\n<title>Das Fr\u00fchlingsfest in M\u00fcnchen steht vor der T\u00fcr - Hanse Mondial Blog<\/title>\n<meta name=\"robots\" content=\"index, follow, max-snippet:-1, max-image-preview:large, max-video-preview:-1\" \/>\n<link rel=\"canonical\" href=\"https:\/\/www.hansemondial.de\/blog\/das-fruehlingsfest-in-muenchen-steht-vor-der-tuer\/\" \/>\n<meta property=\"og:locale\" content=\"de_DE\" \/>\n<meta property=\"og:type\" content=\"article\" \/>\n<meta property=\"og:title\" content=\"Das Fr\u00fchlingsfest in M\u00fcnchen steht vor der T\u00fcr - Hanse Mondial Blog\" \/>\n<meta property=\"og:description\" content=\"Wusstest Du, dass das Fr\u00fchlingsfest in M\u00fcnchen auch als &#8222;kleine Schwester&#8220; des Oktoberfests betitelt wird? Diese Bezeichnung verr\u00e4t bereits, dass das Fr\u00fchlingsfest in M\u00fcnchen ein gro\u00dfes Event ist und dass es sich lohnt diesem einen [&hellip;]\" \/>\n<meta property=\"og:url\" content=\"https:\/\/www.hansemondial.de\/blog\/das-fruehlingsfest-in-muenchen-steht-vor-der-tuer\/\" \/>\n<meta property=\"og:site_name\" content=\"Hanse Mondial Blog\" \/>\n<meta property=\"article:publisher\" content=\"https:\/\/www.facebook.com\/HanseMondial\/\" \/>\n<meta property=\"article:published_time\" content=\"2024-03-12T09:50:11+00:00\" \/>\n<meta property=\"article:modified_time\" content=\"2024-07-25T06:20:38+00:00\" \/>\n<meta property=\"og:image\" content=\"https:\/\/www.hansemondial.de\/blog\/wp-content\/uploads\/2024\/03\/pexels-manjose-9827_Fruehlingsfest_Muenchen.jpg\" \/>\n\t<meta property=\"og:image:width\" content=\"1920\" \/>\n\t<meta property=\"og:image:height\" content=\"1278\" \/>\n\t<meta property=\"og:image:type\" content=\"image\/jpeg\" \/>\n<meta name=\"author\" content=\"Tim Derix\" \/>\n<meta name=\"twitter:card\" content=\"summary_large_image\" \/>\n<meta name=\"twitter:label1\" content=\"Verfasst von\" \/>\n\t<meta name=\"twitter:data1\" content=\"Tim Derix\" \/>\n\t<meta name=\"twitter:label2\" content=\"Gesch\u00e4tzte Lesezeit\" \/>\n\t<meta name=\"twitter:data2\" content=\"3\u00a0Minuten\" \/>\n<script type=\"application\/ld+json\" class=\"yoast-schema-graph\">{\"@context\":\"https:\/\/schema.org\",\"@graph\":[{\"@type\":\"Article\",\"@id\":\"https:\/\/www.hansemondial.de\/blog\/das-fruehlingsfest-in-muenchen-steht-vor-der-tuer\/#article\",\"isPartOf\":{\"@id\":\"https:\/\/www.hansemondial.de\/blog\/das-fruehlingsfest-in-muenchen-steht-vor-der-tuer\/\"},\"author\":{\"name\":\"Tim Derix\",\"@id\":\"https:\/\/www.hansemondial.de\/blog\/#\/schema\/person\/d8bfbb02246adfe2a289d6bf40ead0e3\"},\"headline\":\"Das Fr\u00fchlingsfest in M\u00fcnchen steht vor der T\u00fcr\",\"datePublished\":\"2024-03-12T09:50:11+00:00\",\"dateModified\":\"2024-07-25T06:20:38+00:00\",\"mainEntityOfPage\":{\"@id\":\"https:\/\/www.hansemondial.de\/blog\/das-fruehlingsfest-in-muenchen-steht-vor-der-tuer\/\"},\"wordCount\":693,\"commentCount\":0,\"publisher\":{\"@id\":\"https:\/\/www.hansemondial.de\/blog\/#organization\"},\"image\":{\"@id\":\"https:\/\/www.hansemondial.de\/blog\/das-fruehlingsfest-in-muenchen-steht-vor-der-tuer\/#primaryimage\"},\"thumbnailUrl\":\"https:\/\/www.hansemondial.de\/blog\/wp-content\/uploads\/2024\/03\/pexels-manjose-9827_Fruehlingsfest_Muenchen.jpg\",\"keywords\":[\"Event\",\"Mobilit\u00e4t\",\"Reisebus\"],\"articleSection\":[\"Event\",\"Gruppenreise\",\"Shuttle Service\",\"Veranstaltung\"],\"inLanguage\":\"de\",\"potentialAction\":[{\"@type\":\"CommentAction\",\"name\":\"Comment\",\"target\":[\"https:\/\/www.hansemondial.de\/blog\/das-fruehlingsfest-in-muenchen-steht-vor-der-tuer\/#respond\"]}]},{\"@type\":\"WebPage\",\"@id\":\"https:\/\/www.hansemondial.de\/blog\/das-fruehlingsfest-in-muenchen-steht-vor-der-tuer\/\",\"url\":\"https:\/\/www.hansemondial.de\/blog\/das-fruehlingsfest-in-muenchen-steht-vor-der-tuer\/\",\"name\":\"Das Fr\u00fchlingsfest in M\u00fcnchen steht vor der T\u00fcr - Hanse Mondial Blog\",\"isPartOf\":{\"@id\":\"https:\/\/www.hansemondial.de\/blog\/#website\"},\"primaryImageOfPage\":{\"@id\":\"https:\/\/www.hansemondial.de\/blog\/das-fruehlingsfest-in-muenchen-steht-vor-der-tuer\/#primaryimage\"},\"image\":{\"@id\":\"https:\/\/www.hansemondial.de\/blog\/das-fruehlingsfest-in-muenchen-steht-vor-der-tuer\/#primaryimage\"},\"thumbnailUrl\":\"https:\/\/www.hansemondial.de\/blog\/wp-content\/uploads\/2024\/03\/pexels-manjose-9827_Fruehlingsfest_Muenchen.jpg\",\"datePublished\":\"2024-03-12T09:50:11+00:00\",\"dateModified\":\"2024-07-25T06:20:38+00:00\",\"breadcrumb\":{\"@id\":\"https:\/\/www.hansemondial.de\/blog\/das-fruehlingsfest-in-muenchen-steht-vor-der-tuer\/#breadcrumb\"},\"inLanguage\":\"de\",\"potentialAction\":[{\"@type\":\"ReadAction\",\"target\":[\"https:\/\/www.hansemondial.de\/blog\/das-fruehlingsfest-in-muenchen-steht-vor-der-tuer\/\"]}]},{\"@type\":\"ImageObject\",\"inLanguage\":\"de\",\"@id\":\"https:\/\/www.hansemondial.de\/blog\/das-fruehlingsfest-in-muenchen-steht-vor-der-tuer\/#primaryimage\",\"url\":\"https:\/\/www.hansemondial.de\/blog\/wp-content\/uploads\/2024\/03\/pexels-manjose-9827_Fruehlingsfest_Muenchen.jpg\",\"contentUrl\":\"https:\/\/www.hansemondial.de\/blog\/wp-content\/uploads\/2024\/03\/pexels-manjose-9827_Fruehlingsfest_Muenchen.jpg\",\"width\":1920,\"height\":1278},{\"@type\":\"BreadcrumbList\",\"@id\":\"https:\/\/www.hansemondial.de\/blog\/das-fruehlingsfest-in-muenchen-steht-vor-der-tuer\/#breadcrumb\",\"itemListElement\":[{\"@type\":\"ListItem\",\"position\":1,\"name\":\"Startseite\",\"item\":\"https:\/\/www.hansemondial.de\/blog\/\"},{\"@type\":\"ListItem\",\"position\":2,\"name\":\"Das Fr\u00fchlingsfest in M\u00fcnchen steht vor der T\u00fcr\"}]},{\"@type\":\"WebSite\",\"@id\":\"https:\/\/www.hansemondial.de\/blog\/#website\",\"url\":\"https:\/\/www.hansemondial.de\/blog\/\",\"name\":\"Hanse Mondial Blog\",\"description\":\"Der Buslogistik Blog\",\"publisher\":{\"@id\":\"https:\/\/www.hansemondial.de\/blog\/#organization\"},\"potentialAction\":[{\"@type\":\"SearchAction\",\"target\":{\"@type\":\"EntryPoint\",\"urlTemplate\":\"https:\/\/www.hansemondial.de\/blog\/?s={search_term_string}\"},\"query-input\":{\"@type\":\"PropertyValueSpecification\",\"valueRequired\":true,\"valueName\":\"search_term_string\"}}],\"inLanguage\":\"de\"},{\"@type\":\"Organization\",\"@id\":\"https:\/\/www.hansemondial.de\/blog\/#organization\",\"name\":\"Hanse Mondial GmbH\",\"url\":\"https:\/\/www.hansemondial.de\/blog\/\",\"logo\":{\"@type\":\"ImageObject\",\"inLanguage\":\"de\",\"@id\":\"https:\/\/www.hansemondial.de\/blog\/#\/schema\/logo\/image\/\",\"url\":\"https:\/\/www.hansemondial.de\/blog\/wp-content\/uploads\/2023\/06\/MicrosoftTeams-image-5.png\",\"contentUrl\":\"https:\/\/www.hansemondial.de\/blog\/wp-content\/uploads\/2023\/06\/MicrosoftTeams-image-5.png\",\"width\":300,\"height\":150,\"caption\":\"Hanse Mondial GmbH\"},\"image\":{\"@id\":\"https:\/\/www.hansemondial.de\/blog\/#\/schema\/logo\/image\/\"},\"sameAs\":[\"https:\/\/www.facebook.com\/HanseMondial\/\",\"https:\/\/www.instagram.com\/hansemondial_buslogistik\/\",\"https:\/\/sv.linkedin.com\/company\/hanse-mondial-gmbh\",\"https:\/\/www.youtube.com\/channel\/UCsvt7IF3WGv6rWNXykzugHA\"]},{\"@type\":\"Person\",\"@id\":\"https:\/\/www.hansemondial.de\/blog\/#\/schema\/person\/d8bfbb02246adfe2a289d6bf40ead0e3\",\"name\":\"Tim Derix\",\"image\":{\"@type\":\"ImageObject\",\"inLanguage\":\"de\",\"@id\":\"https:\/\/www.hansemondial.de\/blog\/#\/schema\/person\/image\/\",\"url\":\"https:\/\/secure.gravatar.com\/avatar\/ffcef1b65ae567f54b83e4e40171ae5cc4d36dad47078c89fe88308a4425b688?s=96&d=mm&r=g\",\"contentUrl\":\"https:\/\/secure.gravatar.com\/avatar\/ffcef1b65ae567f54b83e4e40171ae5cc4d36dad47078c89fe88308a4425b688?s=96&d=mm&r=g\",\"caption\":\"Tim Derix\"},\"url\":\"https:\/\/www.hansemondial.de\/blog\/author\/tderix\/\"}]}<\/script>\n<!-- \/ Yoast SEO plugin. -->","yoast_head_json":{"title":"Das Fr\u00fchlingsfest in M\u00fcnchen steht vor der T\u00fcr - Hanse Mondial Blog","robots":{"index":"index","follow":"follow","max-snippet":"max-snippet:-1","max-image-preview":"max-image-preview:large","max-video-preview":"max-video-preview:-1"},"canonical":"https:\/\/www.hansemondial.de\/blog\/das-fruehlingsfest-in-muenchen-steht-vor-der-tuer\/","og_locale":"de_DE","og_type":"article","og_title":"Das Fr\u00fchlingsfest in M\u00fcnchen steht vor der T\u00fcr - Hanse Mondial Blog","og_description":"Wusstest Du, dass das Fr\u00fchlingsfest in M\u00fcnchen auch als &#8222;kleine Schwester&#8220; des Oktoberfests betitelt wird? Diese Bezeichnung verr\u00e4t bereits, dass das Fr\u00fchlingsfest in M\u00fcnchen ein gro\u00dfes Event ist und dass es sich lohnt diesem einen [&hellip;]","og_url":"https:\/\/www.hansemondial.de\/blog\/das-fruehlingsfest-in-muenchen-steht-vor-der-tuer\/","og_site_name":"Hanse Mondial Blog","article_publisher":"https:\/\/www.facebook.com\/HanseMondial\/","article_published_time":"2024-03-12T09:50:11+00:00","article_modified_time":"2024-07-25T06:20:38+00:00","og_image":[{"width":1920,"height":1278,"url":"https:\/\/www.hansemondial.de\/blog\/wp-content\/uploads\/2024\/03\/pexels-manjose-9827_Fruehlingsfest_Muenchen.jpg","type":"image\/jpeg"}],"author":"Tim Derix","twitter_card":"summary_large_image","twitter_misc":{"Verfasst von":"Tim Derix","Gesch\u00e4tzte Lesezeit":"3\u00a0Minuten"},"schema":{"@context":"https:\/\/schema.org","@graph":[{"@type":"Article","@id":"https:\/\/www.hansemondial.de\/blog\/das-fruehlingsfest-in-muenchen-steht-vor-der-tuer\/#article","isPartOf":{"@id":"https:\/\/www.hansemondial.de\/blog\/das-fruehlingsfest-in-muenchen-steht-vor-der-tuer\/"},"author":{"name":"Tim Derix","@id":"https:\/\/www.hansemondial.de\/blog\/#\/schema\/person\/d8bfbb02246adfe2a289d6bf40ead0e3"},"headline":"Das Fr\u00fchlingsfest in M\u00fcnchen steht vor der T\u00fcr","datePublished":"2024-03-12T09:50:11+00:00","dateModified":"2024-07-25T06:20:38+00:00","mainEntityOfPage":{"@id":"https:\/\/www.hansemondial.de\/blog\/das-fruehlingsfest-in-muenchen-steht-vor-der-tuer\/"},"wordCount":693,"commentCount":0,"publisher":{"@id":"https:\/\/www.hansemondial.de\/blog\/#organization"},"image":{"@id":"https:\/\/www.hansemondial.de\/blog\/das-fruehlingsfest-in-muenchen-steht-vor-der-tuer\/#primaryimage"},"thumbnailUrl":"https:\/\/www.hansemondial.de\/blog\/wp-content\/uploads\/2024\/03\/pexels-manjose-9827_Fruehlingsfest_Muenchen.jpg","keywords":["Event","Mobilit\u00e4t","Reisebus"],"articleSection":["Event","Gruppenreise","Shuttle Service","Veranstaltung"],"inLanguage":"de","potentialAction":[{"@type":"CommentAction","name":"Comment","target":["https:\/\/www.hansemondial.de\/blog\/das-fruehlingsfest-in-muenchen-steht-vor-der-tuer\/#respond"]}]},{"@type":"WebPage","@id":"https:\/\/www.hansemondial.de\/blog\/das-fruehlingsfest-in-muenchen-steht-vor-der-tuer\/","url":"https:\/\/www.hansemondial.de\/blog\/das-fruehlingsfest-in-muenchen-steht-vor-der-tuer\/","name":"Das Fr\u00fchlingsfest in M\u00fcnchen steht vor der T\u00fcr - Hanse Mondial Blog","isPartOf":{"@id":"https:\/\/www.hansemondial.de\/blog\/#website"},"primaryImageOfPage":{"@id":"https:\/\/www.hansemondial.de\/blog\/das-fruehlingsfest-in-muenchen-steht-vor-der-tuer\/#primaryimage"},"image":{"@id":"https:\/\/www.hansemondial.de\/blog\/das-fruehlingsfest-in-muenchen-steht-vor-der-tuer\/#primaryimage"},"thumbnailUrl":"https:\/\/www.hansemondial.de\/blog\/wp-content\/uploads\/2024\/03\/pexels-manjose-9827_Fruehlingsfest_Muenchen.jpg","datePublished":"2024-03-12T09:50:11+00:00","dateModified":"2024-07-25T06:20:38+00:00","breadcrumb":{"@id":"https:\/\/www.hansemondial.de\/blog\/das-fruehlingsfest-in-muenchen-steht-vor-der-tuer\/#breadcrumb"},"inLanguage":"de","potentialAction":[{"@type":"ReadAction","target":["https:\/\/www.hansemondial.de\/blog\/das-fruehlingsfest-in-muenchen-steht-vor-der-tuer\/"]}]},{"@type":"ImageObject","inLanguage":"de","@id":"https:\/\/www.hansemondial.de\/blog\/das-fruehlingsfest-in-muenchen-steht-vor-der-tuer\/#primaryimage","url":"https:\/\/www.hansemondial.de\/blog\/wp-content\/uploads\/2024\/03\/pexels-manjose-9827_Fruehlingsfest_Muenchen.jpg","contentUrl":"https:\/\/www.hansemondial.de\/blog\/wp-content\/uploads\/2024\/03\/pexels-manjose-9827_Fruehlingsfest_Muenchen.jpg","width":1920,"height":1278},{"@type":"BreadcrumbList","@id":"https:\/\/www.hansemondial.de\/blog\/das-fruehlingsfest-in-muenchen-steht-vor-der-tuer\/#breadcrumb","itemListElement":[{"@type":"ListItem","position":1,"name":"Startseite","item":"https:\/\/www.hansemondial.de\/blog\/"},{"@type":"ListItem","position":2,"name":"Das Fr\u00fchlingsfest in M\u00fcnchen steht vor der T\u00fcr"}]},{"@type":"WebSite","@id":"https:\/\/www.hansemondial.de\/blog\/#website","url":"https:\/\/www.hansemondial.de\/blog\/","name":"Hanse Mondial Blog","description":"Der Buslogistik Blog","publisher":{"@id":"https:\/\/www.hansemondial.de\/blog\/#organization"},"potentialAction":[{"@type":"SearchAction","target":{"@type":"EntryPoint","urlTemplate":"https:\/\/www.hansemondial.de\/blog\/?s={search_term_string}"},"query-input":{"@type":"PropertyValueSpecification","valueRequired":true,"valueName":"search_term_string"}}],"inLanguage":"de"},{"@type":"Organization","@id":"https:\/\/www.hansemondial.de\/blog\/#organization","name":"Hanse Mondial GmbH","url":"https:\/\/www.hansemondial.de\/blog\/","logo":{"@type":"ImageObject","inLanguage":"de","@id":"https:\/\/www.hansemondial.de\/blog\/#\/schema\/logo\/image\/","url":"https:\/\/www.hansemondial.de\/blog\/wp-content\/uploads\/2023\/06\/MicrosoftTeams-image-5.png","contentUrl":"https:\/\/www.hansemondial.de\/blog\/wp-content\/uploads\/2023\/06\/MicrosoftTeams-image-5.png","width":300,"height":150,"caption":"Hanse Mondial GmbH"},"image":{"@id":"https:\/\/www.hansemondial.de\/blog\/#\/schema\/logo\/image\/"},"sameAs":["https:\/\/www.facebook.com\/HanseMondial\/","https:\/\/www.instagram.com\/hansemondial_buslogistik\/","https:\/\/sv.linkedin.com\/company\/hanse-mondial-gmbh","https:\/\/www.youtube.com\/channel\/UCsvt7IF3WGv6rWNXykzugHA"]},{"@type":"Person","@id":"https:\/\/www.hansemondial.de\/blog\/#\/schema\/person\/d8bfbb02246adfe2a289d6bf40ead0e3","name":"Tim Derix","image":{"@type":"ImageObject","inLanguage":"de","@id":"https:\/\/www.hansemondial.de\/blog\/#\/schema\/person\/image\/","url":"https:\/\/secure.gravatar.com\/avatar\/ffcef1b65ae567f54b83e4e40171ae5cc4d36dad47078c89fe88308a4425b688?s=96&d=mm&r=g","contentUrl":"https:\/\/secure.gravatar.com\/avatar\/ffcef1b65ae567f54b83e4e40171ae5cc4d36dad47078c89fe88308a4425b688?s=96&d=mm&r=g","caption":"Tim Derix"},"url":"https:\/\/www.hansemondial.de\/blog\/author\/tderix\/"}]}},"_links":{"self":[{"href":"https:\/\/www.hansemondial.de\/blog\/wp-json\/wp\/v2\/posts\/2530","targetHints":{"allow":["GET"]}}],"collection":[{"href":"https:\/\/www.hansemondial.de\/blog\/wp-json\/wp\/v2\/posts"}],"about":[{"href":"https:\/\/www.hansemondial.de\/blog\/wp-json\/wp\/v2\/types\/post"}],"author":[{"embeddable":true,"href":"https:\/\/www.hansemondial.de\/blog\/wp-json\/wp\/v2\/users\/2"}],"replies":[{"embeddable":true,"href":"https:\/\/www.hansemondial.de\/blog\/wp-json\/wp\/v2\/comments?post=2530"}],"version-history":[{"count":3,"href":"https:\/\/www.hansemondial.de\/blog\/wp-json\/wp\/v2\/posts\/2530\/revisions"}],"predecessor-version":[{"id":2534,"href":"https:\/\/www.hansemondial.de\/blog\/wp-json\/wp\/v2\/posts\/2530\/revisions\/2534"}],"wp:featuredmedia":[{"embeddable":true,"href":"https:\/\/www.hansemondial.de\/blog\/wp-json\/wp\/v2\/media\/2632"}],"wp:attachment":[{"href":"https:\/\/www.hansemondial.de\/blog\/wp-json\/wp\/v2\/media?parent=2530"}],"wp:term":[{"taxonomy":"category","embeddable":true,"href":"https:\/\/www.hansemondial.de\/blog\/wp-json\/wp\/v2\/categories?post=2530"},{"taxonomy":"post_tag","embeddable":true,"href":"https:\/\/www.hansemondial.de\/blog\/wp-json\/wp\/v2\/tags?post=2530"}],"curies":[{"name":"wp","href":"https:\/\/api.w.org\/{rel}","templated":true}]}}