{"id":2259,"date":"2023-07-25T10:30:36","date_gmt":"2023-07-25T08:30:36","guid":{"rendered":"https:\/\/www.hansemondial.de\/blog\/?p=2259"},"modified":"2023-07-25T14:52:11","modified_gmt":"2023-07-25T12:52:11","slug":"hanse-mondial-meets-viva-con-agua","status":"publish","type":"post","link":"https:\/\/www.hansemondial.de\/blog\/hanse-mondial-meets-viva-con-agua\/","title":{"rendered":"Hanse Mondial meets Viva con Agua"},"content":{"rendered":"\n<p>Unseren ersten Ber\u00fchrungspunkt mit Viva Con Agua hatten wir auf der Future of Festivals, einer Messe, auf welcher wir unsere Idee f\u00fcr eine neue Marke HICLIVE vorgestellt haben.<\/p>\n\n\n\n<p>Da Viva Con Agua selbst j\u00e4hrlich ein gro\u00dfes&nbsp;<a href=\"https:\/\/nwt.vivaconagua.org\/\" target=\"_blank\" rel=\"noreferrer noopener\">Netzwerktreffen<\/a>&nbsp;veranstaltet, fanden sie die Vorstellung unserer digitalen Plattform f\u00fcr nachhaltige Transfer-L\u00f6sungen f\u00fcr Festivals super ansprechend und wollten sie in diesem Jahr direkt nutzen. <\/p>\n\n\n\n<p>Leider gab es unsererseits Verz\u00f6gerungen mit dem Launch von HICLIVE, aber unter dem Namen Hanse Mondial konnten wir trotzdem einen Shuttle f\u00fcr die Besucher des diesj\u00e4hrigen Treffens stellen.&nbsp;<\/p>\n\n\n\n<p>Wir hoffen, dass wir diese Zusammenarbeit im kommenden Jahr auf ein neues Level heben k\u00f6nnen.&nbsp;<\/p>\n\n\n\n<h3 class=\"wp-block-heading\">Was ist VCA und warum freuen wir uns so \u00fcber die gemeinsame Arbeit?<\/h3>\n\n\n\n<p>Viva con Agua unterst\u00fctzt Wasserprojekte mit der Vision &#8222;WASSER F\u00dcR ALLE &#8211; ALLE F\u00dcR WASSER!&#8220;.&nbsp;<\/p>\n\n\n\n<p>Viva con Agua verfolgt die Vision, dass alle Menschen Zugang zu sauberem Trinkwasser, Hygieneeinrichtungen und sanit\u00e4rer Grundversorgung bekommen. Weltweit haben 771 Millionen Menschen keinen gesicherten Zugang zu sauberem Trinkwasser. Rund 489 Millionen Menschen fehlt sogar die Basisversorgung mit Trinkwasser.<\/p>\n\n\n\n<p><strong>Der VCA-Ansatz: positiver Aktivismus<\/strong><\/p>\n\n\n\n<p>Als Non-Profit Organisation setzen sie auf die universellen Sprachen Musik, Kunst und Sport, um Menschen f\u00fcr sauberes Trinkwasser zu aktivieren und Spenden zu generieren.<\/p>\n\n\n\n<p>Durch Aktionen, welche Spa\u00df bringen sollen, generieren sie Gelder, die letztendlich in WASH-Projekte in immer mehr L\u00e4ndern flie\u00dfen. WASH steht f\u00fcr&nbsp;<strong>W<\/strong>asser,&nbsp;<strong>S<\/strong>anit\u00e4r und&nbsp;<strong>H<\/strong>ygiene und verbessert so langfristig die Lebensumst\u00e4nde vieler Menschen.&nbsp;<br>So gehen zum Beispiel Mitglieder der ehrenamtlichen Viva con Agua Crew auf Konzerten Pfandbecher sammeln. <\/p>\n\n\n\n<p>Der Verein Viva con Agua der Sankt Pauli e.V. wurde 2006 offiziell eingetragen und als gemeinn\u00fctzig anerkannt.&nbsp;<br>Seit den Anfangstagen ist die Viva con Agua-Family stetig gewachsen. Es gibt freiwillige Viva con Agua-Crews in unz\u00e4hligen deutschen St\u00e4dten und eigenst\u00e4ndige eingetragene Vereine in der Schweiz, \u00d6sterreich, den Niederlanden, Uganda und S\u00fcdafrika.<\/p>\n\n\n\n<p><strong>Die Idee der ALL PROFIT&nbsp;<\/strong>(wie sie es nennen)<strong>&nbsp;Organisation und des Spendensammelns mit Spa\u00df und Freude ist also zur internationalen Idee geworden und bewahrheitet die Vision &#8222;Wasser f\u00fcr alle &#8211; alle f\u00fcr Wasser!&#8220;.<\/strong><\/p>\n\n\n\n<p>Um die gemeinn\u00fctzigen Akteure von Viva con Agua weiter zu unterst\u00fctzen, setzt Viva con Agua auf innovative&nbsp;<strong>Social Business-Ans\u00e4tze.&nbsp;<\/strong><\/p>\n\n\n\n<p>Als erstes Social Business wurde 2010 die<strong>\u00a0<\/strong><a href=\"https:\/\/www.vivaconagua.org\/wasser-gmbh\/\" target=\"_blank\" rel=\"noreferrer noopener\">Viva con Agua Wasser GmbH\u00a0<\/a>gegr\u00fcndet. Das Ziel der Unternehmung ist es, eine soziale Alternative auf dem Mineralwassermarkt zu etablieren und gleichzeitig f\u00fcr den Konsum von Leitungswasser zu werben.\u00a0<\/p>\n\n\n<div class=\"wp-block-image\">\n<figure class=\"aligncenter size-large is-resized\"><img loading=\"lazy\" decoding=\"async\" src=\"https:\/\/www.hansemondial.de\/blog\/wp-content\/uploads\/2023\/07\/IMG_2010-3-768x1024.jpg\" alt=\"\" class=\"wp-image-2277\" width=\"239\" height=\"318\" srcset=\"https:\/\/www.hansemondial.de\/blog\/wp-content\/uploads\/2023\/07\/IMG_2010-3-768x1024.jpg 768w, https:\/\/www.hansemondial.de\/blog\/wp-content\/uploads\/2023\/07\/IMG_2010-3-225x300.jpg 225w, https:\/\/www.hansemondial.de\/blog\/wp-content\/uploads\/2023\/07\/IMG_2010-3-1152x1536.jpg 1152w, https:\/\/www.hansemondial.de\/blog\/wp-content\/uploads\/2023\/07\/IMG_2010-3-1536x2048.jpg 1536w, https:\/\/www.hansemondial.de\/blog\/wp-content\/uploads\/2023\/07\/IMG_2010-3-1320x1760.jpg 1320w, https:\/\/www.hansemondial.de\/blog\/wp-content\/uploads\/2023\/07\/IMG_2010-3-scaled.jpg 1920w\" sizes=\"auto, (max-width: 239px) 100vw, 239px\" \/><\/figure><\/div>\n\n\n<p><strong>Ganz genau: VCA w\u00fcnscht sich, dass mehr Menschen Leitungswasser trinken.\u00a0<\/strong><br>Denn das \u00f6kologisch nachhaltigste Wasser kommt aus dem Hahn. Wenn jemand mal keine M\u00f6glichkeit hat, Leitungswasser zu trinken, kann er mit dem Kauf ihres Mineralwassers die soziale Alternative w\u00e4hlen und die Arbeit von Viva con Agua unterst\u00fctzen.<\/p>\n\n\n\n<p>Das neueste Social Business in der Viva con Agua Family ist die&nbsp;<a href=\"https:\/\/www.villaviva-hamburg.de\/\" target=\"_blank\" rel=\"noreferrer noopener\">Villa Viva.<\/a>&nbsp;In Kapstadt bereits er\u00f6ffnet und in Hamburg noch im Bau, entsteht unter dem Namen Villa Viva eine Plattform f\u00fcr Orte und Gasth\u00e4user, die Menschen in die Lebenswelt von Viva con Agua eintauchen lassen und gleichzeitig \u00fcber den Gasthausbetrieb WASH-Projekte unterst\u00fctzen.<\/p>\n\n\n\n<p>Mit&nbsp;<a href=\"https:\/\/www.artcreateswater.org\/\" target=\"_blank\" rel=\"noreferrer noopener\">Viva con Agua Arts<\/a>&nbsp;und der&nbsp;<a href=\"https:\/\/goldeimer.de\/\" target=\"_blank\" rel=\"noreferrer noopener\">Goldeimer gGmbH<\/a>&nbsp;erweitern au\u00dferdem zwei gemeinn\u00fctzige GmbHs die Viva con Agua Family. Als gemeinn\u00fctzige Akteure wirkt ihre t\u00e4gliche Arbeit auf vielf\u00e4ltige Weise auf einen gesellschaftlichen Mehrwert ein.<\/p>\n\n\n\n<p>Kurzum: VCA ist eine Vereinigung von wertebasierten Menschen, welche einen wichtigen Beitrag f\u00fcr die Weltgemeinschaft leisten.<br>Diesen positiven Tatendrang k\u00f6nnen wir von Hanse Mondial als Inspiration f\u00fcr unser eigenes Vorhaben &#8211;&nbsp;<em>Reduktion von Individualverkehr&nbsp;<\/em>&#8211; sch\u00f6pfen, begeistert davon lernen und nebenbei die VCA-Mission unterst\u00fctzen.<\/p>\n\n\n\n<p>Viva con Agua Arts und die Millerntor Gallery<\/p>\n\n\n\n<p>Viva con Agua Arts ist ein weiterer Teil des VCA-Kosmos und setzt sich vor allem mit Kunst f\u00fcr die Verbreitung der VCA-Mission ein. Die seit 2011 stattfindende Millerntor Gallery ist das Aush\u00e4ngeschild der gemeinn\u00fctzigen Organisation.&nbsp;<\/p>\n\n\n\n<p>Die Veranstaltung im Millerntor Stadion des FC St. Pauli nutzt die Sprache der Kunst, &#8218;<em>um nach dem Motto Art Creates Water Kunst in Wasser und die Besucher*innen sowie Kulturschaffende in Teilnehmer*innen an gesellschaftlichen Ver\u00e4nderungsprozessen zu transformieren&#8216;<\/em>.<\/p>\n\n\n\n<p>Und das mit gro\u00dfem Erfolg! Das Festival z\u00e4hlte in den letzten Jahren bis zu 17.000 Besucher*innen, 50 Musiker*innen, 200 K\u00fcnstler*innen, 50 Murals, 600 Artworks und eine Charity Auktion.&nbsp;<\/p>\n\n\n\n<p>Das Motto f\u00fcr das Festival, welches letztes Wochenende stattgefunden hat:<br><strong>The Power of Water.&nbsp;<\/strong><\/p>\n\n\n\n<p>Unsere Nachhaltigkeitsmanagerin Hanna hat sich in diesem Jahr neben dem Besuch der Pre-Opening auch einiges an Inspiration als Volunteer geholt und vor Ort mitgeholfen.&nbsp;<\/p>\n\n\n\n<p>Was wir an langfristigen Impulsen, durch die unsere Partnerschaft mit VCA gewinnen, werden wir sehen, aber eines k\u00f6nnen wir schon jetzt sagen:&nbsp;<\/p>\n\n\n\n<p>Wenn man mit einem&nbsp;<strong>starken Netzwerk<\/strong>, welches mit&nbsp;<strong>Aktionen, die allen Teilnehmenden Spa\u00df und Freude<\/strong><strong><\/strong>bringen, eine&nbsp;<strong>klare Vision&nbsp;<\/strong>verfolgt, kann man nur erfolgreich sein!<\/p>\n\n\n\n<p>Wir halten euch auf dem Laufenden dazu, wie wir diese Erkenntnisse umsetzen.&nbsp;<\/p>\n\n\n\n<p>Bis dahin k\u00f6nnt ihr gern&nbsp;<a href=\"https:\/\/www.instagram.com\/vivaconagua\/\" target=\"_blank\" rel=\"noreferrer noopener\">Viva con Agua<\/a>&nbsp;und der&nbsp;<a href=\"https:\/\/www.instagram.com\/millerntorgallery\/\" target=\"_blank\" rel=\"noreferrer noopener\">Millerntor Gallery<\/a>&nbsp;auf Social Media Kan\u00e4len folgen und euch selbst inspirieren lassen.&nbsp;<\/p>\n\n\n\n<p>Oder ihr besucht den Nachhaltigkeitsbereich unserer Website:<\/p>\n\n\n\n<div class=\"wp-block-buttons has-custom-font-size has-medium-font-size is-content-justification-center is-layout-flex wp-container-core-buttons-is-layout-16018d1d wp-block-buttons-is-layout-flex\">\n<div class=\"wp-block-button\"><a class=\"wp-block-button__link has-background has-text-align-center wp-element-button\" href=\"https:\/\/www.hansemondial.de\/de\/ueber-uns\/nachhaltigkeit\" style=\"border-radius:0px;background-color:#3e7dbe\" target=\"_blank\" rel=\"noreferrer noopener\">MEHR ERFAHREN<\/a><\/div>\n<\/div>\n\n\n\n<p><br><\/p>\n\n\n\n<p><br><\/p>\n","protected":false},"excerpt":{"rendered":"<p>Unseren ersten Ber\u00fchrungspunkt mit Viva Con Agua hatten wir auf der Future of Festivals, einer Messe, auf welcher wir unsere Idee f\u00fcr eine neue Marke HICLIVE vorgestellt haben. Da Viva Con Agua selbst j\u00e4hrlich ein [&hellip;]<\/p>\n","protected":false},"author":2,"featured_media":2266,"comment_status":"open","ping_status":"open","sticky":false,"template":"","format":"standard","meta":{"footnotes":""},"categories":[96,114],"tags":[40,97,193],"class_list":["post-2259","post","type-post","status-publish","format-standard","has-post-thumbnail","hentry","category-nachhaltigkeit","category-veranstaltung","tag-event","tag-nachhaltigkeit","tag-viva-con-agua"],"yoast_head":"<!-- This site is optimized with the Yoast SEO plugin v25.9 - https:\/\/yoast.com\/wordpress\/plugins\/seo\/ -->\n<title>Hanse Mondial meets Viva con Agua - Hanse Mondial Blog<\/title>\n<meta name=\"robots\" content=\"index, follow, max-snippet:-1, max-image-preview:large, max-video-preview:-1\" \/>\n<link rel=\"canonical\" href=\"https:\/\/www.hansemondial.de\/blog\/hanse-mondial-meets-viva-con-agua\/\" \/>\n<meta property=\"og:locale\" content=\"de_DE\" \/>\n<meta property=\"og:type\" content=\"article\" \/>\n<meta property=\"og:title\" content=\"Hanse Mondial meets Viva con Agua - Hanse Mondial Blog\" \/>\n<meta property=\"og:description\" content=\"Unseren ersten Ber\u00fchrungspunkt mit Viva Con Agua hatten wir auf der Future of Festivals, einer Messe, auf welcher wir unsere Idee f\u00fcr eine neue Marke HICLIVE vorgestellt haben. Da Viva Con Agua selbst j\u00e4hrlich ein [&hellip;]\" \/>\n<meta property=\"og:url\" content=\"https:\/\/www.hansemondial.de\/blog\/hanse-mondial-meets-viva-con-agua\/\" \/>\n<meta property=\"og:site_name\" content=\"Hanse Mondial Blog\" \/>\n<meta property=\"article:publisher\" content=\"https:\/\/www.facebook.com\/HanseMondial\/\" \/>\n<meta property=\"article:published_time\" content=\"2023-07-25T08:30:36+00:00\" \/>\n<meta property=\"article:modified_time\" content=\"2023-07-25T12:52:11+00:00\" \/>\n<meta property=\"og:image\" content=\"https:\/\/www.hansemondial.de\/blog\/wp-content\/uploads\/2023\/07\/MicrosoftTeams-image-6-scaled.jpg\" \/>\n\t<meta property=\"og:image:width\" content=\"1920\" \/>\n\t<meta property=\"og:image:height\" content=\"2560\" \/>\n\t<meta property=\"og:image:type\" content=\"image\/jpeg\" \/>\n<meta name=\"author\" content=\"Tim Derix\" \/>\n<meta name=\"twitter:card\" content=\"summary_large_image\" \/>\n<meta name=\"twitter:label1\" content=\"Verfasst von\" \/>\n\t<meta name=\"twitter:data1\" content=\"Tim Derix\" \/>\n\t<meta name=\"twitter:label2\" content=\"Gesch\u00e4tzte Lesezeit\" \/>\n\t<meta name=\"twitter:data2\" content=\"5\u00a0Minuten\" \/>\n<script type=\"application\/ld+json\" class=\"yoast-schema-graph\">{\"@context\":\"https:\/\/schema.org\",\"@graph\":[{\"@type\":\"Article\",\"@id\":\"https:\/\/www.hansemondial.de\/blog\/hanse-mondial-meets-viva-con-agua\/#article\",\"isPartOf\":{\"@id\":\"https:\/\/www.hansemondial.de\/blog\/hanse-mondial-meets-viva-con-agua\/\"},\"author\":{\"name\":\"Tim Derix\",\"@id\":\"https:\/\/www.hansemondial.de\/blog\/#\/schema\/person\/d8bfbb02246adfe2a289d6bf40ead0e3\"},\"headline\":\"Hanse Mondial meets Viva con Agua\",\"datePublished\":\"2023-07-25T08:30:36+00:00\",\"dateModified\":\"2023-07-25T12:52:11+00:00\",\"mainEntityOfPage\":{\"@id\":\"https:\/\/www.hansemondial.de\/blog\/hanse-mondial-meets-viva-con-agua\/\"},\"wordCount\":900,\"commentCount\":0,\"publisher\":{\"@id\":\"https:\/\/www.hansemondial.de\/blog\/#organization\"},\"image\":{\"@id\":\"https:\/\/www.hansemondial.de\/blog\/hanse-mondial-meets-viva-con-agua\/#primaryimage\"},\"thumbnailUrl\":\"https:\/\/www.hansemondial.de\/blog\/wp-content\/uploads\/2023\/07\/MicrosoftTeams-image-6-scaled.jpg\",\"keywords\":[\"Event\",\"Nachhaltigkeit\",\"Viva con Agua\"],\"articleSection\":[\"Nachhaltigkeit\",\"Veranstaltung\"],\"inLanguage\":\"de\",\"potentialAction\":[{\"@type\":\"CommentAction\",\"name\":\"Comment\",\"target\":[\"https:\/\/www.hansemondial.de\/blog\/hanse-mondial-meets-viva-con-agua\/#respond\"]}]},{\"@type\":\"WebPage\",\"@id\":\"https:\/\/www.hansemondial.de\/blog\/hanse-mondial-meets-viva-con-agua\/\",\"url\":\"https:\/\/www.hansemondial.de\/blog\/hanse-mondial-meets-viva-con-agua\/\",\"name\":\"Hanse Mondial meets Viva con Agua - Hanse Mondial Blog\",\"isPartOf\":{\"@id\":\"https:\/\/www.hansemondial.de\/blog\/#website\"},\"primaryImageOfPage\":{\"@id\":\"https:\/\/www.hansemondial.de\/blog\/hanse-mondial-meets-viva-con-agua\/#primaryimage\"},\"image\":{\"@id\":\"https:\/\/www.hansemondial.de\/blog\/hanse-mondial-meets-viva-con-agua\/#primaryimage\"},\"thumbnailUrl\":\"https:\/\/www.hansemondial.de\/blog\/wp-content\/uploads\/2023\/07\/MicrosoftTeams-image-6-scaled.jpg\",\"datePublished\":\"2023-07-25T08:30:36+00:00\",\"dateModified\":\"2023-07-25T12:52:11+00:00\",\"breadcrumb\":{\"@id\":\"https:\/\/www.hansemondial.de\/blog\/hanse-mondial-meets-viva-con-agua\/#breadcrumb\"},\"inLanguage\":\"de\",\"potentialAction\":[{\"@type\":\"ReadAction\",\"target\":[\"https:\/\/www.hansemondial.de\/blog\/hanse-mondial-meets-viva-con-agua\/\"]}]},{\"@type\":\"ImageObject\",\"inLanguage\":\"de\",\"@id\":\"https:\/\/www.hansemondial.de\/blog\/hanse-mondial-meets-viva-con-agua\/#primaryimage\",\"url\":\"https:\/\/www.hansemondial.de\/blog\/wp-content\/uploads\/2023\/07\/MicrosoftTeams-image-6-scaled.jpg\",\"contentUrl\":\"https:\/\/www.hansemondial.de\/blog\/wp-content\/uploads\/2023\/07\/MicrosoftTeams-image-6-scaled.jpg\",\"width\":1920,\"height\":2560,\"caption\":\"Buntes Gem\u00e4lde an der Wand h\u00e4ngend.\"},{\"@type\":\"BreadcrumbList\",\"@id\":\"https:\/\/www.hansemondial.de\/blog\/hanse-mondial-meets-viva-con-agua\/#breadcrumb\",\"itemListElement\":[{\"@type\":\"ListItem\",\"position\":1,\"name\":\"Startseite\",\"item\":\"https:\/\/www.hansemondial.de\/blog\/\"},{\"@type\":\"ListItem\",\"position\":2,\"name\":\"Hanse Mondial meets Viva con Agua\"}]},{\"@type\":\"WebSite\",\"@id\":\"https:\/\/www.hansemondial.de\/blog\/#website\",\"url\":\"https:\/\/www.hansemondial.de\/blog\/\",\"name\":\"Hanse Mondial Blog\",\"description\":\"Der Buslogistik Blog\",\"publisher\":{\"@id\":\"https:\/\/www.hansemondial.de\/blog\/#organization\"},\"potentialAction\":[{\"@type\":\"SearchAction\",\"target\":{\"@type\":\"EntryPoint\",\"urlTemplate\":\"https:\/\/www.hansemondial.de\/blog\/?s={search_term_string}\"},\"query-input\":{\"@type\":\"PropertyValueSpecification\",\"valueRequired\":true,\"valueName\":\"search_term_string\"}}],\"inLanguage\":\"de\"},{\"@type\":\"Organization\",\"@id\":\"https:\/\/www.hansemondial.de\/blog\/#organization\",\"name\":\"Hanse Mondial GmbH\",\"url\":\"https:\/\/www.hansemondial.de\/blog\/\",\"logo\":{\"@type\":\"ImageObject\",\"inLanguage\":\"de\",\"@id\":\"https:\/\/www.hansemondial.de\/blog\/#\/schema\/logo\/image\/\",\"url\":\"https:\/\/www.hansemondial.de\/blog\/wp-content\/uploads\/2023\/06\/MicrosoftTeams-image-5.png\",\"contentUrl\":\"https:\/\/www.hansemondial.de\/blog\/wp-content\/uploads\/2023\/06\/MicrosoftTeams-image-5.png\",\"width\":300,\"height\":150,\"caption\":\"Hanse Mondial GmbH\"},\"image\":{\"@id\":\"https:\/\/www.hansemondial.de\/blog\/#\/schema\/logo\/image\/\"},\"sameAs\":[\"https:\/\/www.facebook.com\/HanseMondial\/\",\"https:\/\/www.instagram.com\/hansemondial_buslogistik\/\",\"https:\/\/sv.linkedin.com\/company\/hanse-mondial-gmbh\",\"https:\/\/www.youtube.com\/channel\/UCsvt7IF3WGv6rWNXykzugHA\"]},{\"@type\":\"Person\",\"@id\":\"https:\/\/www.hansemondial.de\/blog\/#\/schema\/person\/d8bfbb02246adfe2a289d6bf40ead0e3\",\"name\":\"Tim Derix\",\"image\":{\"@type\":\"ImageObject\",\"inLanguage\":\"de\",\"@id\":\"https:\/\/www.hansemondial.de\/blog\/#\/schema\/person\/image\/\",\"url\":\"https:\/\/secure.gravatar.com\/avatar\/ffcef1b65ae567f54b83e4e40171ae5cc4d36dad47078c89fe88308a4425b688?s=96&d=mm&r=g\",\"contentUrl\":\"https:\/\/secure.gravatar.com\/avatar\/ffcef1b65ae567f54b83e4e40171ae5cc4d36dad47078c89fe88308a4425b688?s=96&d=mm&r=g\",\"caption\":\"Tim Derix\"},\"url\":\"https:\/\/www.hansemondial.de\/blog\/author\/tderix\/\"}]}<\/script>\n<!-- \/ Yoast SEO plugin. -->","yoast_head_json":{"title":"Hanse Mondial meets Viva con Agua - Hanse Mondial Blog","robots":{"index":"index","follow":"follow","max-snippet":"max-snippet:-1","max-image-preview":"max-image-preview:large","max-video-preview":"max-video-preview:-1"},"canonical":"https:\/\/www.hansemondial.de\/blog\/hanse-mondial-meets-viva-con-agua\/","og_locale":"de_DE","og_type":"article","og_title":"Hanse Mondial meets Viva con Agua - Hanse Mondial Blog","og_description":"Unseren ersten Ber\u00fchrungspunkt mit Viva Con Agua hatten wir auf der Future of Festivals, einer Messe, auf welcher wir unsere Idee f\u00fcr eine neue Marke HICLIVE vorgestellt haben. Da Viva Con Agua selbst j\u00e4hrlich ein [&hellip;]","og_url":"https:\/\/www.hansemondial.de\/blog\/hanse-mondial-meets-viva-con-agua\/","og_site_name":"Hanse Mondial Blog","article_publisher":"https:\/\/www.facebook.com\/HanseMondial\/","article_published_time":"2023-07-25T08:30:36+00:00","article_modified_time":"2023-07-25T12:52:11+00:00","og_image":[{"width":1920,"height":2560,"url":"https:\/\/www.hansemondial.de\/blog\/wp-content\/uploads\/2023\/07\/MicrosoftTeams-image-6-scaled.jpg","type":"image\/jpeg"}],"author":"Tim Derix","twitter_card":"summary_large_image","twitter_misc":{"Verfasst von":"Tim Derix","Gesch\u00e4tzte Lesezeit":"5\u00a0Minuten"},"schema":{"@context":"https:\/\/schema.org","@graph":[{"@type":"Article","@id":"https:\/\/www.hansemondial.de\/blog\/hanse-mondial-meets-viva-con-agua\/#article","isPartOf":{"@id":"https:\/\/www.hansemondial.de\/blog\/hanse-mondial-meets-viva-con-agua\/"},"author":{"name":"Tim Derix","@id":"https:\/\/www.hansemondial.de\/blog\/#\/schema\/person\/d8bfbb02246adfe2a289d6bf40ead0e3"},"headline":"Hanse Mondial meets Viva con Agua","datePublished":"2023-07-25T08:30:36+00:00","dateModified":"2023-07-25T12:52:11+00:00","mainEntityOfPage":{"@id":"https:\/\/www.hansemondial.de\/blog\/hanse-mondial-meets-viva-con-agua\/"},"wordCount":900,"commentCount":0,"publisher":{"@id":"https:\/\/www.hansemondial.de\/blog\/#organization"},"image":{"@id":"https:\/\/www.hansemondial.de\/blog\/hanse-mondial-meets-viva-con-agua\/#primaryimage"},"thumbnailUrl":"https:\/\/www.hansemondial.de\/blog\/wp-content\/uploads\/2023\/07\/MicrosoftTeams-image-6-scaled.jpg","keywords":["Event","Nachhaltigkeit","Viva con Agua"],"articleSection":["Nachhaltigkeit","Veranstaltung"],"inLanguage":"de","potentialAction":[{"@type":"CommentAction","name":"Comment","target":["https:\/\/www.hansemondial.de\/blog\/hanse-mondial-meets-viva-con-agua\/#respond"]}]},{"@type":"WebPage","@id":"https:\/\/www.hansemondial.de\/blog\/hanse-mondial-meets-viva-con-agua\/","url":"https:\/\/www.hansemondial.de\/blog\/hanse-mondial-meets-viva-con-agua\/","name":"Hanse Mondial meets Viva con Agua - Hanse Mondial Blog","isPartOf":{"@id":"https:\/\/www.hansemondial.de\/blog\/#website"},"primaryImageOfPage":{"@id":"https:\/\/www.hansemondial.de\/blog\/hanse-mondial-meets-viva-con-agua\/#primaryimage"},"image":{"@id":"https:\/\/www.hansemondial.de\/blog\/hanse-mondial-meets-viva-con-agua\/#primaryimage"},"thumbnailUrl":"https:\/\/www.hansemondial.de\/blog\/wp-content\/uploads\/2023\/07\/MicrosoftTeams-image-6-scaled.jpg","datePublished":"2023-07-25T08:30:36+00:00","dateModified":"2023-07-25T12:52:11+00:00","breadcrumb":{"@id":"https:\/\/www.hansemondial.de\/blog\/hanse-mondial-meets-viva-con-agua\/#breadcrumb"},"inLanguage":"de","potentialAction":[{"@type":"ReadAction","target":["https:\/\/www.hansemondial.de\/blog\/hanse-mondial-meets-viva-con-agua\/"]}]},{"@type":"ImageObject","inLanguage":"de","@id":"https:\/\/www.hansemondial.de\/blog\/hanse-mondial-meets-viva-con-agua\/#primaryimage","url":"https:\/\/www.hansemondial.de\/blog\/wp-content\/uploads\/2023\/07\/MicrosoftTeams-image-6-scaled.jpg","contentUrl":"https:\/\/www.hansemondial.de\/blog\/wp-content\/uploads\/2023\/07\/MicrosoftTeams-image-6-scaled.jpg","width":1920,"height":2560,"caption":"Buntes Gem\u00e4lde an der Wand h\u00e4ngend."},{"@type":"BreadcrumbList","@id":"https:\/\/www.hansemondial.de\/blog\/hanse-mondial-meets-viva-con-agua\/#breadcrumb","itemListElement":[{"@type":"ListItem","position":1,"name":"Startseite","item":"https:\/\/www.hansemondial.de\/blog\/"},{"@type":"ListItem","position":2,"name":"Hanse Mondial meets Viva con Agua"}]},{"@type":"WebSite","@id":"https:\/\/www.hansemondial.de\/blog\/#website","url":"https:\/\/www.hansemondial.de\/blog\/","name":"Hanse Mondial Blog","description":"Der Buslogistik Blog","publisher":{"@id":"https:\/\/www.hansemondial.de\/blog\/#organization"},"potentialAction":[{"@type":"SearchAction","target":{"@type":"EntryPoint","urlTemplate":"https:\/\/www.hansemondial.de\/blog\/?s={search_term_string}"},"query-input":{"@type":"PropertyValueSpecification","valueRequired":true,"valueName":"search_term_string"}}],"inLanguage":"de"},{"@type":"Organization","@id":"https:\/\/www.hansemondial.de\/blog\/#organization","name":"Hanse Mondial GmbH","url":"https:\/\/www.hansemondial.de\/blog\/","logo":{"@type":"ImageObject","inLanguage":"de","@id":"https:\/\/www.hansemondial.de\/blog\/#\/schema\/logo\/image\/","url":"https:\/\/www.hansemondial.de\/blog\/wp-content\/uploads\/2023\/06\/MicrosoftTeams-image-5.png","contentUrl":"https:\/\/www.hansemondial.de\/blog\/wp-content\/uploads\/2023\/06\/MicrosoftTeams-image-5.png","width":300,"height":150,"caption":"Hanse Mondial GmbH"},"image":{"@id":"https:\/\/www.hansemondial.de\/blog\/#\/schema\/logo\/image\/"},"sameAs":["https:\/\/www.facebook.com\/HanseMondial\/","https:\/\/www.instagram.com\/hansemondial_buslogistik\/","https:\/\/sv.linkedin.com\/company\/hanse-mondial-gmbh","https:\/\/www.youtube.com\/channel\/UCsvt7IF3WGv6rWNXykzugHA"]},{"@type":"Person","@id":"https:\/\/www.hansemondial.de\/blog\/#\/schema\/person\/d8bfbb02246adfe2a289d6bf40ead0e3","name":"Tim Derix","image":{"@type":"ImageObject","inLanguage":"de","@id":"https:\/\/www.hansemondial.de\/blog\/#\/schema\/person\/image\/","url":"https:\/\/secure.gravatar.com\/avatar\/ffcef1b65ae567f54b83e4e40171ae5cc4d36dad47078c89fe88308a4425b688?s=96&d=mm&r=g","contentUrl":"https:\/\/secure.gravatar.com\/avatar\/ffcef1b65ae567f54b83e4e40171ae5cc4d36dad47078c89fe88308a4425b688?s=96&d=mm&r=g","caption":"Tim Derix"},"url":"https:\/\/www.hansemondial.de\/blog\/author\/tderix\/"}]}},"_links":{"self":[{"href":"https:\/\/www.hansemondial.de\/blog\/wp-json\/wp\/v2\/posts\/2259","targetHints":{"allow":["GET"]}}],"collection":[{"href":"https:\/\/www.hansemondial.de\/blog\/wp-json\/wp\/v2\/posts"}],"about":[{"href":"https:\/\/www.hansemondial.de\/blog\/wp-json\/wp\/v2\/types\/post"}],"author":[{"embeddable":true,"href":"https:\/\/www.hansemondial.de\/blog\/wp-json\/wp\/v2\/users\/2"}],"replies":[{"embeddable":true,"href":"https:\/\/www.hansemondial.de\/blog\/wp-json\/wp\/v2\/comments?post=2259"}],"version-history":[{"count":10,"href":"https:\/\/www.hansemondial.de\/blog\/wp-json\/wp\/v2\/posts\/2259\/revisions"}],"predecessor-version":[{"id":2279,"href":"https:\/\/www.hansemondial.de\/blog\/wp-json\/wp\/v2\/posts\/2259\/revisions\/2279"}],"wp:featuredmedia":[{"embeddable":true,"href":"https:\/\/www.hansemondial.de\/blog\/wp-json\/wp\/v2\/media\/2266"}],"wp:attachment":[{"href":"https:\/\/www.hansemondial.de\/blog\/wp-json\/wp\/v2\/media?parent=2259"}],"wp:term":[{"taxonomy":"category","embeddable":true,"href":"https:\/\/www.hansemondial.de\/blog\/wp-json\/wp\/v2\/categories?post=2259"},{"taxonomy":"post_tag","embeddable":true,"href":"https:\/\/www.hansemondial.de\/blog\/wp-json\/wp\/v2\/tags?post=2259"}],"curies":[{"name":"wp","href":"https:\/\/api.w.org\/{rel}","templated":true}]}}