{"id":1968,"date":"2022-12-14T16:18:12","date_gmt":"2022-12-14T15:18:12","guid":{"rendered":"https:\/\/www.hansemondial.de\/blog\/?p=1968"},"modified":"2024-07-30T09:26:42","modified_gmt":"2024-07-30T07:26:42","slug":"hanse-mondial-jahresrueckblick-2022","status":"publish","type":"post","link":"https:\/\/www.hansemondial.de\/blog\/hanse-mondial-jahresrueckblick-2022\/","title":{"rendered":"Hanse Mondial Jahresr\u00fcckblick 2022"},"content":{"rendered":"\n<p>Es ist endlich wieder soweit und wir von <a href=\"https:\/\/www.hansemondial.de\/de\" target=\"_blank\" rel=\"noreferrer noopener\">Hanse Mondial<\/a> lassen das Jahr 2022 Revue passieren. Was und wen haben wir bewegt? Wie sahen unsere Highlights in diesem Jahr aus? Und welche Projekte haben wir eigentlich in diesem Jahr umgesetzt?<\/p>\n\n\n\n<p>All das erf\u00e4hrst Du in unserem diesj\u00e4hrigen Jahresr\u00fcckblick. Wir w\u00fcnschen Dir viel Spa\u00df beim Lesen und freuen uns, wenn Du uns auch im n\u00e4chsten Jahr auf unserer Reise begleitest. <\/p>\n\n\n\n<h3 class=\"wp-block-heading\">JANUAR<\/h3>\n\n\n\n<p>Generell ist der Januar immer etwas &#8222;ruhiger&#8220; in der Busbranche. Diesen Monat nutzen wir immer verst\u00e4rkt f\u00fcr die Planung von anstehenden Gro\u00dfprojekten, aber auch f\u00fcr interne Projekte, die das Team betreffen. <\/p>\n\n\n\n<p>Und auch in diesem Jahr w\u00e4ren wir eigentlich auf der BOE International Messe in Dortmund gewesen. Die Messe wurde allerdings aufgrund der aktuellen Situation bereits im Vormonat abgesagt. So haben wir die Zeit genutzt, um uns final auf ein spannendes Jahr 2022 vorzubereiten! <\/p>\n\n\n\n<h3 class=\"wp-block-heading\">FEBRUAR<\/h3>\n\n\n\n<p>Im Februar kamen die Projekte im wahrsten Sinne des Wortes immer mehr ins Rollen. Unser mobiles Impfprojekt in Zusammenarbeit mit einem unserer Buspartner war noch im vollen Gange und wir konnten dieses erfolgreich im Februar abschlie\u00dfen. <\/p>\n\n\n\n<p>An dieser Stelle noch mal vielen Dank f\u00fcr die Zusammenarbeit!<\/p>\n\n\n\n<h3 class=\"wp-block-heading\">M\u00c4RZ<\/h3>\n\n\n\n<p>Der M\u00e4rz war ein Monat voller gemischter Gef\u00fchle. Die Situation in Europa spitzte sich bereits Ende Februar durch den Ukraine-Konflikt zu und wir entschieden uns kurzerhand die Initiative &#8222;helpbus&#8220; zu unterst\u00fctzen. Dadurch konnten viele Menschen in Sicherheit gebracht werden. <\/p>\n\n\n\n<p>Eine ausschlie\u00dflich positive Nachricht brachte der M\u00e4rz dann doch noch mit sich, denn Hanse Mondial wurde von Sven Lorenz mit dem Business Growth Award ausgezeichnet! Dar\u00fcber haben wir uns mehr als gefreut und die Auszeichnung hat uns wieder einmal darin best\u00e4rkt, dass wir die Busbranche der Zukunft aktiv mitgestalten wollen.<\/p>\n\n\n\n<h3 class=\"wp-block-heading\">APRIL<\/h3>\n\n\n\n<p>Weiter ging es Anfang April mit unserem offiziellen Kick-Off. Zugegebenerma\u00dfen etwas sp\u00e4ter als geplant, aber dennoch wollten wir gemeinsam mit den Team einen Ausblick auf das Jahr sowie einen R\u00fcckblick auf die bisherigen Erfolge werfen. <\/p>\n\n\n\n<p>Ende April ging es f\u00fcr uns nach Berlin, denn die BUS2BUS Messe stand auf der Agenda. Gemeinsam mit dem Podcast <a href=\"https:\/\/open.spotify.com\/show\/69WPYkabGQFPJJ0o318nMI?autoplay=true\" target=\"_blank\" rel=\"noreferrer noopener\">&#8222;Zweibahnstrasse &#8211; Mobilit\u00e4t der Zukunft&#8220; <\/a>haben wir in einem umgebauten Reisebus zwei Tage viele, spannende Gespr\u00e4che gef\u00fchrt. <\/p>\n\n\n\n<p>Au\u00dferdem sind wir von der Messe nicht mit leeren H\u00e4nden nach Hause gegangen, denn einer unserer Kooperationspartner, pepper motion, hat uns f\u00fcr ein halbes Jahr einen ihrer umgebauten E-Busse \u00fcbergeben. Dieser wurde von uns in den n\u00e4chsten Monaten f\u00fcr Projekte in und um Hamburg eingesetzt. <\/p>\n\n\n\n<h3 class=\"wp-block-heading\">MAI<\/h3>\n\n\n\n<p>Dieser Monat war sehr besonders f\u00fcr uns, denn eine der gr\u00f6\u00dften Projekte f\u00fcr dieses Jahr stand vor der T\u00fcr: die IMEX 2022 in Frankfurt am Main. An insgesamt f\u00fcnf Tagen haben wir insgesamt \u00fcber 17.000 Fahrg\u00e4ste bef\u00f6rdert. Aber seht selbst, denn in diesem Video geben wir Dir einen Einblick hinter die Kulissen: <\/p>\n\n\n\n<figure class=\"wp-block-embed is-type-video is-provider-youtube wp-block-embed-youtube wp-embed-aspect-16-9 wp-has-aspect-ratio\"><div class=\"wp-block-embed__wrapper\">\n<div class=\"olsen-light-responsive-embed\"><iframe loading=\"lazy\" title=\"IMEX 2022 - Buslogistik f\u00fcr 17.000 Personen\" width=\"665\" height=\"374\" src=\"https:\/\/www.youtube.com\/embed\/7RhtXuU_hWU?feature=oembed\" frameborder=\"0\" allow=\"accelerometer; autoplay; clipboard-write; encrypted-media; gyroscope; picture-in-picture; web-share\" referrerpolicy=\"strict-origin-when-cross-origin\" allowfullscreen><\/iframe><\/div>\n<\/div><figcaption class=\"wp-element-caption\"><a href=\"https:\/\/youtu.be\/7RhtXuU_hWU\" target=\"_blank\" rel=\"noreferrer noopener\">Wir haben \u00fcber 17.000 Personen rund um die IMEX 2022 in Frankfurt am Main bef\u00f6rdert!<\/a><\/figcaption><\/figure>\n\n\n\n<p>Die IMEX 2023 kann kommen!<\/p>\n\n\n\n<h3 class=\"wp-block-heading\">JUNI<\/h3>\n\n\n\n<p>Mit der Euphorie aus dem Mai verlief der gesamte Juni ebenfalls positiv und spannend f\u00fcr uns. Es standen viele verschiedene Koordinationen f\u00fcr Kunden an, die wir vor Ort mit dem Team begleitet haben. <\/p>\n\n\n\n<p>Ein weiteres Highlight war das Mobility Festival HEY\/HAMBURG f\u00fcr uns. Julien war gemeinsam mit Co-Host Sophia an beiden Tagen mit dem Podcast &#8222;Zweibahnstrasse &#8211; Mobilit\u00e4t der Zukunft&#8220; vor Ort. Die beiden haben einen regelrechten Podcastmarathon hingelegt und mit spannenden Personen aus der Branche \u00fcber die zuk\u00fcnftige Mobilit\u00e4t diskutiert. <\/p>\n\n\n\n<h3 class=\"wp-block-heading\">JULI<\/h3>\n\n\n\n<p>Der typische Urlaubsmonat war wieder etwas ruhiger und wir konnten uns in Ruhe auf die n\u00e4chste Hochphase vorbereiten. <\/p>\n\n\n\n<p>Das war ein gutes Timing, denn seit Jahresbeginn und auch in den Sommermonaten ist unser Team um viele tolle, neue Hanse Mondialer gewachsen. Jedes unserer Teams hat Zuwachs an neuen Mitarbeitenden in diesem Jahr bekommen und wir freuen uns \u00fcber jeden, der bei uns ist und unser Team bereichert! <\/p>\n\n\n\n<h3 class=\"wp-block-heading\">AUGUST<\/h3>\n\n\n\n<p>Im August ging es f\u00fcr uns wieder in die Hauptstadt. Der MEET GERMANY Summit in Berlin fand wieder statt und wir haben nicht nur den Reisebus f\u00fcr die Touren gestellt, sondern waren ebenfalls vor Ort mit einem Stand vertreten. Wir haben tolle Gespr\u00e4che gef\u00fchrt und wertvolle Kontakte aus der Eventbranche gekn\u00fcpft. Danke daf\u00fcr!<\/p>\n\n\n\n<h3 class=\"wp-block-heading\">SEPTEMBER<\/h3>\n\n\n\n<p>Der September stand auch in diesem Jahr im Zeichen der Nachhaltigkeit, denn unsere Kooperation mit Travel &amp; Tree bestand bereits seit einem Jahr. Und genau im September haben wir auch das erste Mal so viele B\u00e4ume wie noch nie in einem Monat mit Travel &amp; Tree gepflanzt. Mit einer kleinen Ausnahmen, denn im Juli haben wir im Rahmen der IMEX noch mal zus\u00e4tzlich 1000 B\u00e4ume in Tansania gepflanzt.<\/p>\n\n\n\n<p>Das schreit nach mehr und wir freuen uns auf alles was noch kommt! <\/p>\n\n\n\n<h3 class=\"wp-block-heading\">OKTOBER<\/h3>\n\n\n\n<p>Endlich fiel der Uni-Startschuss f\u00fcr unsere drei Dualstudierenden im Oktober. Wir begleiten Tina, Aaliyah und Stephanie als Praxispartner durch ihr Studium und freuen uns, dass wir die drei mit an Bord haben! Das spannende ist, dass sie in ganz unterschiedlichen Fachrichtungen unterwegs sind: Tina studiert Mediendesign, Aaliyah Tourismus und Stephanie Personalmanagement.<\/p>\n\n\n\n<p>Die ersten Monate sind bereits wie im Flug vergangen und wir sind jetzt schon gespannt auf viele kreative Ideen, Input und coole Projekte der drei! <\/p>\n\n\n\n<h3 class=\"wp-block-heading\">NOVEMBER<\/h3>\n\n\n\n<p>Unter dem Motto #wirgef\u00fchl gab es eine Premiere in der Hanse Mondial Geschichte: das erste Mal waren wir mit dem gesamten Team unterwegs. Unsere allerersten Teamtage voller Workshops, Ma\u00dfnahmen f\u00fcr das Teambuilding und abteilungs\u00fcbergreifenden Gespr\u00e4chen waren ein voller Erfolg.<\/p>\n\n\n\n<p>Zwei Tage haben wir gemeinsam an der Ostsee verbracht und am dritten Tag ging es zu einem unserer Busunternehmer: Peters-Reisen. Dort haben wir nicht nur das gesamte Team von Peters-Reisen kennengelernt, sondern sind gegeneinander angetreten, um den Busmaster Award zu gewinnen. Im n\u00e4chsten Jahr fordern wir definitiv eine Revanche, denn der Award ist dieses Jahr im Hause Peters-Reisen geblieben. \ud83d\ude09 <\/p>\n\n\n\n<h3 class=\"wp-block-heading\">DEZEMBER<\/h3>\n\n\n\n<p>Wir lassen das Jahr so langsam ausklingen und bringen die letzten Projekte zum Abschluss. <\/p>\n\n\n\n<p>Ebenfalls steht noch unsere Hanse Mondial Weihnachtsfeier ein paar Tage vor Heiligabend an &#8211; die Vorfreude steigt! <\/p>\n\n\n\n<p><\/p>\n\n\n\n<p>Wir hoffen, dass Dir unser Jahresr\u00fcckblick gefallen hat und Du uns dadurch ein wenig besser kennenlernen konntest. <\/p>\n\n\n\n<p>Und jetzt w\u00fcnschen wir Dir sch\u00f6ne Festtage und eine erholsame Zeit im Kreise Deiner Liebsten!<\/p>\n\n\n\n<p>Einen grandiosen Start ins neue Jahr und wir freuen uns bereits mit Dir gemeinsam viel zu bewegen!<\/p>\n","protected":false},"excerpt":{"rendered":"<p>Es ist endlich wieder soweit und wir von Hanse Mondial lassen das Jahr 2022 Revue passieren. Was und wen haben wir bewegt? Wie sahen unsere Highlights in diesem Jahr aus? Und welche Projekte haben wir [&hellip;]<\/p>\n","protected":false},"author":2,"featured_media":2641,"comment_status":"open","ping_status":"open","sticky":false,"template":"","format":"standard","meta":{"footnotes":""},"categories":[36],"tags":[64,60,180,140,78],"class_list":["post-1968","post","type-post","status-publish","format-standard","has-post-thumbnail","hentry","category-hanse-mondial-insights","tag-busbranche","tag-hanse-mondial-insights","tag-hanse-mondial-team","tag-jahresrueckblick","tag-mobilitaet"],"yoast_head":"<!-- This site is optimized with the Yoast SEO plugin v25.9 - https:\/\/yoast.com\/wordpress\/plugins\/seo\/ -->\n<title>Hanse Mondial Jahresr\u00fcckblick 2022 - Hanse Mondial Blog<\/title>\n<meta name=\"robots\" content=\"index, follow, max-snippet:-1, max-image-preview:large, max-video-preview:-1\" \/>\n<link rel=\"canonical\" href=\"https:\/\/www.hansemondial.de\/blog\/hanse-mondial-jahresrueckblick-2022\/\" \/>\n<meta property=\"og:locale\" content=\"de_DE\" \/>\n<meta property=\"og:type\" content=\"article\" \/>\n<meta property=\"og:title\" content=\"Hanse Mondial Jahresr\u00fcckblick 2022 - Hanse Mondial Blog\" \/>\n<meta property=\"og:description\" content=\"Es ist endlich wieder soweit und wir von Hanse Mondial lassen das Jahr 2022 Revue passieren. Was und wen haben wir bewegt? Wie sahen unsere Highlights in diesem Jahr aus? Und welche Projekte haben wir [&hellip;]\" \/>\n<meta property=\"og:url\" content=\"https:\/\/www.hansemondial.de\/blog\/hanse-mondial-jahresrueckblick-2022\/\" \/>\n<meta property=\"og:site_name\" content=\"Hanse Mondial Blog\" \/>\n<meta property=\"article:publisher\" content=\"https:\/\/www.facebook.com\/HanseMondial\/\" \/>\n<meta property=\"article:published_time\" content=\"2022-12-14T15:18:12+00:00\" \/>\n<meta property=\"article:modified_time\" content=\"2024-07-30T07:26:42+00:00\" \/>\n<meta property=\"og:image\" content=\"https:\/\/www.hansemondial.de\/blog\/wp-content\/uploads\/2022\/12\/Bilder-Blogartikel_Jahresrueckblick-2022-1024x670.png\" \/>\n\t<meta property=\"og:image:width\" content=\"1024\" \/>\n\t<meta property=\"og:image:height\" content=\"670\" \/>\n\t<meta property=\"og:image:type\" content=\"image\/png\" \/>\n<meta name=\"author\" content=\"Tim Derix\" \/>\n<meta name=\"twitter:card\" content=\"summary_large_image\" \/>\n<meta name=\"twitter:label1\" content=\"Verfasst von\" \/>\n\t<meta name=\"twitter:data1\" content=\"Tim Derix\" \/>\n\t<meta name=\"twitter:label2\" content=\"Gesch\u00e4tzte Lesezeit\" \/>\n\t<meta name=\"twitter:data2\" content=\"6\u00a0Minuten\" \/>\n<script type=\"application\/ld+json\" class=\"yoast-schema-graph\">{\"@context\":\"https:\/\/schema.org\",\"@graph\":[{\"@type\":\"Article\",\"@id\":\"https:\/\/www.hansemondial.de\/blog\/hanse-mondial-jahresrueckblick-2022\/#article\",\"isPartOf\":{\"@id\":\"https:\/\/www.hansemondial.de\/blog\/hanse-mondial-jahresrueckblick-2022\/\"},\"author\":{\"name\":\"Tim Derix\",\"@id\":\"https:\/\/www.hansemondial.de\/blog\/#\/schema\/person\/d8bfbb02246adfe2a289d6bf40ead0e3\"},\"headline\":\"Hanse Mondial Jahresr\u00fcckblick 2022\",\"datePublished\":\"2022-12-14T15:18:12+00:00\",\"dateModified\":\"2024-07-30T07:26:42+00:00\",\"mainEntityOfPage\":{\"@id\":\"https:\/\/www.hansemondial.de\/blog\/hanse-mondial-jahresrueckblick-2022\/\"},\"wordCount\":1085,\"commentCount\":0,\"publisher\":{\"@id\":\"https:\/\/www.hansemondial.de\/blog\/#organization\"},\"image\":{\"@id\":\"https:\/\/www.hansemondial.de\/blog\/hanse-mondial-jahresrueckblick-2022\/#primaryimage\"},\"thumbnailUrl\":\"https:\/\/www.hansemondial.de\/blog\/wp-content\/uploads\/2022\/12\/Blogartikel_Jahresrueckblick-2022_HanseMondial.jpg\",\"keywords\":[\"Busbranche\",\"Hanse Mondial Insights\",\"Hanse Mondial Team\",\"Jahresr\u00fcckblick\",\"Mobilit\u00e4t\"],\"articleSection\":[\"Hanse Mondial Insights\"],\"inLanguage\":\"de\",\"potentialAction\":[{\"@type\":\"CommentAction\",\"name\":\"Comment\",\"target\":[\"https:\/\/www.hansemondial.de\/blog\/hanse-mondial-jahresrueckblick-2022\/#respond\"]}]},{\"@type\":\"WebPage\",\"@id\":\"https:\/\/www.hansemondial.de\/blog\/hanse-mondial-jahresrueckblick-2022\/\",\"url\":\"https:\/\/www.hansemondial.de\/blog\/hanse-mondial-jahresrueckblick-2022\/\",\"name\":\"Hanse Mondial Jahresr\u00fcckblick 2022 - Hanse Mondial Blog\",\"isPartOf\":{\"@id\":\"https:\/\/www.hansemondial.de\/blog\/#website\"},\"primaryImageOfPage\":{\"@id\":\"https:\/\/www.hansemondial.de\/blog\/hanse-mondial-jahresrueckblick-2022\/#primaryimage\"},\"image\":{\"@id\":\"https:\/\/www.hansemondial.de\/blog\/hanse-mondial-jahresrueckblick-2022\/#primaryimage\"},\"thumbnailUrl\":\"https:\/\/www.hansemondial.de\/blog\/wp-content\/uploads\/2022\/12\/Blogartikel_Jahresrueckblick-2022_HanseMondial.jpg\",\"datePublished\":\"2022-12-14T15:18:12+00:00\",\"dateModified\":\"2024-07-30T07:26:42+00:00\",\"breadcrumb\":{\"@id\":\"https:\/\/www.hansemondial.de\/blog\/hanse-mondial-jahresrueckblick-2022\/#breadcrumb\"},\"inLanguage\":\"de\",\"potentialAction\":[{\"@type\":\"ReadAction\",\"target\":[\"https:\/\/www.hansemondial.de\/blog\/hanse-mondial-jahresrueckblick-2022\/\"]}]},{\"@type\":\"ImageObject\",\"inLanguage\":\"de\",\"@id\":\"https:\/\/www.hansemondial.de\/blog\/hanse-mondial-jahresrueckblick-2022\/#primaryimage\",\"url\":\"https:\/\/www.hansemondial.de\/blog\/wp-content\/uploads\/2022\/12\/Blogartikel_Jahresrueckblick-2022_HanseMondial.jpg\",\"contentUrl\":\"https:\/\/www.hansemondial.de\/blog\/wp-content\/uploads\/2022\/12\/Blogartikel_Jahresrueckblick-2022_HanseMondial.jpg\",\"width\":1440,\"height\":942},{\"@type\":\"BreadcrumbList\",\"@id\":\"https:\/\/www.hansemondial.de\/blog\/hanse-mondial-jahresrueckblick-2022\/#breadcrumb\",\"itemListElement\":[{\"@type\":\"ListItem\",\"position\":1,\"name\":\"Startseite\",\"item\":\"https:\/\/www.hansemondial.de\/blog\/\"},{\"@type\":\"ListItem\",\"position\":2,\"name\":\"Hanse Mondial Jahresr\u00fcckblick 2022\"}]},{\"@type\":\"WebSite\",\"@id\":\"https:\/\/www.hansemondial.de\/blog\/#website\",\"url\":\"https:\/\/www.hansemondial.de\/blog\/\",\"name\":\"Hanse Mondial Blog\",\"description\":\"Der Buslogistik Blog\",\"publisher\":{\"@id\":\"https:\/\/www.hansemondial.de\/blog\/#organization\"},\"potentialAction\":[{\"@type\":\"SearchAction\",\"target\":{\"@type\":\"EntryPoint\",\"urlTemplate\":\"https:\/\/www.hansemondial.de\/blog\/?s={search_term_string}\"},\"query-input\":{\"@type\":\"PropertyValueSpecification\",\"valueRequired\":true,\"valueName\":\"search_term_string\"}}],\"inLanguage\":\"de\"},{\"@type\":\"Organization\",\"@id\":\"https:\/\/www.hansemondial.de\/blog\/#organization\",\"name\":\"Hanse Mondial GmbH\",\"url\":\"https:\/\/www.hansemondial.de\/blog\/\",\"logo\":{\"@type\":\"ImageObject\",\"inLanguage\":\"de\",\"@id\":\"https:\/\/www.hansemondial.de\/blog\/#\/schema\/logo\/image\/\",\"url\":\"https:\/\/www.hansemondial.de\/blog\/wp-content\/uploads\/2023\/06\/MicrosoftTeams-image-5.png\",\"contentUrl\":\"https:\/\/www.hansemondial.de\/blog\/wp-content\/uploads\/2023\/06\/MicrosoftTeams-image-5.png\",\"width\":300,\"height\":150,\"caption\":\"Hanse Mondial GmbH\"},\"image\":{\"@id\":\"https:\/\/www.hansemondial.de\/blog\/#\/schema\/logo\/image\/\"},\"sameAs\":[\"https:\/\/www.facebook.com\/HanseMondial\/\",\"https:\/\/www.instagram.com\/hansemondial_buslogistik\/\",\"https:\/\/sv.linkedin.com\/company\/hanse-mondial-gmbh\",\"https:\/\/www.youtube.com\/channel\/UCsvt7IF3WGv6rWNXykzugHA\"]},{\"@type\":\"Person\",\"@id\":\"https:\/\/www.hansemondial.de\/blog\/#\/schema\/person\/d8bfbb02246adfe2a289d6bf40ead0e3\",\"name\":\"Tim Derix\",\"image\":{\"@type\":\"ImageObject\",\"inLanguage\":\"de\",\"@id\":\"https:\/\/www.hansemondial.de\/blog\/#\/schema\/person\/image\/\",\"url\":\"https:\/\/secure.gravatar.com\/avatar\/ffcef1b65ae567f54b83e4e40171ae5cc4d36dad47078c89fe88308a4425b688?s=96&d=mm&r=g\",\"contentUrl\":\"https:\/\/secure.gravatar.com\/avatar\/ffcef1b65ae567f54b83e4e40171ae5cc4d36dad47078c89fe88308a4425b688?s=96&d=mm&r=g\",\"caption\":\"Tim Derix\"},\"url\":\"https:\/\/www.hansemondial.de\/blog\/author\/tderix\/\"}]}<\/script>\n<!-- \/ Yoast SEO plugin. -->","yoast_head_json":{"title":"Hanse Mondial Jahresr\u00fcckblick 2022 - Hanse Mondial Blog","robots":{"index":"index","follow":"follow","max-snippet":"max-snippet:-1","max-image-preview":"max-image-preview:large","max-video-preview":"max-video-preview:-1"},"canonical":"https:\/\/www.hansemondial.de\/blog\/hanse-mondial-jahresrueckblick-2022\/","og_locale":"de_DE","og_type":"article","og_title":"Hanse Mondial Jahresr\u00fcckblick 2022 - Hanse Mondial Blog","og_description":"Es ist endlich wieder soweit und wir von Hanse Mondial lassen das Jahr 2022 Revue passieren. Was und wen haben wir bewegt? Wie sahen unsere Highlights in diesem Jahr aus? Und welche Projekte haben wir [&hellip;]","og_url":"https:\/\/www.hansemondial.de\/blog\/hanse-mondial-jahresrueckblick-2022\/","og_site_name":"Hanse Mondial Blog","article_publisher":"https:\/\/www.facebook.com\/HanseMondial\/","article_published_time":"2022-12-14T15:18:12+00:00","article_modified_time":"2024-07-30T07:26:42+00:00","og_image":[{"width":1024,"height":670,"url":"https:\/\/www.hansemondial.de\/blog\/wp-content\/uploads\/2022\/12\/Bilder-Blogartikel_Jahresrueckblick-2022-1024x670.png","type":"image\/png"}],"author":"Tim Derix","twitter_card":"summary_large_image","twitter_misc":{"Verfasst von":"Tim Derix","Gesch\u00e4tzte Lesezeit":"6\u00a0Minuten"},"schema":{"@context":"https:\/\/schema.org","@graph":[{"@type":"Article","@id":"https:\/\/www.hansemondial.de\/blog\/hanse-mondial-jahresrueckblick-2022\/#article","isPartOf":{"@id":"https:\/\/www.hansemondial.de\/blog\/hanse-mondial-jahresrueckblick-2022\/"},"author":{"name":"Tim Derix","@id":"https:\/\/www.hansemondial.de\/blog\/#\/schema\/person\/d8bfbb02246adfe2a289d6bf40ead0e3"},"headline":"Hanse Mondial Jahresr\u00fcckblick 2022","datePublished":"2022-12-14T15:18:12+00:00","dateModified":"2024-07-30T07:26:42+00:00","mainEntityOfPage":{"@id":"https:\/\/www.hansemondial.de\/blog\/hanse-mondial-jahresrueckblick-2022\/"},"wordCount":1085,"commentCount":0,"publisher":{"@id":"https:\/\/www.hansemondial.de\/blog\/#organization"},"image":{"@id":"https:\/\/www.hansemondial.de\/blog\/hanse-mondial-jahresrueckblick-2022\/#primaryimage"},"thumbnailUrl":"https:\/\/www.hansemondial.de\/blog\/wp-content\/uploads\/2022\/12\/Blogartikel_Jahresrueckblick-2022_HanseMondial.jpg","keywords":["Busbranche","Hanse Mondial Insights","Hanse Mondial Team","Jahresr\u00fcckblick","Mobilit\u00e4t"],"articleSection":["Hanse Mondial Insights"],"inLanguage":"de","potentialAction":[{"@type":"CommentAction","name":"Comment","target":["https:\/\/www.hansemondial.de\/blog\/hanse-mondial-jahresrueckblick-2022\/#respond"]}]},{"@type":"WebPage","@id":"https:\/\/www.hansemondial.de\/blog\/hanse-mondial-jahresrueckblick-2022\/","url":"https:\/\/www.hansemondial.de\/blog\/hanse-mondial-jahresrueckblick-2022\/","name":"Hanse Mondial Jahresr\u00fcckblick 2022 - Hanse Mondial Blog","isPartOf":{"@id":"https:\/\/www.hansemondial.de\/blog\/#website"},"primaryImageOfPage":{"@id":"https:\/\/www.hansemondial.de\/blog\/hanse-mondial-jahresrueckblick-2022\/#primaryimage"},"image":{"@id":"https:\/\/www.hansemondial.de\/blog\/hanse-mondial-jahresrueckblick-2022\/#primaryimage"},"thumbnailUrl":"https:\/\/www.hansemondial.de\/blog\/wp-content\/uploads\/2022\/12\/Blogartikel_Jahresrueckblick-2022_HanseMondial.jpg","datePublished":"2022-12-14T15:18:12+00:00","dateModified":"2024-07-30T07:26:42+00:00","breadcrumb":{"@id":"https:\/\/www.hansemondial.de\/blog\/hanse-mondial-jahresrueckblick-2022\/#breadcrumb"},"inLanguage":"de","potentialAction":[{"@type":"ReadAction","target":["https:\/\/www.hansemondial.de\/blog\/hanse-mondial-jahresrueckblick-2022\/"]}]},{"@type":"ImageObject","inLanguage":"de","@id":"https:\/\/www.hansemondial.de\/blog\/hanse-mondial-jahresrueckblick-2022\/#primaryimage","url":"https:\/\/www.hansemondial.de\/blog\/wp-content\/uploads\/2022\/12\/Blogartikel_Jahresrueckblick-2022_HanseMondial.jpg","contentUrl":"https:\/\/www.hansemondial.de\/blog\/wp-content\/uploads\/2022\/12\/Blogartikel_Jahresrueckblick-2022_HanseMondial.jpg","width":1440,"height":942},{"@type":"BreadcrumbList","@id":"https:\/\/www.hansemondial.de\/blog\/hanse-mondial-jahresrueckblick-2022\/#breadcrumb","itemListElement":[{"@type":"ListItem","position":1,"name":"Startseite","item":"https:\/\/www.hansemondial.de\/blog\/"},{"@type":"ListItem","position":2,"name":"Hanse Mondial Jahresr\u00fcckblick 2022"}]},{"@type":"WebSite","@id":"https:\/\/www.hansemondial.de\/blog\/#website","url":"https:\/\/www.hansemondial.de\/blog\/","name":"Hanse Mondial Blog","description":"Der Buslogistik Blog","publisher":{"@id":"https:\/\/www.hansemondial.de\/blog\/#organization"},"potentialAction":[{"@type":"SearchAction","target":{"@type":"EntryPoint","urlTemplate":"https:\/\/www.hansemondial.de\/blog\/?s={search_term_string}"},"query-input":{"@type":"PropertyValueSpecification","valueRequired":true,"valueName":"search_term_string"}}],"inLanguage":"de"},{"@type":"Organization","@id":"https:\/\/www.hansemondial.de\/blog\/#organization","name":"Hanse Mondial GmbH","url":"https:\/\/www.hansemondial.de\/blog\/","logo":{"@type":"ImageObject","inLanguage":"de","@id":"https:\/\/www.hansemondial.de\/blog\/#\/schema\/logo\/image\/","url":"https:\/\/www.hansemondial.de\/blog\/wp-content\/uploads\/2023\/06\/MicrosoftTeams-image-5.png","contentUrl":"https:\/\/www.hansemondial.de\/blog\/wp-content\/uploads\/2023\/06\/MicrosoftTeams-image-5.png","width":300,"height":150,"caption":"Hanse Mondial GmbH"},"image":{"@id":"https:\/\/www.hansemondial.de\/blog\/#\/schema\/logo\/image\/"},"sameAs":["https:\/\/www.facebook.com\/HanseMondial\/","https:\/\/www.instagram.com\/hansemondial_buslogistik\/","https:\/\/sv.linkedin.com\/company\/hanse-mondial-gmbh","https:\/\/www.youtube.com\/channel\/UCsvt7IF3WGv6rWNXykzugHA"]},{"@type":"Person","@id":"https:\/\/www.hansemondial.de\/blog\/#\/schema\/person\/d8bfbb02246adfe2a289d6bf40ead0e3","name":"Tim Derix","image":{"@type":"ImageObject","inLanguage":"de","@id":"https:\/\/www.hansemondial.de\/blog\/#\/schema\/person\/image\/","url":"https:\/\/secure.gravatar.com\/avatar\/ffcef1b65ae567f54b83e4e40171ae5cc4d36dad47078c89fe88308a4425b688?s=96&d=mm&r=g","contentUrl":"https:\/\/secure.gravatar.com\/avatar\/ffcef1b65ae567f54b83e4e40171ae5cc4d36dad47078c89fe88308a4425b688?s=96&d=mm&r=g","caption":"Tim Derix"},"url":"https:\/\/www.hansemondial.de\/blog\/author\/tderix\/"}]}},"_links":{"self":[{"href":"https:\/\/www.hansemondial.de\/blog\/wp-json\/wp\/v2\/posts\/1968","targetHints":{"allow":["GET"]}}],"collection":[{"href":"https:\/\/www.hansemondial.de\/blog\/wp-json\/wp\/v2\/posts"}],"about":[{"href":"https:\/\/www.hansemondial.de\/blog\/wp-json\/wp\/v2\/types\/post"}],"author":[{"embeddable":true,"href":"https:\/\/www.hansemondial.de\/blog\/wp-json\/wp\/v2\/users\/2"}],"replies":[{"embeddable":true,"href":"https:\/\/www.hansemondial.de\/blog\/wp-json\/wp\/v2\/comments?post=1968"}],"version-history":[{"count":15,"href":"https:\/\/www.hansemondial.de\/blog\/wp-json\/wp\/v2\/posts\/1968\/revisions"}],"predecessor-version":[{"id":1985,"href":"https:\/\/www.hansemondial.de\/blog\/wp-json\/wp\/v2\/posts\/1968\/revisions\/1985"}],"wp:featuredmedia":[{"embeddable":true,"href":"https:\/\/www.hansemondial.de\/blog\/wp-json\/wp\/v2\/media\/2641"}],"wp:attachment":[{"href":"https:\/\/www.hansemondial.de\/blog\/wp-json\/wp\/v2\/media?parent=1968"}],"wp:term":[{"taxonomy":"category","embeddable":true,"href":"https:\/\/www.hansemondial.de\/blog\/wp-json\/wp\/v2\/categories?post=1968"},{"taxonomy":"post_tag","embeddable":true,"href":"https:\/\/www.hansemondial.de\/blog\/wp-json\/wp\/v2\/tags?post=1968"}],"curies":[{"name":"wp","href":"https:\/\/api.w.org\/{rel}","templated":true}]}}