{"id":1952,"date":"2022-12-01T11:02:42","date_gmt":"2022-12-01T10:02:42","guid":{"rendered":"https:\/\/www.hansemondial.de\/blog\/?p=1952"},"modified":"2023-11-10T16:50:24","modified_gmt":"2023-11-10T15:50:24","slug":"weihnachten-im-hanse-mondial-style","status":"publish","type":"post","link":"https:\/\/www.hansemondial.de\/blog\/weihnachten-im-hanse-mondial-style\/","title":{"rendered":"Weihnachten im Hanse Mondial Style"},"content":{"rendered":"\n<p>So langsam kommen wir in Weihnachtsstimmung, und somit darf es an weihnachtlichen Inhalten hier im Hanse Mondial Blog nicht fehlen. Heute verraten wir euch, wie man Weihnachten, Mobilit\u00e4t und soziale Verantwortung vereinen kann \u2013 und das ohne Stimmungsverlust! <\/p>\n\n\n\n<p>Viel Spa\u00df beim Lesen und Ausprobieren unserer Tipps! <\/p>\n\n\n\n<h3 class=\"wp-block-heading\"><strong>Erster Tipp: Weihnachtliches Essen \u2013 gerne auch mal vegan<\/strong><\/h3>\n\n\n\n<p>\u00dcber das Thema&nbsp;\u201apflanzliche Ern\u00e4hrung\u2018 stolpern wir in unserem diversen Hanse Mondial Team des \u00d6fteren und daher durften wir auch schon erleben, wie lecker die emissionsgeringere Variante von K\u00f6stlichkeiten sein k\u00f6nnen. Um auch \u00fcber Weihnachten gen\u00fcgend Inspiration und Spa\u00df am Schmausen zu haben, teilen wir ein paar tolle Rezepte mit euch:<\/p>\n\n\n\n<p><strong>Wenckes Empfehlung: <a href=\"https:\/\/www.oetker.de\/rezepte\/r\/vegane-vanillekipferl-20230925\">Vegane Vanillekipferl<\/a><a href=\"https:\/\/www.oetker.de\/rezepte\/r\/vegane-vanillekipferl?gclid=EAIaIQobChMIv_iZnPfD-wIVFdxRCh0DAw85EAMYASAAEgIP_vD_BwE\" target=\"_blank\" rel=\"noreferrer noopener\">\u00a0<\/a><\/strong><\/p>\n\n\n\n<p><span><a style=\"font-weight: bold;\" href=\"https:\/\/www.tiktok.com\/@machsmirvegan\/video\/7152050436718071046?is_from_webapp=v1&amp;item_id=7152050436718071046&amp;lang=de-DE\" target=\"_blank\" rel=\"noreferrer noopener\">Vegane Rouladen<\/a><\/span><strong> &#8211; getestet und empfohlen von Jasmin!&nbsp;<\/strong><\/p>\n\n\n\n<h3 class=\"wp-block-heading\"><strong>Zweiter Tipp: Kleidung<\/strong><\/h3>\n\n\n\n<p>Wir lieben <strong>Motto-Tage mit passender Kleidung<\/strong> \u2013 und was ist einfacher als ein Weihnachtsmotto? Eine Idee dazu w\u00e4re es, f\u00fcr die Weihnachtszeit in ein paar weihnachtliche Socken zu investieren \u2013 die passen zum einen zu mehreren Anl\u00e4ssen und Outfits und zum anderen gibt es sie auch von nachhaltigen Marken wie Thought oder DillySocks, zum Beispiel auf Avocadostore.&nbsp;<br>An nachhaltiger Kleidung haben wir uns selbst mit unseren Hanse Mondial Shirts probiert und sind zufrieden! Hier m\u00fcsst ihr nat\u00fcrlich eigene Erfahrungen machen und Recherche betreiben. Wir h\u00f6ren gerne davon!<\/p>\n\n\n\n<h3 class=\"wp-block-heading\"><strong>Dritter Tipp: Zeit schenken<\/strong><\/h3>\n\n\n\n<p>Bevor man etwas verschenkt, was gar nicht genutzt wird, sollte man dar\u00fcber nachdenken, ob man sich alternativ nicht gemeinsame Zeit schenkt.&nbsp;<br>Wir bei Hanse Mondial stehen daf\u00fcr, gemeinsam mit einer gro\u00dfen Gruppe neue Orte zu bereisen (siehe unsere <a href=\"https:\/\/www.linkedin.com\/feed\/update\/urn:li:activity:6997963901988450305\" target=\"_blank\" rel=\"noreferrer noopener\">Team Tage am Weissenh\u00e4user Strand<\/a>) und helfen euch mit unserem Service auch gern dabei, gleiches zu tun.&nbsp;<br>Solltet ihr aber auf der Suche nach Geschenken f\u00fcr Einzelpersonen sein, tut es vielleicht auch eine Karte f\u00fcr ein (Hamburger) Musical, ein gemeinsamer Kurztrip mit der Bahn oder ein selbstgeschriebener Gutschein f\u00fcr ein selbstgekochtes Abendessen Inspiration gab es ja schon. \ud83d\ude09<br>Ganz besonders spannend w\u00e4re nat\u00fcrlich auch gemeinsame Freiwilligenarbeit. Dazu \u00fcberlassen wir euch die Idee, bei&nbsp;<a href=\"https:\/\/gobanyo.org\/\" target=\"_blank\" rel=\"noreferrer noopener\">GoBanyo, dem Duschbus<\/a>&nbsp;in Hamburg vorbeizuschauen <em>(Achtung, bitte online abkl\u00e4ren!)<\/em>.<br>Wir lieben das Engagement des GoBanyo-Teams f\u00fcr die Hamburger Community und #WeLoveBus!<\/p>\n\n\n\n<h3 class=\"wp-block-heading\"><strong>Vierter Tipp: Geben<\/strong><\/h3>\n\n\n\n<p>Weihnachten ist auch die Zeit des Gebens.<\/p>\n\n\n\n<p>Solltet ihr auf dem Sofa ein schlechtes Gewissen bekommen, w\u00e4hrend ihr \u2018Die Geister der Weihnacht\u2019 mit dem m\u00fcrrischem Scrooge schaut, laden wir euch ein, mit uns Umwelt und Mitmenschen durch Aufforstung oder Konservation zu unterst\u00fctzen!&nbsp;<\/p>\n\n\n\n<p>Wie ihr wisst, geben wir bei Hanse Mondial (unter anderem), indem wir pro gebuchten Bus einen Baum mit <a href=\"https:\/\/travelandtree.com\/baumprojekte\/tansania\/\" target=\"_blank\" rel=\"noreferrer noopener\">Travel &amp; Tree <\/a>pflanzen. Und daher k\u00f6nnen wir euch versichern, dass Gr\u00fcnderin Irene offen f\u00fcr neue Anfragen oder intensiven Austausch zu ihren Projekten ist!<\/p>\n\n\n\n<p><br>Wichtig zu wissen: Aufforstung unterst\u00fctzt nicht nur unsere Umwelt, sondern auch die lokalen Communities &#8211; denn B\u00e4ume zu pflanzen bietet neue Jobs, wirkt somit Armut entgegen und erm\u00f6glicht unter anderem auch Chancen auf Bildung. Gleichzeitig verhindern Projekte somit in manchen F\u00e4llen auch das illegale Schlagen und Verkaufen von B\u00e4umen auf Privatgrundst\u00fccken &#8211; welches leider f\u00fcr manche Familien, in S\u00fcdamerika zum Beispiel, der letzte Weg zu finanziellen Mitteln ist.&nbsp;<br>Hanna, unsere Nachhaltigkeitsmanagerin, lernt in ihrer Freiwilligenarbeit f\u00fcr&nbsp;<a href=\"https:\/\/www.humansforabundance.com\/\" target=\"_blank\" rel=\"noreferrer noopener\">Humans For Abundance<\/a>&nbsp;in Ecuador best\u00e4ndig mehr zu diesen komplexen Problemen und kann euch gern im n\u00e4chsten Newsletter davon berichten.<\/p>\n\n\n\n<div class=\"wp-block-buttons is-content-justification-center is-layout-flex wp-container-core-buttons-is-layout-16018d1d wp-block-buttons-is-layout-flex\">\n<div class=\"wp-block-button is-style-fill\"><a class=\"wp-block-button__link has-background wp-element-button\" href=\"https:\/\/mailing.hansemondial.de\/h\/t\/F25743DC90C37B3B\" style=\"border-radius:0px;background-color:#3e7dbe\" target=\"_blank\" rel=\"noreferrer noopener\">HIER ZUM NEWSLETTER ANMELDEN<\/a><\/div>\n<\/div>\n\n\n\n<p><\/p>\n\n\n\n<p>Bis dahin k\u00f6nnt ihr euch gern selbst einmal in verschiedene Projekte reinlesen und f\u00fcr euch entscheiden, welche Art des Gebens ihr vielleicht unterst\u00fctzen wollt.&nbsp;<\/p>\n\n\n\n<p>In diesem Sinne w\u00fcnschen wir euch eine sch\u00f6ne Vorweihnachtszeit und frohe Festtage mit euren Liebsten!<\/p>\n","protected":false},"excerpt":{"rendered":"<p>So langsam kommen wir in Weihnachtsstimmung, und somit darf es an weihnachtlichen Inhalten hier im Hanse Mondial Blog nicht fehlen. Heute verraten wir euch, wie man Weihnachten, Mobilit\u00e4t und soziale Verantwortung vereinen kann \u2013 und [&hellip;]<\/p>\n","protected":false},"author":2,"featured_media":1956,"comment_status":"open","ping_status":"open","sticky":false,"template":"","format":"standard","meta":{"footnotes":""},"categories":[1],"tags":[],"class_list":["post-1952","post","type-post","status-publish","format-standard","has-post-thumbnail","hentry","category-allgemein"],"yoast_head":"<!-- This site is optimized with the Yoast SEO plugin v25.9 - https:\/\/yoast.com\/wordpress\/plugins\/seo\/ -->\n<title>Weihnachten im Hanse Mondial Style - Hanse Mondial Blog<\/title>\n<meta name=\"robots\" content=\"index, follow, max-snippet:-1, max-image-preview:large, max-video-preview:-1\" \/>\n<link rel=\"canonical\" href=\"https:\/\/www.hansemondial.de\/blog\/weihnachten-im-hanse-mondial-style\/\" \/>\n<meta property=\"og:locale\" content=\"de_DE\" \/>\n<meta property=\"og:type\" content=\"article\" \/>\n<meta property=\"og:title\" content=\"Weihnachten im Hanse Mondial Style - Hanse Mondial Blog\" \/>\n<meta property=\"og:description\" content=\"So langsam kommen wir in Weihnachtsstimmung, und somit darf es an weihnachtlichen Inhalten hier im Hanse Mondial Blog nicht fehlen. Heute verraten wir euch, wie man Weihnachten, Mobilit\u00e4t und soziale Verantwortung vereinen kann \u2013 und [&hellip;]\" \/>\n<meta property=\"og:url\" content=\"https:\/\/www.hansemondial.de\/blog\/weihnachten-im-hanse-mondial-style\/\" \/>\n<meta property=\"og:site_name\" content=\"Hanse Mondial Blog\" \/>\n<meta property=\"article:publisher\" content=\"https:\/\/www.facebook.com\/HanseMondial\/\" \/>\n<meta property=\"article:published_time\" content=\"2022-12-01T10:02:42+00:00\" \/>\n<meta property=\"article:modified_time\" content=\"2023-11-10T15:50:24+00:00\" \/>\n<meta property=\"og:image\" content=\"https:\/\/www.hansemondial.de\/blog\/wp-content\/uploads\/2022\/12\/pexels-laura-james-6102450-scaled.jpg\" \/>\n\t<meta property=\"og:image:width\" content=\"2560\" \/>\n\t<meta property=\"og:image:height\" content=\"1707\" \/>\n\t<meta property=\"og:image:type\" content=\"image\/jpeg\" \/>\n<meta name=\"author\" content=\"Tim Derix\" \/>\n<meta name=\"twitter:card\" content=\"summary_large_image\" \/>\n<meta name=\"twitter:label1\" content=\"Verfasst von\" \/>\n\t<meta name=\"twitter:data1\" content=\"Tim Derix\" \/>\n\t<meta name=\"twitter:label2\" content=\"Gesch\u00e4tzte Lesezeit\" \/>\n\t<meta name=\"twitter:data2\" content=\"4\u00a0Minuten\" \/>\n<script type=\"application\/ld+json\" class=\"yoast-schema-graph\">{\"@context\":\"https:\/\/schema.org\",\"@graph\":[{\"@type\":\"Article\",\"@id\":\"https:\/\/www.hansemondial.de\/blog\/weihnachten-im-hanse-mondial-style\/#article\",\"isPartOf\":{\"@id\":\"https:\/\/www.hansemondial.de\/blog\/weihnachten-im-hanse-mondial-style\/\"},\"author\":{\"name\":\"Tim Derix\",\"@id\":\"https:\/\/www.hansemondial.de\/blog\/#\/schema\/person\/d8bfbb02246adfe2a289d6bf40ead0e3\"},\"headline\":\"Weihnachten im Hanse Mondial Style\",\"datePublished\":\"2022-12-01T10:02:42+00:00\",\"dateModified\":\"2023-11-10T15:50:24+00:00\",\"mainEntityOfPage\":{\"@id\":\"https:\/\/www.hansemondial.de\/blog\/weihnachten-im-hanse-mondial-style\/\"},\"wordCount\":628,\"commentCount\":0,\"publisher\":{\"@id\":\"https:\/\/www.hansemondial.de\/blog\/#organization\"},\"image\":{\"@id\":\"https:\/\/www.hansemondial.de\/blog\/weihnachten-im-hanse-mondial-style\/#primaryimage\"},\"thumbnailUrl\":\"https:\/\/www.hansemondial.de\/blog\/wp-content\/uploads\/2022\/12\/pexels-laura-james-6102450-scaled.jpg\",\"articleSection\":[\"Rund um den Bus\"],\"inLanguage\":\"de\",\"potentialAction\":[{\"@type\":\"CommentAction\",\"name\":\"Comment\",\"target\":[\"https:\/\/www.hansemondial.de\/blog\/weihnachten-im-hanse-mondial-style\/#respond\"]}]},{\"@type\":\"WebPage\",\"@id\":\"https:\/\/www.hansemondial.de\/blog\/weihnachten-im-hanse-mondial-style\/\",\"url\":\"https:\/\/www.hansemondial.de\/blog\/weihnachten-im-hanse-mondial-style\/\",\"name\":\"Weihnachten im Hanse Mondial Style - Hanse Mondial Blog\",\"isPartOf\":{\"@id\":\"https:\/\/www.hansemondial.de\/blog\/#website\"},\"primaryImageOfPage\":{\"@id\":\"https:\/\/www.hansemondial.de\/blog\/weihnachten-im-hanse-mondial-style\/#primaryimage\"},\"image\":{\"@id\":\"https:\/\/www.hansemondial.de\/blog\/weihnachten-im-hanse-mondial-style\/#primaryimage\"},\"thumbnailUrl\":\"https:\/\/www.hansemondial.de\/blog\/wp-content\/uploads\/2022\/12\/pexels-laura-james-6102450-scaled.jpg\",\"datePublished\":\"2022-12-01T10:02:42+00:00\",\"dateModified\":\"2023-11-10T15:50:24+00:00\",\"breadcrumb\":{\"@id\":\"https:\/\/www.hansemondial.de\/blog\/weihnachten-im-hanse-mondial-style\/#breadcrumb\"},\"inLanguage\":\"de\",\"potentialAction\":[{\"@type\":\"ReadAction\",\"target\":[\"https:\/\/www.hansemondial.de\/blog\/weihnachten-im-hanse-mondial-style\/\"]}]},{\"@type\":\"ImageObject\",\"inLanguage\":\"de\",\"@id\":\"https:\/\/www.hansemondial.de\/blog\/weihnachten-im-hanse-mondial-style\/#primaryimage\",\"url\":\"https:\/\/www.hansemondial.de\/blog\/wp-content\/uploads\/2022\/12\/pexels-laura-james-6102450-scaled.jpg\",\"contentUrl\":\"https:\/\/www.hansemondial.de\/blog\/wp-content\/uploads\/2022\/12\/pexels-laura-james-6102450-scaled.jpg\",\"width\":2560,\"height\":1707},{\"@type\":\"BreadcrumbList\",\"@id\":\"https:\/\/www.hansemondial.de\/blog\/weihnachten-im-hanse-mondial-style\/#breadcrumb\",\"itemListElement\":[{\"@type\":\"ListItem\",\"position\":1,\"name\":\"Startseite\",\"item\":\"https:\/\/www.hansemondial.de\/blog\/\"},{\"@type\":\"ListItem\",\"position\":2,\"name\":\"Weihnachten im Hanse Mondial Style\"}]},{\"@type\":\"WebSite\",\"@id\":\"https:\/\/www.hansemondial.de\/blog\/#website\",\"url\":\"https:\/\/www.hansemondial.de\/blog\/\",\"name\":\"Hanse Mondial Blog\",\"description\":\"Der Buslogistik Blog\",\"publisher\":{\"@id\":\"https:\/\/www.hansemondial.de\/blog\/#organization\"},\"potentialAction\":[{\"@type\":\"SearchAction\",\"target\":{\"@type\":\"EntryPoint\",\"urlTemplate\":\"https:\/\/www.hansemondial.de\/blog\/?s={search_term_string}\"},\"query-input\":{\"@type\":\"PropertyValueSpecification\",\"valueRequired\":true,\"valueName\":\"search_term_string\"}}],\"inLanguage\":\"de\"},{\"@type\":\"Organization\",\"@id\":\"https:\/\/www.hansemondial.de\/blog\/#organization\",\"name\":\"Hanse Mondial GmbH\",\"url\":\"https:\/\/www.hansemondial.de\/blog\/\",\"logo\":{\"@type\":\"ImageObject\",\"inLanguage\":\"de\",\"@id\":\"https:\/\/www.hansemondial.de\/blog\/#\/schema\/logo\/image\/\",\"url\":\"https:\/\/www.hansemondial.de\/blog\/wp-content\/uploads\/2023\/06\/MicrosoftTeams-image-5.png\",\"contentUrl\":\"https:\/\/www.hansemondial.de\/blog\/wp-content\/uploads\/2023\/06\/MicrosoftTeams-image-5.png\",\"width\":300,\"height\":150,\"caption\":\"Hanse Mondial GmbH\"},\"image\":{\"@id\":\"https:\/\/www.hansemondial.de\/blog\/#\/schema\/logo\/image\/\"},\"sameAs\":[\"https:\/\/www.facebook.com\/HanseMondial\/\",\"https:\/\/www.instagram.com\/hansemondial_buslogistik\/\",\"https:\/\/sv.linkedin.com\/company\/hanse-mondial-gmbh\",\"https:\/\/www.youtube.com\/channel\/UCsvt7IF3WGv6rWNXykzugHA\"]},{\"@type\":\"Person\",\"@id\":\"https:\/\/www.hansemondial.de\/blog\/#\/schema\/person\/d8bfbb02246adfe2a289d6bf40ead0e3\",\"name\":\"Tim Derix\",\"image\":{\"@type\":\"ImageObject\",\"inLanguage\":\"de\",\"@id\":\"https:\/\/www.hansemondial.de\/blog\/#\/schema\/person\/image\/\",\"url\":\"https:\/\/secure.gravatar.com\/avatar\/ffcef1b65ae567f54b83e4e40171ae5cc4d36dad47078c89fe88308a4425b688?s=96&d=mm&r=g\",\"contentUrl\":\"https:\/\/secure.gravatar.com\/avatar\/ffcef1b65ae567f54b83e4e40171ae5cc4d36dad47078c89fe88308a4425b688?s=96&d=mm&r=g\",\"caption\":\"Tim Derix\"},\"url\":\"https:\/\/www.hansemondial.de\/blog\/author\/tderix\/\"}]}<\/script>\n<!-- \/ Yoast SEO plugin. -->","yoast_head_json":{"title":"Weihnachten im Hanse Mondial Style - Hanse Mondial Blog","robots":{"index":"index","follow":"follow","max-snippet":"max-snippet:-1","max-image-preview":"max-image-preview:large","max-video-preview":"max-video-preview:-1"},"canonical":"https:\/\/www.hansemondial.de\/blog\/weihnachten-im-hanse-mondial-style\/","og_locale":"de_DE","og_type":"article","og_title":"Weihnachten im Hanse Mondial Style - Hanse Mondial Blog","og_description":"So langsam kommen wir in Weihnachtsstimmung, und somit darf es an weihnachtlichen Inhalten hier im Hanse Mondial Blog nicht fehlen. Heute verraten wir euch, wie man Weihnachten, Mobilit\u00e4t und soziale Verantwortung vereinen kann \u2013 und [&hellip;]","og_url":"https:\/\/www.hansemondial.de\/blog\/weihnachten-im-hanse-mondial-style\/","og_site_name":"Hanse Mondial Blog","article_publisher":"https:\/\/www.facebook.com\/HanseMondial\/","article_published_time":"2022-12-01T10:02:42+00:00","article_modified_time":"2023-11-10T15:50:24+00:00","og_image":[{"width":2560,"height":1707,"url":"https:\/\/www.hansemondial.de\/blog\/wp-content\/uploads\/2022\/12\/pexels-laura-james-6102450-scaled.jpg","type":"image\/jpeg"}],"author":"Tim Derix","twitter_card":"summary_large_image","twitter_misc":{"Verfasst von":"Tim Derix","Gesch\u00e4tzte Lesezeit":"4\u00a0Minuten"},"schema":{"@context":"https:\/\/schema.org","@graph":[{"@type":"Article","@id":"https:\/\/www.hansemondial.de\/blog\/weihnachten-im-hanse-mondial-style\/#article","isPartOf":{"@id":"https:\/\/www.hansemondial.de\/blog\/weihnachten-im-hanse-mondial-style\/"},"author":{"name":"Tim Derix","@id":"https:\/\/www.hansemondial.de\/blog\/#\/schema\/person\/d8bfbb02246adfe2a289d6bf40ead0e3"},"headline":"Weihnachten im Hanse Mondial Style","datePublished":"2022-12-01T10:02:42+00:00","dateModified":"2023-11-10T15:50:24+00:00","mainEntityOfPage":{"@id":"https:\/\/www.hansemondial.de\/blog\/weihnachten-im-hanse-mondial-style\/"},"wordCount":628,"commentCount":0,"publisher":{"@id":"https:\/\/www.hansemondial.de\/blog\/#organization"},"image":{"@id":"https:\/\/www.hansemondial.de\/blog\/weihnachten-im-hanse-mondial-style\/#primaryimage"},"thumbnailUrl":"https:\/\/www.hansemondial.de\/blog\/wp-content\/uploads\/2022\/12\/pexels-laura-james-6102450-scaled.jpg","articleSection":["Rund um den Bus"],"inLanguage":"de","potentialAction":[{"@type":"CommentAction","name":"Comment","target":["https:\/\/www.hansemondial.de\/blog\/weihnachten-im-hanse-mondial-style\/#respond"]}]},{"@type":"WebPage","@id":"https:\/\/www.hansemondial.de\/blog\/weihnachten-im-hanse-mondial-style\/","url":"https:\/\/www.hansemondial.de\/blog\/weihnachten-im-hanse-mondial-style\/","name":"Weihnachten im Hanse Mondial Style - Hanse Mondial Blog","isPartOf":{"@id":"https:\/\/www.hansemondial.de\/blog\/#website"},"primaryImageOfPage":{"@id":"https:\/\/www.hansemondial.de\/blog\/weihnachten-im-hanse-mondial-style\/#primaryimage"},"image":{"@id":"https:\/\/www.hansemondial.de\/blog\/weihnachten-im-hanse-mondial-style\/#primaryimage"},"thumbnailUrl":"https:\/\/www.hansemondial.de\/blog\/wp-content\/uploads\/2022\/12\/pexels-laura-james-6102450-scaled.jpg","datePublished":"2022-12-01T10:02:42+00:00","dateModified":"2023-11-10T15:50:24+00:00","breadcrumb":{"@id":"https:\/\/www.hansemondial.de\/blog\/weihnachten-im-hanse-mondial-style\/#breadcrumb"},"inLanguage":"de","potentialAction":[{"@type":"ReadAction","target":["https:\/\/www.hansemondial.de\/blog\/weihnachten-im-hanse-mondial-style\/"]}]},{"@type":"ImageObject","inLanguage":"de","@id":"https:\/\/www.hansemondial.de\/blog\/weihnachten-im-hanse-mondial-style\/#primaryimage","url":"https:\/\/www.hansemondial.de\/blog\/wp-content\/uploads\/2022\/12\/pexels-laura-james-6102450-scaled.jpg","contentUrl":"https:\/\/www.hansemondial.de\/blog\/wp-content\/uploads\/2022\/12\/pexels-laura-james-6102450-scaled.jpg","width":2560,"height":1707},{"@type":"BreadcrumbList","@id":"https:\/\/www.hansemondial.de\/blog\/weihnachten-im-hanse-mondial-style\/#breadcrumb","itemListElement":[{"@type":"ListItem","position":1,"name":"Startseite","item":"https:\/\/www.hansemondial.de\/blog\/"},{"@type":"ListItem","position":2,"name":"Weihnachten im Hanse Mondial Style"}]},{"@type":"WebSite","@id":"https:\/\/www.hansemondial.de\/blog\/#website","url":"https:\/\/www.hansemondial.de\/blog\/","name":"Hanse Mondial Blog","description":"Der Buslogistik Blog","publisher":{"@id":"https:\/\/www.hansemondial.de\/blog\/#organization"},"potentialAction":[{"@type":"SearchAction","target":{"@type":"EntryPoint","urlTemplate":"https:\/\/www.hansemondial.de\/blog\/?s={search_term_string}"},"query-input":{"@type":"PropertyValueSpecification","valueRequired":true,"valueName":"search_term_string"}}],"inLanguage":"de"},{"@type":"Organization","@id":"https:\/\/www.hansemondial.de\/blog\/#organization","name":"Hanse Mondial GmbH","url":"https:\/\/www.hansemondial.de\/blog\/","logo":{"@type":"ImageObject","inLanguage":"de","@id":"https:\/\/www.hansemondial.de\/blog\/#\/schema\/logo\/image\/","url":"https:\/\/www.hansemondial.de\/blog\/wp-content\/uploads\/2023\/06\/MicrosoftTeams-image-5.png","contentUrl":"https:\/\/www.hansemondial.de\/blog\/wp-content\/uploads\/2023\/06\/MicrosoftTeams-image-5.png","width":300,"height":150,"caption":"Hanse Mondial GmbH"},"image":{"@id":"https:\/\/www.hansemondial.de\/blog\/#\/schema\/logo\/image\/"},"sameAs":["https:\/\/www.facebook.com\/HanseMondial\/","https:\/\/www.instagram.com\/hansemondial_buslogistik\/","https:\/\/sv.linkedin.com\/company\/hanse-mondial-gmbh","https:\/\/www.youtube.com\/channel\/UCsvt7IF3WGv6rWNXykzugHA"]},{"@type":"Person","@id":"https:\/\/www.hansemondial.de\/blog\/#\/schema\/person\/d8bfbb02246adfe2a289d6bf40ead0e3","name":"Tim Derix","image":{"@type":"ImageObject","inLanguage":"de","@id":"https:\/\/www.hansemondial.de\/blog\/#\/schema\/person\/image\/","url":"https:\/\/secure.gravatar.com\/avatar\/ffcef1b65ae567f54b83e4e40171ae5cc4d36dad47078c89fe88308a4425b688?s=96&d=mm&r=g","contentUrl":"https:\/\/secure.gravatar.com\/avatar\/ffcef1b65ae567f54b83e4e40171ae5cc4d36dad47078c89fe88308a4425b688?s=96&d=mm&r=g","caption":"Tim Derix"},"url":"https:\/\/www.hansemondial.de\/blog\/author\/tderix\/"}]}},"_links":{"self":[{"href":"https:\/\/www.hansemondial.de\/blog\/wp-json\/wp\/v2\/posts\/1952","targetHints":{"allow":["GET"]}}],"collection":[{"href":"https:\/\/www.hansemondial.de\/blog\/wp-json\/wp\/v2\/posts"}],"about":[{"href":"https:\/\/www.hansemondial.de\/blog\/wp-json\/wp\/v2\/types\/post"}],"author":[{"embeddable":true,"href":"https:\/\/www.hansemondial.de\/blog\/wp-json\/wp\/v2\/users\/2"}],"replies":[{"embeddable":true,"href":"https:\/\/www.hansemondial.de\/blog\/wp-json\/wp\/v2\/comments?post=1952"}],"version-history":[{"count":11,"href":"https:\/\/www.hansemondial.de\/blog\/wp-json\/wp\/v2\/posts\/1952\/revisions"}],"predecessor-version":[{"id":2386,"href":"https:\/\/www.hansemondial.de\/blog\/wp-json\/wp\/v2\/posts\/1952\/revisions\/2386"}],"wp:featuredmedia":[{"embeddable":true,"href":"https:\/\/www.hansemondial.de\/blog\/wp-json\/wp\/v2\/media\/1956"}],"wp:attachment":[{"href":"https:\/\/www.hansemondial.de\/blog\/wp-json\/wp\/v2\/media?parent=1952"}],"wp:term":[{"taxonomy":"category","embeddable":true,"href":"https:\/\/www.hansemondial.de\/blog\/wp-json\/wp\/v2\/categories?post=1952"},{"taxonomy":"post_tag","embeddable":true,"href":"https:\/\/www.hansemondial.de\/blog\/wp-json\/wp\/v2\/tags?post=1952"}],"curies":[{"name":"wp","href":"https:\/\/api.w.org\/{rel}","templated":true}]}}