{"id":1875,"date":"2022-09-22T15:41:26","date_gmt":"2022-09-22T13:41:26","guid":{"rendered":"https:\/\/www.hansemondial.de\/blog\/?p=1875"},"modified":"2022-09-23T10:49:03","modified_gmt":"2022-09-23T08:49:03","slug":"die-fuenf-wichtigsten-fragen-rund-um-die-mitarbeitermobilitaet","status":"publish","type":"post","link":"https:\/\/www.hansemondial.de\/blog\/die-fuenf-wichtigsten-fragen-rund-um-die-mitarbeitermobilitaet\/","title":{"rendered":"Die f\u00fcnf wichtigsten Fragen rund um die Mitarbeitermobilit\u00e4t"},"content":{"rendered":"\n<p>Das Thema Mitarbeitermobilit\u00e4t ist in unserem Buslogistik-Alltag allgegenw\u00e4rtig. Daher beantworten wir von Hanse Mondial in diesem Blogartikel die f\u00fcnf wichtigsten Fragen rund um das Thema Mitarbeitermobilit\u00e4t. <\/p>\n\n\n\n<p>Wie plane ich die Mobilit\u00e4t meiner Mitarbeiter am besten und wie sorge ich daf\u00fcr, dass meine Mitarbeiter p\u00fcnktlich an ihr Ziel kommen? All&#8216; das erf\u00e4hrst Du in diesem Blogartikel. Du hast weitere Fragen zu dem Thema oder m\u00f6chtest mit uns Deine Mitarbeitermobilit\u00e4t planen? Dann kontaktiere uns gerne \u00fcber unsere Website: <\/p>\n\n\n\n<div class=\"wp-block-buttons is-layout-flex wp-block-buttons-is-layout-flex\">\n<div class=\"wp-block-button aligncenter\"><a class=\"wp-block-button__link has-background\" href=\"https:\/\/www.hansemondial.de\/de\/business-event\/mitarbeiter-shuttle\" style=\"border-radius:0px;background-color:#3e7dbe\" target=\"_blank\" rel=\"noreferrer noopener\">JETZT KONTAKT AUFNEHMEN<\/a><\/div>\n<\/div>\n\n\n\n<p><\/p>\n\n\n\n<p>Oder m\u00f6chtest Du dich vorerst \u00fcber das Thema Mitarbeitermobilit\u00e4t informieren? Dann helfen Dir sicherlich unsere Antworten auf die nachfolgenden Fragen weiter. Viel Spa\u00df beim Lesen!<\/p>\n\n\n\n<h3 class=\"wp-block-heading\">Wie plane ich die Mobilit\u00e4t f\u00fcr meine Mitarbeiter?<\/h3>\n\n\n\n<p>Deine Mitarbeiter kommen aus verschiedenen Regionen und m\u00fcssen zu unterschiedlichen Tages- oder Nachtzeiten an einem Ort sein? Oder die Arbeitsst\u00e4tte ist nicht gut an den \u00d6PNV angebunden? Das sind alles Gr\u00fcnde, die f\u00fcr einen <a href=\"https:\/\/www.mitarbeiter-shuttle.de\" target=\"_blank\" rel=\"noreferrer noopener\">Mitarbeiter-Shuttle<\/a> sprechen. <\/p>\n\n\n\n<p>Genau ab diesem Zeitpunkt stehen wir als Experten f\u00fcr Mitarbeitermobilit\u00e4t an Deiner Seite und entwickeln ein Konzept, welches auf Deine Bed\u00fcrfnisse zugeschnitten ist. Das beginnt mit einer individuellen Bedarfsanalyse, die alle wichtigen Komponenenten beinhaltet und die elementaren Fragen kl\u00e4rt. Sobald diese Analyse abgeschlossen ist, entwickeln wir ein auf Dich zugeschnittenes Mobilit\u00e4tskonzept, welches wir im n\u00e4chsten Schritt entsprechend umsetzen. <\/p>\n\n\n\n<h3 class=\"wp-block-heading\">Kann ich den Mitarbeiter-Shuttle f\u00fcr jede Tages- und Nachtzeit buchen?<\/h3>\n\n\n\n<p>Die Busse, die Du bei uns buchst, fahren rund um die Uhr. Ebenfalls ist unser Team 24\/7 erreichbar, falls es zu kurzfristigen \u00c4nderungen kommen sollte. So kann unser Team sofort reagieren und es entstehen keine Verz\u00f6gerungen im gesamten Ablauf.   <\/p>\n\n\n\n<p>Au\u00dferdem stellen wir sicher, dass Du immer einen festen Ansprechpartner bei uns im Team hast. So wei\u00dft Du, wen Du jederzeit anrufen kannst, sollte es zu \u00c4nderungen kommen oder Du ein anderes Anliegen hast.     <\/p>\n\n\n\n<h3 class=\"wp-block-heading\">Ist es m\u00f6glich zwischen unterschiedlichen Fahrzeugtypen zu w\u00e4hlen?<\/h3>\n\n\n\n<p>Dank unseres europaweiten Netzwerks aus \u00fcber 1.000 Partnern, ist es bei uns m\u00f6glich, verschiedene Fahrzeugtypen zu buchen. Von Minivans, \u00fcber Midibusse bis hin zu Doppeldeckerbussen &#8211; ganz egal, welche Gr\u00f6\u00dfe Du f\u00fcr den Mitarbeiter-Shuttle ben\u00f6tigst. Wir bieten Dir immer das passende Fahrzeug f\u00fcr Deinen Bedarf an.  <\/p>\n\n\n\n<p>So kann ebenfalls sichergestellt werden, dass die Auslastung der Fahrzeuge optimal ist und keine Leerfahrten entstehen. F\u00fcr die bestm\u00f6gliche Auslastug und weiteren KPIs arbeiten wir mit einer eigenen Software, dem MMS (Mobility Management Software). Dazu erf\u00e4hrst Du in der n\u00e4chsten Frage mehr. <\/p>\n\n\n\n<h3 class=\"wp-block-heading\">Kann ich die Fahrt der Mitarbeiter-Shuttles tracken?<\/h3>\n\n\n\n<p>Dank unseres MMS ist es auf Anfrage m\u00f6glich die Fahrten der Mitarbeitershuttles nachzuverfolgen. Zudem erfassen wir weitere Kennzahlen, um auch in Zukunft effizient und flexibel zu arbeiten. Das beinhaltet zum Beispiel die Anzahl der Fahrg\u00e4ste, um die tats\u00e4chliche Auslastung zu erfassen. Auch wirst Du \u00fcber das MMS informiert, sollte es zum Beispiel durch einen Stau zu Verz\u00f6gerungen kommen. <\/p>\n\n\n\n<p>Reportings k\u00f6nnen ebenfalls im MMS erstellt werden, um alle Ressourcen m\u00f6glichst effizient zu nutzen. Sollte ein Bus nicht vollst\u00e4ndig ausgelastet sein, kann zuk\u00fcnftig auch ein kleineres Fahrzeug auf der Strecke eingesetzt werden. So behalten nicht nur wir, sondern auch Du jederzeit den \u00dcberblick \u00fcber alle Mitarbeiter-Shuttles.        <\/p>\n\n\n\n<figure class=\"wp-block-embed is-type-video is-provider-youtube wp-block-embed-youtube wp-embed-aspect-16-9 wp-has-aspect-ratio\"><div class=\"wp-block-embed__wrapper\">\n<div class=\"olsen-light-responsive-embed\"><iframe loading=\"lazy\" title=\"Hanse Mondial GmbH - Mobility Management Software\" width=\"665\" height=\"374\" src=\"https:\/\/www.youtube.com\/embed\/bt7CJeIGBJs?feature=oembed\" frameborder=\"0\" allow=\"accelerometer; autoplay; clipboard-write; encrypted-media; gyroscope; picture-in-picture; web-share\" referrerpolicy=\"strict-origin-when-cross-origin\" allowfullscreen><\/iframe><\/div>\n<\/div><\/figure>\n\n\n\n<h3 class=\"wp-block-heading\">Welche Vorteile hat ein Mitarbeiter-Shuttle f\u00fcr Arbeitnehmer sowie Arbeitgeber?<\/h3>\n\n\n\n<p>Es sprechen viele Gr\u00fcnde f\u00fcr einen Mitarbeiter-Shutte, denn es profitieren nicht nur die Mitarbeiter, sondern auch der Arbeitgeber. <\/p>\n\n\n\n<p>Als Arbeitgeber steigert man zum einen die Attraktivit\u00e4t f\u00fcr potenzielle sowie bestehende Mitarbeiter und kann sich von anderen Unternehmen, die keinen Mitarbeiter-Shuttle anbieten, abheben. Zus\u00e4tzlich kommen alle Mitarbeiter p\u00fcnktlich und ausgeruht zur Arbeit. Ein weiterer, wichtiger Punkt ist das Thema Nachhaltigkeit. Durch die gemeinsame An- und Abreise der Mitarbeiter wird ein deutlicher Teil an CO2 eingespart. Zus\u00e4tzlich pflanzen wir von Hanse Mondial einen Baum pro Bus. <\/p>\n\n\n\n<p>F\u00fcr Arbeitnehmer bietet ein Mitarbeiter-Shuttle ebenfalls signifikante Vorteile. Als Mitarbeiter kommt man bereits ausgeruht und fit zur Arbeit, da man nicht selber mit dem Auto zur Arbeit f\u00e4hrt. Au\u00dferdem sparen alle Mitarbeiter, die mit dem Shuttlebus kommen Fahrtkosten und m\u00fcssen vor Ort keine Zeit f\u00fcr die Parkplatzsuche aufwenden. <\/p>\n\n\n\n<p>Du hast Interesse an dem Thema Mitarbeitermobilit\u00e4t und ben\u00f6tigst unsere Hilfe? Dann freuen wir uns auf Deine Anfrage und die gemeinsame Planung! <\/p>\n\n\n\n<div class=\"wp-block-buttons is-layout-flex wp-block-buttons-is-layout-flex\">\n<div class=\"wp-block-button aligncenter\"><a class=\"wp-block-button__link has-background\" href=\"https:\/\/www.hansemondial.de\/de\/business-event\/mitarbeiter-shuttle\/mobilitaetsangebot-fuer-ihre-mitarbeiter\" style=\"border-radius:0px;background-color:#3e7dbe\" target=\"_blank\" rel=\"noreferrer noopener\">JETZT MITARBEITERMOBILIT\u00c4T PLANEN<\/a><\/div>\n<\/div>\n\n\n\n<p><\/p>\n","protected":false},"excerpt":{"rendered":"<p>Das Thema Mitarbeitermobilit\u00e4t ist in unserem Buslogistik-Alltag allgegenw\u00e4rtig. Daher beantworten wir von Hanse Mondial in diesem Blogartikel die f\u00fcnf wichtigsten Fragen rund um das Thema Mitarbeitermobilit\u00e4t. Wie plane ich die Mobilit\u00e4t meiner Mitarbeiter am besten [&hellip;]<\/p>\n","protected":false},"author":2,"featured_media":1876,"comment_status":"open","ping_status":"open","sticky":false,"template":"","format":"standard","meta":{"footnotes":""},"categories":[177,123,9],"tags":[168,66,78],"class_list":["post-1875","post","type-post","status-publish","format-standard","has-post-thumbnail","hentry","category-mitarbeitermobilitaet","category-mobilitaet","category-shuttle","tag-mitarbeitermobilitaet","tag-mitarbeitershuttle","tag-mobilitaet"],"yoast_head":"<!-- This site is optimized with the Yoast SEO plugin v25.9 - https:\/\/yoast.com\/wordpress\/plugins\/seo\/ -->\n<title>Die f\u00fcnf wichtigsten Fragen rund um die Mitarbeitermobilit\u00e4t - Hanse Mondial Blog<\/title>\n<meta name=\"robots\" content=\"index, follow, max-snippet:-1, max-image-preview:large, max-video-preview:-1\" \/>\n<link rel=\"canonical\" href=\"https:\/\/www.hansemondial.de\/blog\/die-fuenf-wichtigsten-fragen-rund-um-die-mitarbeitermobilitaet\/\" \/>\n<meta property=\"og:locale\" content=\"de_DE\" \/>\n<meta property=\"og:type\" content=\"article\" \/>\n<meta property=\"og:title\" content=\"Die f\u00fcnf wichtigsten Fragen rund um die Mitarbeitermobilit\u00e4t - Hanse Mondial Blog\" \/>\n<meta property=\"og:description\" content=\"Das Thema Mitarbeitermobilit\u00e4t ist in unserem Buslogistik-Alltag allgegenw\u00e4rtig. Daher beantworten wir von Hanse Mondial in diesem Blogartikel die f\u00fcnf wichtigsten Fragen rund um das Thema Mitarbeitermobilit\u00e4t. Wie plane ich die Mobilit\u00e4t meiner Mitarbeiter am besten [&hellip;]\" \/>\n<meta property=\"og:url\" content=\"https:\/\/www.hansemondial.de\/blog\/die-fuenf-wichtigsten-fragen-rund-um-die-mitarbeitermobilitaet\/\" \/>\n<meta property=\"og:site_name\" content=\"Hanse Mondial Blog\" \/>\n<meta property=\"article:publisher\" content=\"https:\/\/www.facebook.com\/HanseMondial\/\" \/>\n<meta property=\"article:published_time\" content=\"2022-09-22T13:41:26+00:00\" \/>\n<meta property=\"article:modified_time\" content=\"2022-09-23T08:49:03+00:00\" \/>\n<meta property=\"og:image\" content=\"https:\/\/www.hansemondial.de\/blog\/wp-content\/uploads\/2022\/09\/Hansemondial_Nachzuegler_07.jpg\" \/>\n\t<meta property=\"og:image:width\" content=\"2048\" \/>\n\t<meta property=\"og:image:height\" content=\"1365\" \/>\n\t<meta property=\"og:image:type\" content=\"image\/jpeg\" \/>\n<meta name=\"author\" content=\"Tim Derix\" \/>\n<meta name=\"twitter:card\" content=\"summary_large_image\" \/>\n<meta name=\"twitter:label1\" content=\"Verfasst von\" \/>\n\t<meta name=\"twitter:data1\" content=\"Tim Derix\" \/>\n\t<meta name=\"twitter:label2\" content=\"Gesch\u00e4tzte Lesezeit\" \/>\n\t<meta name=\"twitter:data2\" content=\"4\u00a0Minuten\" \/>\n<script type=\"application\/ld+json\" class=\"yoast-schema-graph\">{\"@context\":\"https:\/\/schema.org\",\"@graph\":[{\"@type\":\"Article\",\"@id\":\"https:\/\/www.hansemondial.de\/blog\/die-fuenf-wichtigsten-fragen-rund-um-die-mitarbeitermobilitaet\/#article\",\"isPartOf\":{\"@id\":\"https:\/\/www.hansemondial.de\/blog\/die-fuenf-wichtigsten-fragen-rund-um-die-mitarbeitermobilitaet\/\"},\"author\":{\"name\":\"Tim Derix\",\"@id\":\"https:\/\/www.hansemondial.de\/blog\/#\/schema\/person\/d8bfbb02246adfe2a289d6bf40ead0e3\"},\"headline\":\"Die f\u00fcnf wichtigsten Fragen rund um die Mitarbeitermobilit\u00e4t\",\"datePublished\":\"2022-09-22T13:41:26+00:00\",\"dateModified\":\"2022-09-23T08:49:03+00:00\",\"mainEntityOfPage\":{\"@id\":\"https:\/\/www.hansemondial.de\/blog\/die-fuenf-wichtigsten-fragen-rund-um-die-mitarbeitermobilitaet\/\"},\"wordCount\":738,\"commentCount\":0,\"publisher\":{\"@id\":\"https:\/\/www.hansemondial.de\/blog\/#organization\"},\"image\":{\"@id\":\"https:\/\/www.hansemondial.de\/blog\/die-fuenf-wichtigsten-fragen-rund-um-die-mitarbeitermobilitaet\/#primaryimage\"},\"thumbnailUrl\":\"https:\/\/www.hansemondial.de\/blog\/wp-content\/uploads\/2022\/09\/Hansemondial_Nachzuegler_07.jpg\",\"keywords\":[\"Mitarbeitermobilit\u00e4t\",\"Mitarbeitershuttle\",\"Mobilit\u00e4t\"],\"articleSection\":[\"Mitarbeitermobilit\u00e4t\",\"Mobilit\u00e4t\",\"Shuttle Service\"],\"inLanguage\":\"de\",\"potentialAction\":[{\"@type\":\"CommentAction\",\"name\":\"Comment\",\"target\":[\"https:\/\/www.hansemondial.de\/blog\/die-fuenf-wichtigsten-fragen-rund-um-die-mitarbeitermobilitaet\/#respond\"]}]},{\"@type\":\"WebPage\",\"@id\":\"https:\/\/www.hansemondial.de\/blog\/die-fuenf-wichtigsten-fragen-rund-um-die-mitarbeitermobilitaet\/\",\"url\":\"https:\/\/www.hansemondial.de\/blog\/die-fuenf-wichtigsten-fragen-rund-um-die-mitarbeitermobilitaet\/\",\"name\":\"Die f\u00fcnf wichtigsten Fragen rund um die Mitarbeitermobilit\u00e4t - Hanse Mondial Blog\",\"isPartOf\":{\"@id\":\"https:\/\/www.hansemondial.de\/blog\/#website\"},\"primaryImageOfPage\":{\"@id\":\"https:\/\/www.hansemondial.de\/blog\/die-fuenf-wichtigsten-fragen-rund-um-die-mitarbeitermobilitaet\/#primaryimage\"},\"image\":{\"@id\":\"https:\/\/www.hansemondial.de\/blog\/die-fuenf-wichtigsten-fragen-rund-um-die-mitarbeitermobilitaet\/#primaryimage\"},\"thumbnailUrl\":\"https:\/\/www.hansemondial.de\/blog\/wp-content\/uploads\/2022\/09\/Hansemondial_Nachzuegler_07.jpg\",\"datePublished\":\"2022-09-22T13:41:26+00:00\",\"dateModified\":\"2022-09-23T08:49:03+00:00\",\"breadcrumb\":{\"@id\":\"https:\/\/www.hansemondial.de\/blog\/die-fuenf-wichtigsten-fragen-rund-um-die-mitarbeitermobilitaet\/#breadcrumb\"},\"inLanguage\":\"de\",\"potentialAction\":[{\"@type\":\"ReadAction\",\"target\":[\"https:\/\/www.hansemondial.de\/blog\/die-fuenf-wichtigsten-fragen-rund-um-die-mitarbeitermobilitaet\/\"]}]},{\"@type\":\"ImageObject\",\"inLanguage\":\"de\",\"@id\":\"https:\/\/www.hansemondial.de\/blog\/die-fuenf-wichtigsten-fragen-rund-um-die-mitarbeitermobilitaet\/#primaryimage\",\"url\":\"https:\/\/www.hansemondial.de\/blog\/wp-content\/uploads\/2022\/09\/Hansemondial_Nachzuegler_07.jpg\",\"contentUrl\":\"https:\/\/www.hansemondial.de\/blog\/wp-content\/uploads\/2022\/09\/Hansemondial_Nachzuegler_07.jpg\",\"width\":2048,\"height\":1365},{\"@type\":\"BreadcrumbList\",\"@id\":\"https:\/\/www.hansemondial.de\/blog\/die-fuenf-wichtigsten-fragen-rund-um-die-mitarbeitermobilitaet\/#breadcrumb\",\"itemListElement\":[{\"@type\":\"ListItem\",\"position\":1,\"name\":\"Startseite\",\"item\":\"https:\/\/www.hansemondial.de\/blog\/\"},{\"@type\":\"ListItem\",\"position\":2,\"name\":\"Die f\u00fcnf wichtigsten Fragen rund um die Mitarbeitermobilit\u00e4t\"}]},{\"@type\":\"WebSite\",\"@id\":\"https:\/\/www.hansemondial.de\/blog\/#website\",\"url\":\"https:\/\/www.hansemondial.de\/blog\/\",\"name\":\"Hanse Mondial Blog\",\"description\":\"Der Buslogistik Blog\",\"publisher\":{\"@id\":\"https:\/\/www.hansemondial.de\/blog\/#organization\"},\"potentialAction\":[{\"@type\":\"SearchAction\",\"target\":{\"@type\":\"EntryPoint\",\"urlTemplate\":\"https:\/\/www.hansemondial.de\/blog\/?s={search_term_string}\"},\"query-input\":{\"@type\":\"PropertyValueSpecification\",\"valueRequired\":true,\"valueName\":\"search_term_string\"}}],\"inLanguage\":\"de\"},{\"@type\":\"Organization\",\"@id\":\"https:\/\/www.hansemondial.de\/blog\/#organization\",\"name\":\"Hanse Mondial GmbH\",\"url\":\"https:\/\/www.hansemondial.de\/blog\/\",\"logo\":{\"@type\":\"ImageObject\",\"inLanguage\":\"de\",\"@id\":\"https:\/\/www.hansemondial.de\/blog\/#\/schema\/logo\/image\/\",\"url\":\"https:\/\/www.hansemondial.de\/blog\/wp-content\/uploads\/2023\/06\/MicrosoftTeams-image-5.png\",\"contentUrl\":\"https:\/\/www.hansemondial.de\/blog\/wp-content\/uploads\/2023\/06\/MicrosoftTeams-image-5.png\",\"width\":300,\"height\":150,\"caption\":\"Hanse Mondial GmbH\"},\"image\":{\"@id\":\"https:\/\/www.hansemondial.de\/blog\/#\/schema\/logo\/image\/\"},\"sameAs\":[\"https:\/\/www.facebook.com\/HanseMondial\/\",\"https:\/\/www.instagram.com\/hansemondial_buslogistik\/\",\"https:\/\/sv.linkedin.com\/company\/hanse-mondial-gmbh\",\"https:\/\/www.youtube.com\/channel\/UCsvt7IF3WGv6rWNXykzugHA\"]},{\"@type\":\"Person\",\"@id\":\"https:\/\/www.hansemondial.de\/blog\/#\/schema\/person\/d8bfbb02246adfe2a289d6bf40ead0e3\",\"name\":\"Tim Derix\",\"image\":{\"@type\":\"ImageObject\",\"inLanguage\":\"de\",\"@id\":\"https:\/\/www.hansemondial.de\/blog\/#\/schema\/person\/image\/\",\"url\":\"https:\/\/secure.gravatar.com\/avatar\/ffcef1b65ae567f54b83e4e40171ae5cc4d36dad47078c89fe88308a4425b688?s=96&d=mm&r=g\",\"contentUrl\":\"https:\/\/secure.gravatar.com\/avatar\/ffcef1b65ae567f54b83e4e40171ae5cc4d36dad47078c89fe88308a4425b688?s=96&d=mm&r=g\",\"caption\":\"Tim Derix\"},\"url\":\"https:\/\/www.hansemondial.de\/blog\/author\/tderix\/\"}]}<\/script>\n<!-- \/ Yoast SEO plugin. -->","yoast_head_json":{"title":"Die f\u00fcnf wichtigsten Fragen rund um die Mitarbeitermobilit\u00e4t - Hanse Mondial Blog","robots":{"index":"index","follow":"follow","max-snippet":"max-snippet:-1","max-image-preview":"max-image-preview:large","max-video-preview":"max-video-preview:-1"},"canonical":"https:\/\/www.hansemondial.de\/blog\/die-fuenf-wichtigsten-fragen-rund-um-die-mitarbeitermobilitaet\/","og_locale":"de_DE","og_type":"article","og_title":"Die f\u00fcnf wichtigsten Fragen rund um die Mitarbeitermobilit\u00e4t - Hanse Mondial Blog","og_description":"Das Thema Mitarbeitermobilit\u00e4t ist in unserem Buslogistik-Alltag allgegenw\u00e4rtig. Daher beantworten wir von Hanse Mondial in diesem Blogartikel die f\u00fcnf wichtigsten Fragen rund um das Thema Mitarbeitermobilit\u00e4t. Wie plane ich die Mobilit\u00e4t meiner Mitarbeiter am besten [&hellip;]","og_url":"https:\/\/www.hansemondial.de\/blog\/die-fuenf-wichtigsten-fragen-rund-um-die-mitarbeitermobilitaet\/","og_site_name":"Hanse Mondial Blog","article_publisher":"https:\/\/www.facebook.com\/HanseMondial\/","article_published_time":"2022-09-22T13:41:26+00:00","article_modified_time":"2022-09-23T08:49:03+00:00","og_image":[{"width":2048,"height":1365,"url":"https:\/\/www.hansemondial.de\/blog\/wp-content\/uploads\/2022\/09\/Hansemondial_Nachzuegler_07.jpg","type":"image\/jpeg"}],"author":"Tim Derix","twitter_card":"summary_large_image","twitter_misc":{"Verfasst von":"Tim Derix","Gesch\u00e4tzte Lesezeit":"4\u00a0Minuten"},"schema":{"@context":"https:\/\/schema.org","@graph":[{"@type":"Article","@id":"https:\/\/www.hansemondial.de\/blog\/die-fuenf-wichtigsten-fragen-rund-um-die-mitarbeitermobilitaet\/#article","isPartOf":{"@id":"https:\/\/www.hansemondial.de\/blog\/die-fuenf-wichtigsten-fragen-rund-um-die-mitarbeitermobilitaet\/"},"author":{"name":"Tim Derix","@id":"https:\/\/www.hansemondial.de\/blog\/#\/schema\/person\/d8bfbb02246adfe2a289d6bf40ead0e3"},"headline":"Die f\u00fcnf wichtigsten Fragen rund um die Mitarbeitermobilit\u00e4t","datePublished":"2022-09-22T13:41:26+00:00","dateModified":"2022-09-23T08:49:03+00:00","mainEntityOfPage":{"@id":"https:\/\/www.hansemondial.de\/blog\/die-fuenf-wichtigsten-fragen-rund-um-die-mitarbeitermobilitaet\/"},"wordCount":738,"commentCount":0,"publisher":{"@id":"https:\/\/www.hansemondial.de\/blog\/#organization"},"image":{"@id":"https:\/\/www.hansemondial.de\/blog\/die-fuenf-wichtigsten-fragen-rund-um-die-mitarbeitermobilitaet\/#primaryimage"},"thumbnailUrl":"https:\/\/www.hansemondial.de\/blog\/wp-content\/uploads\/2022\/09\/Hansemondial_Nachzuegler_07.jpg","keywords":["Mitarbeitermobilit\u00e4t","Mitarbeitershuttle","Mobilit\u00e4t"],"articleSection":["Mitarbeitermobilit\u00e4t","Mobilit\u00e4t","Shuttle Service"],"inLanguage":"de","potentialAction":[{"@type":"CommentAction","name":"Comment","target":["https:\/\/www.hansemondial.de\/blog\/die-fuenf-wichtigsten-fragen-rund-um-die-mitarbeitermobilitaet\/#respond"]}]},{"@type":"WebPage","@id":"https:\/\/www.hansemondial.de\/blog\/die-fuenf-wichtigsten-fragen-rund-um-die-mitarbeitermobilitaet\/","url":"https:\/\/www.hansemondial.de\/blog\/die-fuenf-wichtigsten-fragen-rund-um-die-mitarbeitermobilitaet\/","name":"Die f\u00fcnf wichtigsten Fragen rund um die Mitarbeitermobilit\u00e4t - Hanse Mondial Blog","isPartOf":{"@id":"https:\/\/www.hansemondial.de\/blog\/#website"},"primaryImageOfPage":{"@id":"https:\/\/www.hansemondial.de\/blog\/die-fuenf-wichtigsten-fragen-rund-um-die-mitarbeitermobilitaet\/#primaryimage"},"image":{"@id":"https:\/\/www.hansemondial.de\/blog\/die-fuenf-wichtigsten-fragen-rund-um-die-mitarbeitermobilitaet\/#primaryimage"},"thumbnailUrl":"https:\/\/www.hansemondial.de\/blog\/wp-content\/uploads\/2022\/09\/Hansemondial_Nachzuegler_07.jpg","datePublished":"2022-09-22T13:41:26+00:00","dateModified":"2022-09-23T08:49:03+00:00","breadcrumb":{"@id":"https:\/\/www.hansemondial.de\/blog\/die-fuenf-wichtigsten-fragen-rund-um-die-mitarbeitermobilitaet\/#breadcrumb"},"inLanguage":"de","potentialAction":[{"@type":"ReadAction","target":["https:\/\/www.hansemondial.de\/blog\/die-fuenf-wichtigsten-fragen-rund-um-die-mitarbeitermobilitaet\/"]}]},{"@type":"ImageObject","inLanguage":"de","@id":"https:\/\/www.hansemondial.de\/blog\/die-fuenf-wichtigsten-fragen-rund-um-die-mitarbeitermobilitaet\/#primaryimage","url":"https:\/\/www.hansemondial.de\/blog\/wp-content\/uploads\/2022\/09\/Hansemondial_Nachzuegler_07.jpg","contentUrl":"https:\/\/www.hansemondial.de\/blog\/wp-content\/uploads\/2022\/09\/Hansemondial_Nachzuegler_07.jpg","width":2048,"height":1365},{"@type":"BreadcrumbList","@id":"https:\/\/www.hansemondial.de\/blog\/die-fuenf-wichtigsten-fragen-rund-um-die-mitarbeitermobilitaet\/#breadcrumb","itemListElement":[{"@type":"ListItem","position":1,"name":"Startseite","item":"https:\/\/www.hansemondial.de\/blog\/"},{"@type":"ListItem","position":2,"name":"Die f\u00fcnf wichtigsten Fragen rund um die Mitarbeitermobilit\u00e4t"}]},{"@type":"WebSite","@id":"https:\/\/www.hansemondial.de\/blog\/#website","url":"https:\/\/www.hansemondial.de\/blog\/","name":"Hanse Mondial Blog","description":"Der Buslogistik Blog","publisher":{"@id":"https:\/\/www.hansemondial.de\/blog\/#organization"},"potentialAction":[{"@type":"SearchAction","target":{"@type":"EntryPoint","urlTemplate":"https:\/\/www.hansemondial.de\/blog\/?s={search_term_string}"},"query-input":{"@type":"PropertyValueSpecification","valueRequired":true,"valueName":"search_term_string"}}],"inLanguage":"de"},{"@type":"Organization","@id":"https:\/\/www.hansemondial.de\/blog\/#organization","name":"Hanse Mondial GmbH","url":"https:\/\/www.hansemondial.de\/blog\/","logo":{"@type":"ImageObject","inLanguage":"de","@id":"https:\/\/www.hansemondial.de\/blog\/#\/schema\/logo\/image\/","url":"https:\/\/www.hansemondial.de\/blog\/wp-content\/uploads\/2023\/06\/MicrosoftTeams-image-5.png","contentUrl":"https:\/\/www.hansemondial.de\/blog\/wp-content\/uploads\/2023\/06\/MicrosoftTeams-image-5.png","width":300,"height":150,"caption":"Hanse Mondial GmbH"},"image":{"@id":"https:\/\/www.hansemondial.de\/blog\/#\/schema\/logo\/image\/"},"sameAs":["https:\/\/www.facebook.com\/HanseMondial\/","https:\/\/www.instagram.com\/hansemondial_buslogistik\/","https:\/\/sv.linkedin.com\/company\/hanse-mondial-gmbh","https:\/\/www.youtube.com\/channel\/UCsvt7IF3WGv6rWNXykzugHA"]},{"@type":"Person","@id":"https:\/\/www.hansemondial.de\/blog\/#\/schema\/person\/d8bfbb02246adfe2a289d6bf40ead0e3","name":"Tim Derix","image":{"@type":"ImageObject","inLanguage":"de","@id":"https:\/\/www.hansemondial.de\/blog\/#\/schema\/person\/image\/","url":"https:\/\/secure.gravatar.com\/avatar\/ffcef1b65ae567f54b83e4e40171ae5cc4d36dad47078c89fe88308a4425b688?s=96&d=mm&r=g","contentUrl":"https:\/\/secure.gravatar.com\/avatar\/ffcef1b65ae567f54b83e4e40171ae5cc4d36dad47078c89fe88308a4425b688?s=96&d=mm&r=g","caption":"Tim Derix"},"url":"https:\/\/www.hansemondial.de\/blog\/author\/tderix\/"}]}},"_links":{"self":[{"href":"https:\/\/www.hansemondial.de\/blog\/wp-json\/wp\/v2\/posts\/1875","targetHints":{"allow":["GET"]}}],"collection":[{"href":"https:\/\/www.hansemondial.de\/blog\/wp-json\/wp\/v2\/posts"}],"about":[{"href":"https:\/\/www.hansemondial.de\/blog\/wp-json\/wp\/v2\/types\/post"}],"author":[{"embeddable":true,"href":"https:\/\/www.hansemondial.de\/blog\/wp-json\/wp\/v2\/users\/2"}],"replies":[{"embeddable":true,"href":"https:\/\/www.hansemondial.de\/blog\/wp-json\/wp\/v2\/comments?post=1875"}],"version-history":[{"count":30,"href":"https:\/\/www.hansemondial.de\/blog\/wp-json\/wp\/v2\/posts\/1875\/revisions"}],"predecessor-version":[{"id":1907,"href":"https:\/\/www.hansemondial.de\/blog\/wp-json\/wp\/v2\/posts\/1875\/revisions\/1907"}],"wp:featuredmedia":[{"embeddable":true,"href":"https:\/\/www.hansemondial.de\/blog\/wp-json\/wp\/v2\/media\/1876"}],"wp:attachment":[{"href":"https:\/\/www.hansemondial.de\/blog\/wp-json\/wp\/v2\/media?parent=1875"}],"wp:term":[{"taxonomy":"category","embeddable":true,"href":"https:\/\/www.hansemondial.de\/blog\/wp-json\/wp\/v2\/categories?post=1875"},{"taxonomy":"post_tag","embeddable":true,"href":"https:\/\/www.hansemondial.de\/blog\/wp-json\/wp\/v2\/tags?post=1875"}],"curies":[{"name":"wp","href":"https:\/\/api.w.org\/{rel}","templated":true}]}}