{"id":1747,"date":"2022-06-14T13:35:05","date_gmt":"2022-06-14T11:35:05","guid":{"rendered":"https:\/\/www.hansemondial.de\/blog\/?p=1747"},"modified":"2022-06-21T15:19:54","modified_gmt":"2022-06-21T13:19:54","slug":"wann-heiraten-die-meisten-der-besondere-tag-die-hochzeit","status":"publish","type":"post","link":"https:\/\/www.hansemondial.de\/blog\/wann-heiraten-die-meisten-der-besondere-tag-die-hochzeit\/","title":{"rendered":"Wann heiraten die meisten? Der besondere Tag die Hochzeit\ufffc"},"content":{"rendered":"\n<p>Hochzeiten sind immer noch ein ganz besonderer Tag, heute vielleicht mehr als fr\u00fcher. Wenn man sich anschaut, wie viele Hochzeiten heute gefeiert werden, dann kann man Hochzeiten und Hochzeitsfeiern als ein ganz au\u00dfergew\u00f6hnliches und besonderes Fest bezeichnen.<\/p>\n\n\n\n<p>Auch Junggesellenabschiede geh\u00f6ren zur Hochzeitstradition. Um genug Spa\u00df zu haben, finden diese Junggesellenabschiede in Gro\u00dfst\u00e4dten, Bars oder gro\u00dfen Festivals statt \u2013 genau dort, wo viele Menschen gesellig sind. Gerade in l\u00e4ndlichen Gegenden geh\u00f6ren Junggesellenabschiede zur Hochzeit dazu und sind f\u00fcr viele ein Muss. Freunde, Familie, Verwandte, Kollegen, Vereinsfreunde und Nachbarn feiern mit dem angehenden Brautpaar \u2013 oft bis in die fr\u00fchen Morgenstunden. Daher findet das Datum normalerweise eine Woche vor dem Hochzeitstermin statt.<\/p>\n\n\n\n<p>Aber in welchen Monaten heiraten die Deutschen eigentlich am liebsten? In diesem Artikel zeigen wir Euch anhand von Statistiken, in welchen Monaten und Alter die Deutschen am liebsten heiraten.<\/p>\n\n\n\n<h2 class=\"wp-block-heading\"><strong>Im Sommer heiraten Paare lieber<\/strong><\/h2>\n\n\n\n<p>Die meisten Paare heiraten lieber, wenn es sch\u00f6n warm ist, also im Sommer, der viele Vorteile mit sich bringt. Die Kutschfahrt f\u00e4llt nicht ins Wasser, das Brautkleid wird nicht von Schnee- oder Regenmassen begleitet. Und die Gartenparty bei abendlicher W\u00e4rme ist mit gro\u00dfer Wahrscheinlichkeit m\u00f6glich<strong>. Vor allem im Juni, August und September heiraten die Deutschen gerne<\/strong>.<\/p>\n\n\n\n<p><strong>TIPP: Wenn ihr Eure Hochzeit w\u00e4hrend der Ferienzeit Juni\/Juli plant, informiert Eure Hochzeitsg\u00e4ste rechtzeitig.<\/strong><\/p>\n\n\n\n<h3 class=\"wp-block-heading\"><strong>Eheschlie\u00dfungen Monats\u00fcbersicht November 2018 \u2013 November 2021<\/strong><\/h3>\n\n\n\n<figure class=\"wp-block-image size-full\"><img loading=\"lazy\" decoding=\"async\" width=\"803\" height=\"559\" src=\"https:\/\/www.hansemondial.de\/blog\/wp-content\/uploads\/2022\/06\/wann-heiraten-die-deutschen-am-liebsten.png\" alt=\"\" class=\"wp-image-1775\" srcset=\"https:\/\/www.hansemondial.de\/blog\/wp-content\/uploads\/2022\/06\/wann-heiraten-die-deutschen-am-liebsten.png 803w, https:\/\/www.hansemondial.de\/blog\/wp-content\/uploads\/2022\/06\/wann-heiraten-die-deutschen-am-liebsten-300x209.png 300w, https:\/\/www.hansemondial.de\/blog\/wp-content\/uploads\/2022\/06\/wann-heiraten-die-deutschen-am-liebsten-768x535.png 768w\" sizes=\"auto, (max-width: 803px) 100vw, 803px\" \/><\/figure>\n\n\n\n<h3 class=\"wp-block-heading\"><strong>In welchem Alter heiraten die meisten Deutschen am liebsten?<\/strong><\/h3>\n\n\n\n<p>Diese Statistik zeigt das durchschnittliche Heiratsalter von Frauen und M\u00e4nnern in Deutschland von 1991 bis 2020. Im Jahr 2020 liegt das durchschnittliche Heiratsalter f\u00fcr Frauen bei 32 Jahren und das durchschnittliche Heiratsalter f\u00fcr M\u00e4nner im Jahr 2020 bei 34.<\/p>\n\n\n\n<p><\/p>\n\n\n\n<h3 class=\"wp-block-heading\"><strong>Heiratsalter lediger Frauen<\/strong><\/h3>\n\n\n\n<figure class=\"wp-block-image size-full\"><img loading=\"lazy\" decoding=\"async\" width=\"807\" height=\"561\" src=\"https:\/\/www.hansemondial.de\/blog\/wp-content\/uploads\/2022\/06\/wann-heiraten-die-deutschen-am-liebsten1.png\" alt=\"\" class=\"wp-image-1778\" srcset=\"https:\/\/www.hansemondial.de\/blog\/wp-content\/uploads\/2022\/06\/wann-heiraten-die-deutschen-am-liebsten1.png 807w, https:\/\/www.hansemondial.de\/blog\/wp-content\/uploads\/2022\/06\/wann-heiraten-die-deutschen-am-liebsten1-300x209.png 300w, https:\/\/www.hansemondial.de\/blog\/wp-content\/uploads\/2022\/06\/wann-heiraten-die-deutschen-am-liebsten1-768x534.png 768w\" sizes=\"auto, (max-width: 807px) 100vw, 807px\" \/><\/figure>\n\n\n\n<h3 class=\"wp-block-heading\"><strong>Heiratsalter lediger M\u00e4nner<\/strong><\/h3>\n\n\n\n<figure class=\"wp-block-image size-full\"><img loading=\"lazy\" decoding=\"async\" width=\"805\" height=\"555\" src=\"https:\/\/www.hansemondial.de\/blog\/wp-content\/uploads\/2022\/06\/wann-heiraten-die-deutschen-am-liebsten2.png\" alt=\"\" class=\"wp-image-1779\" srcset=\"https:\/\/www.hansemondial.de\/blog\/wp-content\/uploads\/2022\/06\/wann-heiraten-die-deutschen-am-liebsten2.png 805w, https:\/\/www.hansemondial.de\/blog\/wp-content\/uploads\/2022\/06\/wann-heiraten-die-deutschen-am-liebsten2-300x207.png 300w, https:\/\/www.hansemondial.de\/blog\/wp-content\/uploads\/2022\/06\/wann-heiraten-die-deutschen-am-liebsten2-768x529.png 768w\" sizes=\"auto, (max-width: 805px) 100vw, 805px\" \/><\/figure>\n\n\n\n<p>Man kann also sagen, dass die Paare im Vergleich zu fr\u00fcher es bevorzugen sp\u00e4ter zu heiraten. Eine von kartenmacherei.de in Auftrag gegebene Studie untersuchte, wie lange deutsche Paare auf die Hochzeit warteten bis sie sich das JA Wort geben. Ergebnisse: Die meisten Paare heirateten nach drei bis sieben Jahren \u2013 37 Prozent. 32 % warten 7 bis 15 Jahre, w\u00e4hrend 24 % nach ein bis drei Jahren heiraten. <a href=\"https:\/\/www.kartenmacherei.de\/hochzeitsstudie\/\" rel=\"nofollow\">Hier gelangen Sie zur der aktuellen Hochzeitsstudie 2022 von der kartenmacherei.de<\/a><\/p>\n\n\n\n<div class=\"wp-block-buttons is-layout-flex wp-block-buttons-is-layout-flex\">\n<div class=\"wp-block-button aligncenter\"><a class=\"wp-block-button__link has-background\" href=\"\" style=\"border-radius:0px;background-color:#3e7dbe\" target=\"_blank\" rel=\"noreferrer noopener\"><strong>JETZT HOCHZEITS-SHUTTLE ANFRAGEN<\/strong><\/a><\/div>\n<\/div>\n\n\n\n<p><\/p>\n\n\n\n<p><strong>Wir w\u00fcnschen allen Frischverm\u00e4hlten eine wundersch\u00f6ne Hochzeit &#8211; egal, in welchem \u200b\u200bMonat oder Alter ihr heiratet. Genie\u00dft Euren besonderen Tag gemeinsam mit Euren Liebsten.<\/strong><\/p>\n","protected":false},"excerpt":{"rendered":"<p>Hochzeiten sind immer noch ein ganz besonderer Tag, heute vielleicht mehr als fr\u00fcher. Wenn man sich anschaut, wie viele Hochzeiten heute gefeiert werden, dann kann man Hochzeiten und Hochzeitsfeiern als ein ganz au\u00dfergew\u00f6hnliches und besonderes [&hellip;]<\/p>\n","protected":false},"author":2,"featured_media":1748,"comment_status":"open","ping_status":"open","sticky":false,"template":"","format":"standard","meta":{"footnotes":""},"categories":[158,9,114],"tags":[],"class_list":["post-1747","post","type-post","status-publish","format-standard","has-post-thumbnail","hentry","category-hochzeit","category-shuttle","category-veranstaltung"],"yoast_head":"<!-- This site is optimized with the Yoast SEO plugin v25.9 - https:\/\/yoast.com\/wordpress\/plugins\/seo\/ -->\n<title>Wann heiraten die meisten? Der besondere Tag die Hochzeit\ufffc - Hanse Mondial Blog<\/title>\n<meta name=\"robots\" content=\"index, follow, max-snippet:-1, max-image-preview:large, max-video-preview:-1\" \/>\n<link rel=\"canonical\" href=\"https:\/\/www.hansemondial.de\/blog\/wann-heiraten-die-meisten-der-besondere-tag-die-hochzeit\/\" \/>\n<meta property=\"og:locale\" content=\"de_DE\" \/>\n<meta property=\"og:type\" content=\"article\" \/>\n<meta property=\"og:title\" content=\"Wann heiraten die meisten? Der besondere Tag die Hochzeit\ufffc - Hanse Mondial Blog\" \/>\n<meta property=\"og:description\" content=\"Hochzeiten sind immer noch ein ganz besonderer Tag, heute vielleicht mehr als fr\u00fcher. Wenn man sich anschaut, wie viele Hochzeiten heute gefeiert werden, dann kann man Hochzeiten und Hochzeitsfeiern als ein ganz au\u00dfergew\u00f6hnliches und besonderes [&hellip;]\" \/>\n<meta property=\"og:url\" content=\"https:\/\/www.hansemondial.de\/blog\/wann-heiraten-die-meisten-der-besondere-tag-die-hochzeit\/\" \/>\n<meta property=\"og:site_name\" content=\"Hanse Mondial Blog\" \/>\n<meta property=\"article:publisher\" content=\"https:\/\/www.facebook.com\/HanseMondial\/\" \/>\n<meta property=\"article:published_time\" content=\"2022-06-14T11:35:05+00:00\" \/>\n<meta property=\"article:modified_time\" content=\"2022-06-21T13:19:54+00:00\" \/>\n<meta property=\"og:image\" content=\"https:\/\/www.hansemondial.de\/blog\/wp-content\/uploads\/2022\/06\/Wann-heiraten-die-meisten.jpg\" \/>\n\t<meta property=\"og:image:width\" content=\"1384\" \/>\n\t<meta property=\"og:image:height\" content=\"925\" \/>\n\t<meta property=\"og:image:type\" content=\"image\/jpeg\" \/>\n<meta name=\"author\" content=\"Tim Derix\" \/>\n<meta name=\"twitter:card\" content=\"summary_large_image\" \/>\n<meta name=\"twitter:label1\" content=\"Verfasst von\" \/>\n\t<meta name=\"twitter:data1\" content=\"Tim Derix\" \/>\n\t<meta name=\"twitter:label2\" content=\"Gesch\u00e4tzte Lesezeit\" \/>\n\t<meta name=\"twitter:data2\" content=\"3\u00a0Minuten\" \/>\n<script type=\"application\/ld+json\" class=\"yoast-schema-graph\">{\"@context\":\"https:\/\/schema.org\",\"@graph\":[{\"@type\":\"Article\",\"@id\":\"https:\/\/www.hansemondial.de\/blog\/wann-heiraten-die-meisten-der-besondere-tag-die-hochzeit\/#article\",\"isPartOf\":{\"@id\":\"https:\/\/www.hansemondial.de\/blog\/wann-heiraten-die-meisten-der-besondere-tag-die-hochzeit\/\"},\"author\":{\"name\":\"Tim Derix\",\"@id\":\"https:\/\/www.hansemondial.de\/blog\/#\/schema\/person\/d8bfbb02246adfe2a289d6bf40ead0e3\"},\"headline\":\"Wann heiraten die meisten? Der besondere Tag die Hochzeit\ufffc\",\"datePublished\":\"2022-06-14T11:35:05+00:00\",\"dateModified\":\"2022-06-21T13:19:54+00:00\",\"mainEntityOfPage\":{\"@id\":\"https:\/\/www.hansemondial.de\/blog\/wann-heiraten-die-meisten-der-besondere-tag-die-hochzeit\/\"},\"wordCount\":405,\"commentCount\":0,\"publisher\":{\"@id\":\"https:\/\/www.hansemondial.de\/blog\/#organization\"},\"image\":{\"@id\":\"https:\/\/www.hansemondial.de\/blog\/wann-heiraten-die-meisten-der-besondere-tag-die-hochzeit\/#primaryimage\"},\"thumbnailUrl\":\"https:\/\/www.hansemondial.de\/blog\/wp-content\/uploads\/2022\/06\/Wann-heiraten-die-meisten.jpg\",\"articleSection\":[\"Hochzeit\",\"Shuttle Service\",\"Veranstaltung\"],\"inLanguage\":\"de\",\"potentialAction\":[{\"@type\":\"CommentAction\",\"name\":\"Comment\",\"target\":[\"https:\/\/www.hansemondial.de\/blog\/wann-heiraten-die-meisten-der-besondere-tag-die-hochzeit\/#respond\"]}]},{\"@type\":\"WebPage\",\"@id\":\"https:\/\/www.hansemondial.de\/blog\/wann-heiraten-die-meisten-der-besondere-tag-die-hochzeit\/\",\"url\":\"https:\/\/www.hansemondial.de\/blog\/wann-heiraten-die-meisten-der-besondere-tag-die-hochzeit\/\",\"name\":\"Wann heiraten die meisten? Der besondere Tag die Hochzeit\ufffc - Hanse Mondial Blog\",\"isPartOf\":{\"@id\":\"https:\/\/www.hansemondial.de\/blog\/#website\"},\"primaryImageOfPage\":{\"@id\":\"https:\/\/www.hansemondial.de\/blog\/wann-heiraten-die-meisten-der-besondere-tag-die-hochzeit\/#primaryimage\"},\"image\":{\"@id\":\"https:\/\/www.hansemondial.de\/blog\/wann-heiraten-die-meisten-der-besondere-tag-die-hochzeit\/#primaryimage\"},\"thumbnailUrl\":\"https:\/\/www.hansemondial.de\/blog\/wp-content\/uploads\/2022\/06\/Wann-heiraten-die-meisten.jpg\",\"datePublished\":\"2022-06-14T11:35:05+00:00\",\"dateModified\":\"2022-06-21T13:19:54+00:00\",\"breadcrumb\":{\"@id\":\"https:\/\/www.hansemondial.de\/blog\/wann-heiraten-die-meisten-der-besondere-tag-die-hochzeit\/#breadcrumb\"},\"inLanguage\":\"de\",\"potentialAction\":[{\"@type\":\"ReadAction\",\"target\":[\"https:\/\/www.hansemondial.de\/blog\/wann-heiraten-die-meisten-der-besondere-tag-die-hochzeit\/\"]}]},{\"@type\":\"ImageObject\",\"inLanguage\":\"de\",\"@id\":\"https:\/\/www.hansemondial.de\/blog\/wann-heiraten-die-meisten-der-besondere-tag-die-hochzeit\/#primaryimage\",\"url\":\"https:\/\/www.hansemondial.de\/blog\/wp-content\/uploads\/2022\/06\/Wann-heiraten-die-meisten.jpg\",\"contentUrl\":\"https:\/\/www.hansemondial.de\/blog\/wp-content\/uploads\/2022\/06\/Wann-heiraten-die-meisten.jpg\",\"width\":1384,\"height\":925},{\"@type\":\"BreadcrumbList\",\"@id\":\"https:\/\/www.hansemondial.de\/blog\/wann-heiraten-die-meisten-der-besondere-tag-die-hochzeit\/#breadcrumb\",\"itemListElement\":[{\"@type\":\"ListItem\",\"position\":1,\"name\":\"Startseite\",\"item\":\"https:\/\/www.hansemondial.de\/blog\/\"},{\"@type\":\"ListItem\",\"position\":2,\"name\":\"Wann heiraten die meisten? Der besondere Tag die Hochzeit\ufffc\"}]},{\"@type\":\"WebSite\",\"@id\":\"https:\/\/www.hansemondial.de\/blog\/#website\",\"url\":\"https:\/\/www.hansemondial.de\/blog\/\",\"name\":\"Hanse Mondial Blog\",\"description\":\"Der Buslogistik Blog\",\"publisher\":{\"@id\":\"https:\/\/www.hansemondial.de\/blog\/#organization\"},\"potentialAction\":[{\"@type\":\"SearchAction\",\"target\":{\"@type\":\"EntryPoint\",\"urlTemplate\":\"https:\/\/www.hansemondial.de\/blog\/?s={search_term_string}\"},\"query-input\":{\"@type\":\"PropertyValueSpecification\",\"valueRequired\":true,\"valueName\":\"search_term_string\"}}],\"inLanguage\":\"de\"},{\"@type\":\"Organization\",\"@id\":\"https:\/\/www.hansemondial.de\/blog\/#organization\",\"name\":\"Hanse Mondial GmbH\",\"url\":\"https:\/\/www.hansemondial.de\/blog\/\",\"logo\":{\"@type\":\"ImageObject\",\"inLanguage\":\"de\",\"@id\":\"https:\/\/www.hansemondial.de\/blog\/#\/schema\/logo\/image\/\",\"url\":\"https:\/\/www.hansemondial.de\/blog\/wp-content\/uploads\/2023\/06\/MicrosoftTeams-image-5.png\",\"contentUrl\":\"https:\/\/www.hansemondial.de\/blog\/wp-content\/uploads\/2023\/06\/MicrosoftTeams-image-5.png\",\"width\":300,\"height\":150,\"caption\":\"Hanse Mondial GmbH\"},\"image\":{\"@id\":\"https:\/\/www.hansemondial.de\/blog\/#\/schema\/logo\/image\/\"},\"sameAs\":[\"https:\/\/www.facebook.com\/HanseMondial\/\",\"https:\/\/www.instagram.com\/hansemondial_buslogistik\/\",\"https:\/\/sv.linkedin.com\/company\/hanse-mondial-gmbh\",\"https:\/\/www.youtube.com\/channel\/UCsvt7IF3WGv6rWNXykzugHA\"]},{\"@type\":\"Person\",\"@id\":\"https:\/\/www.hansemondial.de\/blog\/#\/schema\/person\/d8bfbb02246adfe2a289d6bf40ead0e3\",\"name\":\"Tim Derix\",\"image\":{\"@type\":\"ImageObject\",\"inLanguage\":\"de\",\"@id\":\"https:\/\/www.hansemondial.de\/blog\/#\/schema\/person\/image\/\",\"url\":\"https:\/\/secure.gravatar.com\/avatar\/ffcef1b65ae567f54b83e4e40171ae5cc4d36dad47078c89fe88308a4425b688?s=96&d=mm&r=g\",\"contentUrl\":\"https:\/\/secure.gravatar.com\/avatar\/ffcef1b65ae567f54b83e4e40171ae5cc4d36dad47078c89fe88308a4425b688?s=96&d=mm&r=g\",\"caption\":\"Tim Derix\"},\"url\":\"https:\/\/www.hansemondial.de\/blog\/author\/tderix\/\"}]}<\/script>\n<!-- \/ Yoast SEO plugin. -->","yoast_head_json":{"title":"Wann heiraten die meisten? Der besondere Tag die Hochzeit\ufffc - Hanse Mondial Blog","robots":{"index":"index","follow":"follow","max-snippet":"max-snippet:-1","max-image-preview":"max-image-preview:large","max-video-preview":"max-video-preview:-1"},"canonical":"https:\/\/www.hansemondial.de\/blog\/wann-heiraten-die-meisten-der-besondere-tag-die-hochzeit\/","og_locale":"de_DE","og_type":"article","og_title":"Wann heiraten die meisten? Der besondere Tag die Hochzeit\ufffc - Hanse Mondial Blog","og_description":"Hochzeiten sind immer noch ein ganz besonderer Tag, heute vielleicht mehr als fr\u00fcher. Wenn man sich anschaut, wie viele Hochzeiten heute gefeiert werden, dann kann man Hochzeiten und Hochzeitsfeiern als ein ganz au\u00dfergew\u00f6hnliches und besonderes [&hellip;]","og_url":"https:\/\/www.hansemondial.de\/blog\/wann-heiraten-die-meisten-der-besondere-tag-die-hochzeit\/","og_site_name":"Hanse Mondial Blog","article_publisher":"https:\/\/www.facebook.com\/HanseMondial\/","article_published_time":"2022-06-14T11:35:05+00:00","article_modified_time":"2022-06-21T13:19:54+00:00","og_image":[{"width":1384,"height":925,"url":"https:\/\/www.hansemondial.de\/blog\/wp-content\/uploads\/2022\/06\/Wann-heiraten-die-meisten.jpg","type":"image\/jpeg"}],"author":"Tim Derix","twitter_card":"summary_large_image","twitter_misc":{"Verfasst von":"Tim Derix","Gesch\u00e4tzte Lesezeit":"3\u00a0Minuten"},"schema":{"@context":"https:\/\/schema.org","@graph":[{"@type":"Article","@id":"https:\/\/www.hansemondial.de\/blog\/wann-heiraten-die-meisten-der-besondere-tag-die-hochzeit\/#article","isPartOf":{"@id":"https:\/\/www.hansemondial.de\/blog\/wann-heiraten-die-meisten-der-besondere-tag-die-hochzeit\/"},"author":{"name":"Tim Derix","@id":"https:\/\/www.hansemondial.de\/blog\/#\/schema\/person\/d8bfbb02246adfe2a289d6bf40ead0e3"},"headline":"Wann heiraten die meisten? Der besondere Tag die Hochzeit\ufffc","datePublished":"2022-06-14T11:35:05+00:00","dateModified":"2022-06-21T13:19:54+00:00","mainEntityOfPage":{"@id":"https:\/\/www.hansemondial.de\/blog\/wann-heiraten-die-meisten-der-besondere-tag-die-hochzeit\/"},"wordCount":405,"commentCount":0,"publisher":{"@id":"https:\/\/www.hansemondial.de\/blog\/#organization"},"image":{"@id":"https:\/\/www.hansemondial.de\/blog\/wann-heiraten-die-meisten-der-besondere-tag-die-hochzeit\/#primaryimage"},"thumbnailUrl":"https:\/\/www.hansemondial.de\/blog\/wp-content\/uploads\/2022\/06\/Wann-heiraten-die-meisten.jpg","articleSection":["Hochzeit","Shuttle Service","Veranstaltung"],"inLanguage":"de","potentialAction":[{"@type":"CommentAction","name":"Comment","target":["https:\/\/www.hansemondial.de\/blog\/wann-heiraten-die-meisten-der-besondere-tag-die-hochzeit\/#respond"]}]},{"@type":"WebPage","@id":"https:\/\/www.hansemondial.de\/blog\/wann-heiraten-die-meisten-der-besondere-tag-die-hochzeit\/","url":"https:\/\/www.hansemondial.de\/blog\/wann-heiraten-die-meisten-der-besondere-tag-die-hochzeit\/","name":"Wann heiraten die meisten? Der besondere Tag die Hochzeit\ufffc - Hanse Mondial Blog","isPartOf":{"@id":"https:\/\/www.hansemondial.de\/blog\/#website"},"primaryImageOfPage":{"@id":"https:\/\/www.hansemondial.de\/blog\/wann-heiraten-die-meisten-der-besondere-tag-die-hochzeit\/#primaryimage"},"image":{"@id":"https:\/\/www.hansemondial.de\/blog\/wann-heiraten-die-meisten-der-besondere-tag-die-hochzeit\/#primaryimage"},"thumbnailUrl":"https:\/\/www.hansemondial.de\/blog\/wp-content\/uploads\/2022\/06\/Wann-heiraten-die-meisten.jpg","datePublished":"2022-06-14T11:35:05+00:00","dateModified":"2022-06-21T13:19:54+00:00","breadcrumb":{"@id":"https:\/\/www.hansemondial.de\/blog\/wann-heiraten-die-meisten-der-besondere-tag-die-hochzeit\/#breadcrumb"},"inLanguage":"de","potentialAction":[{"@type":"ReadAction","target":["https:\/\/www.hansemondial.de\/blog\/wann-heiraten-die-meisten-der-besondere-tag-die-hochzeit\/"]}]},{"@type":"ImageObject","inLanguage":"de","@id":"https:\/\/www.hansemondial.de\/blog\/wann-heiraten-die-meisten-der-besondere-tag-die-hochzeit\/#primaryimage","url":"https:\/\/www.hansemondial.de\/blog\/wp-content\/uploads\/2022\/06\/Wann-heiraten-die-meisten.jpg","contentUrl":"https:\/\/www.hansemondial.de\/blog\/wp-content\/uploads\/2022\/06\/Wann-heiraten-die-meisten.jpg","width":1384,"height":925},{"@type":"BreadcrumbList","@id":"https:\/\/www.hansemondial.de\/blog\/wann-heiraten-die-meisten-der-besondere-tag-die-hochzeit\/#breadcrumb","itemListElement":[{"@type":"ListItem","position":1,"name":"Startseite","item":"https:\/\/www.hansemondial.de\/blog\/"},{"@type":"ListItem","position":2,"name":"Wann heiraten die meisten? Der besondere Tag die Hochzeit\ufffc"}]},{"@type":"WebSite","@id":"https:\/\/www.hansemondial.de\/blog\/#website","url":"https:\/\/www.hansemondial.de\/blog\/","name":"Hanse Mondial Blog","description":"Der Buslogistik Blog","publisher":{"@id":"https:\/\/www.hansemondial.de\/blog\/#organization"},"potentialAction":[{"@type":"SearchAction","target":{"@type":"EntryPoint","urlTemplate":"https:\/\/www.hansemondial.de\/blog\/?s={search_term_string}"},"query-input":{"@type":"PropertyValueSpecification","valueRequired":true,"valueName":"search_term_string"}}],"inLanguage":"de"},{"@type":"Organization","@id":"https:\/\/www.hansemondial.de\/blog\/#organization","name":"Hanse Mondial GmbH","url":"https:\/\/www.hansemondial.de\/blog\/","logo":{"@type":"ImageObject","inLanguage":"de","@id":"https:\/\/www.hansemondial.de\/blog\/#\/schema\/logo\/image\/","url":"https:\/\/www.hansemondial.de\/blog\/wp-content\/uploads\/2023\/06\/MicrosoftTeams-image-5.png","contentUrl":"https:\/\/www.hansemondial.de\/blog\/wp-content\/uploads\/2023\/06\/MicrosoftTeams-image-5.png","width":300,"height":150,"caption":"Hanse Mondial GmbH"},"image":{"@id":"https:\/\/www.hansemondial.de\/blog\/#\/schema\/logo\/image\/"},"sameAs":["https:\/\/www.facebook.com\/HanseMondial\/","https:\/\/www.instagram.com\/hansemondial_buslogistik\/","https:\/\/sv.linkedin.com\/company\/hanse-mondial-gmbh","https:\/\/www.youtube.com\/channel\/UCsvt7IF3WGv6rWNXykzugHA"]},{"@type":"Person","@id":"https:\/\/www.hansemondial.de\/blog\/#\/schema\/person\/d8bfbb02246adfe2a289d6bf40ead0e3","name":"Tim Derix","image":{"@type":"ImageObject","inLanguage":"de","@id":"https:\/\/www.hansemondial.de\/blog\/#\/schema\/person\/image\/","url":"https:\/\/secure.gravatar.com\/avatar\/ffcef1b65ae567f54b83e4e40171ae5cc4d36dad47078c89fe88308a4425b688?s=96&d=mm&r=g","contentUrl":"https:\/\/secure.gravatar.com\/avatar\/ffcef1b65ae567f54b83e4e40171ae5cc4d36dad47078c89fe88308a4425b688?s=96&d=mm&r=g","caption":"Tim Derix"},"url":"https:\/\/www.hansemondial.de\/blog\/author\/tderix\/"}]}},"_links":{"self":[{"href":"https:\/\/www.hansemondial.de\/blog\/wp-json\/wp\/v2\/posts\/1747","targetHints":{"allow":["GET"]}}],"collection":[{"href":"https:\/\/www.hansemondial.de\/blog\/wp-json\/wp\/v2\/posts"}],"about":[{"href":"https:\/\/www.hansemondial.de\/blog\/wp-json\/wp\/v2\/types\/post"}],"author":[{"embeddable":true,"href":"https:\/\/www.hansemondial.de\/blog\/wp-json\/wp\/v2\/users\/2"}],"replies":[{"embeddable":true,"href":"https:\/\/www.hansemondial.de\/blog\/wp-json\/wp\/v2\/comments?post=1747"}],"version-history":[{"count":8,"href":"https:\/\/www.hansemondial.de\/blog\/wp-json\/wp\/v2\/posts\/1747\/revisions"}],"predecessor-version":[{"id":1780,"href":"https:\/\/www.hansemondial.de\/blog\/wp-json\/wp\/v2\/posts\/1747\/revisions\/1780"}],"wp:featuredmedia":[{"embeddable":true,"href":"https:\/\/www.hansemondial.de\/blog\/wp-json\/wp\/v2\/media\/1748"}],"wp:attachment":[{"href":"https:\/\/www.hansemondial.de\/blog\/wp-json\/wp\/v2\/media?parent=1747"}],"wp:term":[{"taxonomy":"category","embeddable":true,"href":"https:\/\/www.hansemondial.de\/blog\/wp-json\/wp\/v2\/categories?post=1747"},{"taxonomy":"post_tag","embeddable":true,"href":"https:\/\/www.hansemondial.de\/blog\/wp-json\/wp\/v2\/tags?post=1747"}],"curies":[{"name":"wp","href":"https:\/\/api.w.org\/{rel}","templated":true}]}}