{"id":1698,"date":"2022-05-24T10:31:30","date_gmt":"2022-05-24T08:31:30","guid":{"rendered":"https:\/\/www.hansemondial.de\/blog\/?p=1698"},"modified":"2022-05-24T10:38:06","modified_gmt":"2022-05-24T08:38:06","slug":"unser-erster-e-bus-in-kooperation-mit-pepper-motion","status":"publish","type":"post","link":"https:\/\/www.hansemondial.de\/blog\/unser-erster-e-bus-in-kooperation-mit-pepper-motion\/","title":{"rendered":"Unser erster E-Bus in Kooperation mit pepper motion"},"content":{"rendered":"\n<p>Wir haben etwas Neues gewagt! Seit Anfang des Monats haben wir von <a href=\"https:\/\/www.hansemondial.de\/de\" target=\"_blank\" rel=\"noreferrer noopener\">Hanse Mondial<\/a> in Kooperation mit pepper motion einen E-Bus als erstes Fahrzeug in unsere Flotte aufgenommen. Eigentlich hatten wir bis dato kein eigenes Fahrzeug in unserem Bestand, denn wir leben von unserem europaweiten Netzwerk und unseren Partnern. Das wird auch nach wie vor so bleiben. Dennoch m\u00f6chten wir einen weiteren Schritt in puncto Nachhaltigkeit gehen. Daher setzen wir den E-Bus zuk\u00fcnftig bei Events, als Mitarbeitershuttle oder auf kurzen Transfer-Strecken ein.<\/p>\n\n\n\n<p>Mehr \u00fcber den E-Bus, dessen Vorteile und wann man sich f\u00fcr das Mieten eines E-Busses entscheiden sollte, lest ihr in dem Blogartikel. <\/p>\n\n\n\n<h3 class=\"wp-block-heading\">Fakten zum E-Bus von pepper motion<\/h3>\n\n\n\n<p>&#8222;Dem Bus ein zweites Leben schenken.&#8220; Was damit gemeint ist? Ganz einfach. <a href=\"https:\/\/www.peppermotion.com\" target=\"_blank\" rel=\"noreferrer noopener\">Pepper motion<\/a> ist der erste digitale OEM <em>(Original Equipment Manufacturer, deutsch: Erstausr\u00fcster)<\/em> weltweit in der Automobilindustrie f\u00fcr Retrofitting und Neufahrzeuge, der  Fahrzeuge mit vorhandenen Ressourcen umr\u00fcstet. Durch das Retrofitting von Fahrzeugen schafft pepper motion somit die nachhaltigste Form von Mobilit\u00e4t in der Personenbef\u00f6rderung und im G\u00fcterverkehr.  <\/p>\n\n\n\n<div class=\"wp-block-group\"><div class=\"wp-block-group__inner-container is-layout-flow wp-block-group-is-layout-flow\">\n<div class=\"wp-block-group\"><div class=\"wp-block-group__inner-container is-layout-flow wp-block-group-is-layout-flow\">\n<p class=\"has-black-color has-text-color has-background\" style=\"background-color:#ebebeb\"><strong>Andreas Hager, CEO pepper motion:<\/strong><br><em>\u201eEs freut uns sehr, dass wir mit Hanse Mondial einen Kunden gefunden haben, der \u00e4hnlich wie wir, Dinge in die Tat umsetzt und neue Wege geht. Nachhaltigkeit liegt Hanse Mondial genauso am Herzen wie uns und daher bin ich \u00fcberzeugt, dass wir gemeinsam einen wesentlichen Beitrag zum Gelingen des Mobilit\u00e4tswandels leisten werden.&#8220; <\/em><\/p>\n<\/div><\/div>\n<\/div><\/div>\n\n\n\n<p>In unserem Fall setzen wir einen Mercedes Benz Citaro C1 ein, der ehemals ein Dieselbus war und von pepper motion komplett elektrifiziert wurde. Der Elektrobus weist hohe Standards an Qualit\u00e4t auf, denn er erf\u00fcllt nicht nur die ISO 9001 Norm, sondern auch die Zertifizierung nach ISO 26262 f\u00fcr funktionale Sicherheit. <\/p>\n\n\n\n<p>Aber nun zum spannenderen Teil: wie hoch ist die CO2 Einsparungsbilanz? Auf 100 Kilometern werden ca. 43,1 kg CO2 zum vergleichbaren Dieselfahrzeug eingespart. Das bedeutet auch, dass Umweltsch\u00e4den um etwa 50% reduziert werden, sofern man sich in diesem Fall f\u00fcr den E-Bus entscheidet. <\/p>\n\n\n\n<div class=\"wp-block-buttons is-content-justification-center is-layout-flex wp-container-core-buttons-is-layout-16018d1d wp-block-buttons-is-layout-flex\">\n<div class=\"wp-block-button\"><a class=\"wp-block-button__link has-background\" href=\"https:\/\/www.hansemondial.de\/de\/business-event\/e-bus-mieten\" style=\"border-radius:0px;background-color:#3e7dbe\" target=\"_blank\" rel=\"noreferrer noopener\">JETZT E-BUS MIETEN<\/a><\/div>\n<\/div>\n\n\n\n<p><\/p>\n\n\n\n<h3 class=\"wp-block-heading\">Wo sollte der E-Bus eingesetzt werden?<\/h3>\n\n\n\n<p>F\u00fcr das Mieten und den Einsatz eines E-Busses sprechen viele Gr\u00fcnde. Aber wo ist der Einsatz des E-Busses sinnvoll? Wie bereits erw\u00e4hnt, setzen wir unseren Elektrobus \u00fcberwiegend auf Kurzstrecken mit vorhandener Ladeinfrastruktur ein. Das kann in folgenden Bereichen sein:<\/p>\n\n\n\n<ul class=\"wp-block-list\"><li>Mitarbeitershuttle<\/li><li>Transferfahrten (Flughafen, Kreuzfahrten, Bahnh\u00f6fe, etc.)<\/li><li>Eventshuttle (Messe, Gro\u00dfveranstaltung, Firmenfeier, etc.)<\/li><li>Ersatzverkehr<\/li><li>K\u00fcrzere Fahrten f\u00fcr Schulklassen und Gruppen<\/li><li>&#8230; und viele weitere.<br><\/li><\/ul>\n\n\n\n<p>Solltet ihr weitere Fragen rund um das Mieten und Einsetzen des E-Busses habt, <a href=\"https:\/\/www.hansemondial.de\/de\/business-event\/e-bus-mieten\" target=\"_blank\" rel=\"noreferrer noopener\">kontaktiert uns gerne<\/a>. Wir beraten euch jederzeit und freuen uns gemeinsam mit euch den Einsatz des E-Busses zu planen und umzusetzen. <\/p>\n","protected":false},"excerpt":{"rendered":"<p>Wir haben etwas Neues gewagt! Seit Anfang des Monats haben wir von Hanse Mondial in Kooperation mit pepper motion einen E-Bus als erstes Fahrzeug in unsere Flotte aufgenommen. Eigentlich hatten wir bis dato kein eigenes [&hellip;]<\/p>\n","protected":false},"author":2,"featured_media":1699,"comment_status":"open","ping_status":"open","sticky":false,"template":"","format":"standard","meta":{"footnotes":""},"categories":[123,96,1],"tags":[175,124,58,78,97],"class_list":["post-1698","post","type-post","status-publish","format-standard","has-post-thumbnail","hentry","category-mobilitaet","category-nachhaltigkeit","category-allgemein","tag-e-bus","tag-elektromobilitaet","tag-kooperation","tag-mobilitaet","tag-nachhaltigkeit"],"yoast_head":"<!-- This site is optimized with the Yoast SEO plugin v25.9 - https:\/\/yoast.com\/wordpress\/plugins\/seo\/ -->\n<title>Unser erster E-Bus in Kooperation mit pepper motion - Hanse Mondial Blog<\/title>\n<meta name=\"robots\" content=\"index, follow, max-snippet:-1, max-image-preview:large, max-video-preview:-1\" \/>\n<link rel=\"canonical\" href=\"https:\/\/www.hansemondial.de\/blog\/unser-erster-e-bus-in-kooperation-mit-pepper-motion\/\" \/>\n<meta property=\"og:locale\" content=\"de_DE\" \/>\n<meta property=\"og:type\" content=\"article\" \/>\n<meta property=\"og:title\" content=\"Unser erster E-Bus in Kooperation mit pepper motion - Hanse Mondial Blog\" \/>\n<meta property=\"og:description\" content=\"Wir haben etwas Neues gewagt! Seit Anfang des Monats haben wir von Hanse Mondial in Kooperation mit pepper motion einen E-Bus als erstes Fahrzeug in unsere Flotte aufgenommen. Eigentlich hatten wir bis dato kein eigenes [&hellip;]\" \/>\n<meta property=\"og:url\" content=\"https:\/\/www.hansemondial.de\/blog\/unser-erster-e-bus-in-kooperation-mit-pepper-motion\/\" \/>\n<meta property=\"og:site_name\" content=\"Hanse Mondial Blog\" \/>\n<meta property=\"article:publisher\" content=\"https:\/\/www.facebook.com\/HanseMondial\/\" \/>\n<meta property=\"article:published_time\" content=\"2022-05-24T08:31:30+00:00\" \/>\n<meta property=\"article:modified_time\" content=\"2022-05-24T08:38:06+00:00\" \/>\n<meta property=\"og:image\" content=\"https:\/\/www.hansemondial.de\/blog\/wp-content\/uploads\/2022\/05\/Bild-Format-Blogpost-2.png\" \/>\n\t<meta property=\"og:image:width\" content=\"720\" \/>\n\t<meta property=\"og:image:height\" content=\"471\" \/>\n\t<meta property=\"og:image:type\" content=\"image\/png\" \/>\n<meta name=\"author\" content=\"Tim Derix\" \/>\n<meta name=\"twitter:card\" content=\"summary_large_image\" \/>\n<meta name=\"twitter:label1\" content=\"Verfasst von\" \/>\n\t<meta name=\"twitter:data1\" content=\"Tim Derix\" \/>\n\t<meta name=\"twitter:label2\" content=\"Gesch\u00e4tzte Lesezeit\" \/>\n\t<meta name=\"twitter:data2\" content=\"3\u00a0Minuten\" \/>\n<script type=\"application\/ld+json\" class=\"yoast-schema-graph\">{\"@context\":\"https:\/\/schema.org\",\"@graph\":[{\"@type\":\"Article\",\"@id\":\"https:\/\/www.hansemondial.de\/blog\/unser-erster-e-bus-in-kooperation-mit-pepper-motion\/#article\",\"isPartOf\":{\"@id\":\"https:\/\/www.hansemondial.de\/blog\/unser-erster-e-bus-in-kooperation-mit-pepper-motion\/\"},\"author\":{\"name\":\"Tim Derix\",\"@id\":\"https:\/\/www.hansemondial.de\/blog\/#\/schema\/person\/d8bfbb02246adfe2a289d6bf40ead0e3\"},\"headline\":\"Unser erster E-Bus in Kooperation mit pepper motion\",\"datePublished\":\"2022-05-24T08:31:30+00:00\",\"dateModified\":\"2022-05-24T08:38:06+00:00\",\"mainEntityOfPage\":{\"@id\":\"https:\/\/www.hansemondial.de\/blog\/unser-erster-e-bus-in-kooperation-mit-pepper-motion\/\"},\"wordCount\":446,\"commentCount\":0,\"publisher\":{\"@id\":\"https:\/\/www.hansemondial.de\/blog\/#organization\"},\"image\":{\"@id\":\"https:\/\/www.hansemondial.de\/blog\/unser-erster-e-bus-in-kooperation-mit-pepper-motion\/#primaryimage\"},\"thumbnailUrl\":\"https:\/\/www.hansemondial.de\/blog\/wp-content\/uploads\/2022\/05\/Bild-Format-Blogpost-2.png\",\"keywords\":[\"E-Bus\",\"Elektromobilit\u00e4t\",\"Kooperation\",\"Mobilit\u00e4t\",\"Nachhaltigkeit\"],\"articleSection\":[\"Mobilit\u00e4t\",\"Nachhaltigkeit\",\"Rund um den Bus\"],\"inLanguage\":\"de\",\"potentialAction\":[{\"@type\":\"CommentAction\",\"name\":\"Comment\",\"target\":[\"https:\/\/www.hansemondial.de\/blog\/unser-erster-e-bus-in-kooperation-mit-pepper-motion\/#respond\"]}]},{\"@type\":\"WebPage\",\"@id\":\"https:\/\/www.hansemondial.de\/blog\/unser-erster-e-bus-in-kooperation-mit-pepper-motion\/\",\"url\":\"https:\/\/www.hansemondial.de\/blog\/unser-erster-e-bus-in-kooperation-mit-pepper-motion\/\",\"name\":\"Unser erster E-Bus in Kooperation mit pepper motion - Hanse Mondial Blog\",\"isPartOf\":{\"@id\":\"https:\/\/www.hansemondial.de\/blog\/#website\"},\"primaryImageOfPage\":{\"@id\":\"https:\/\/www.hansemondial.de\/blog\/unser-erster-e-bus-in-kooperation-mit-pepper-motion\/#primaryimage\"},\"image\":{\"@id\":\"https:\/\/www.hansemondial.de\/blog\/unser-erster-e-bus-in-kooperation-mit-pepper-motion\/#primaryimage\"},\"thumbnailUrl\":\"https:\/\/www.hansemondial.de\/blog\/wp-content\/uploads\/2022\/05\/Bild-Format-Blogpost-2.png\",\"datePublished\":\"2022-05-24T08:31:30+00:00\",\"dateModified\":\"2022-05-24T08:38:06+00:00\",\"breadcrumb\":{\"@id\":\"https:\/\/www.hansemondial.de\/blog\/unser-erster-e-bus-in-kooperation-mit-pepper-motion\/#breadcrumb\"},\"inLanguage\":\"de\",\"potentialAction\":[{\"@type\":\"ReadAction\",\"target\":[\"https:\/\/www.hansemondial.de\/blog\/unser-erster-e-bus-in-kooperation-mit-pepper-motion\/\"]}]},{\"@type\":\"ImageObject\",\"inLanguage\":\"de\",\"@id\":\"https:\/\/www.hansemondial.de\/blog\/unser-erster-e-bus-in-kooperation-mit-pepper-motion\/#primaryimage\",\"url\":\"https:\/\/www.hansemondial.de\/blog\/wp-content\/uploads\/2022\/05\/Bild-Format-Blogpost-2.png\",\"contentUrl\":\"https:\/\/www.hansemondial.de\/blog\/wp-content\/uploads\/2022\/05\/Bild-Format-Blogpost-2.png\",\"width\":720,\"height\":471},{\"@type\":\"BreadcrumbList\",\"@id\":\"https:\/\/www.hansemondial.de\/blog\/unser-erster-e-bus-in-kooperation-mit-pepper-motion\/#breadcrumb\",\"itemListElement\":[{\"@type\":\"ListItem\",\"position\":1,\"name\":\"Startseite\",\"item\":\"https:\/\/www.hansemondial.de\/blog\/\"},{\"@type\":\"ListItem\",\"position\":2,\"name\":\"Unser erster E-Bus in Kooperation mit pepper motion\"}]},{\"@type\":\"WebSite\",\"@id\":\"https:\/\/www.hansemondial.de\/blog\/#website\",\"url\":\"https:\/\/www.hansemondial.de\/blog\/\",\"name\":\"Hanse Mondial Blog\",\"description\":\"Der Buslogistik Blog\",\"publisher\":{\"@id\":\"https:\/\/www.hansemondial.de\/blog\/#organization\"},\"potentialAction\":[{\"@type\":\"SearchAction\",\"target\":{\"@type\":\"EntryPoint\",\"urlTemplate\":\"https:\/\/www.hansemondial.de\/blog\/?s={search_term_string}\"},\"query-input\":{\"@type\":\"PropertyValueSpecification\",\"valueRequired\":true,\"valueName\":\"search_term_string\"}}],\"inLanguage\":\"de\"},{\"@type\":\"Organization\",\"@id\":\"https:\/\/www.hansemondial.de\/blog\/#organization\",\"name\":\"Hanse Mondial GmbH\",\"url\":\"https:\/\/www.hansemondial.de\/blog\/\",\"logo\":{\"@type\":\"ImageObject\",\"inLanguage\":\"de\",\"@id\":\"https:\/\/www.hansemondial.de\/blog\/#\/schema\/logo\/image\/\",\"url\":\"https:\/\/www.hansemondial.de\/blog\/wp-content\/uploads\/2023\/06\/MicrosoftTeams-image-5.png\",\"contentUrl\":\"https:\/\/www.hansemondial.de\/blog\/wp-content\/uploads\/2023\/06\/MicrosoftTeams-image-5.png\",\"width\":300,\"height\":150,\"caption\":\"Hanse Mondial GmbH\"},\"image\":{\"@id\":\"https:\/\/www.hansemondial.de\/blog\/#\/schema\/logo\/image\/\"},\"sameAs\":[\"https:\/\/www.facebook.com\/HanseMondial\/\",\"https:\/\/www.instagram.com\/hansemondial_buslogistik\/\",\"https:\/\/sv.linkedin.com\/company\/hanse-mondial-gmbh\",\"https:\/\/www.youtube.com\/channel\/UCsvt7IF3WGv6rWNXykzugHA\"]},{\"@type\":\"Person\",\"@id\":\"https:\/\/www.hansemondial.de\/blog\/#\/schema\/person\/d8bfbb02246adfe2a289d6bf40ead0e3\",\"name\":\"Tim Derix\",\"image\":{\"@type\":\"ImageObject\",\"inLanguage\":\"de\",\"@id\":\"https:\/\/www.hansemondial.de\/blog\/#\/schema\/person\/image\/\",\"url\":\"https:\/\/secure.gravatar.com\/avatar\/ffcef1b65ae567f54b83e4e40171ae5cc4d36dad47078c89fe88308a4425b688?s=96&d=mm&r=g\",\"contentUrl\":\"https:\/\/secure.gravatar.com\/avatar\/ffcef1b65ae567f54b83e4e40171ae5cc4d36dad47078c89fe88308a4425b688?s=96&d=mm&r=g\",\"caption\":\"Tim Derix\"},\"url\":\"https:\/\/www.hansemondial.de\/blog\/author\/tderix\/\"}]}<\/script>\n<!-- \/ Yoast SEO plugin. -->","yoast_head_json":{"title":"Unser erster E-Bus in Kooperation mit pepper motion - Hanse Mondial Blog","robots":{"index":"index","follow":"follow","max-snippet":"max-snippet:-1","max-image-preview":"max-image-preview:large","max-video-preview":"max-video-preview:-1"},"canonical":"https:\/\/www.hansemondial.de\/blog\/unser-erster-e-bus-in-kooperation-mit-pepper-motion\/","og_locale":"de_DE","og_type":"article","og_title":"Unser erster E-Bus in Kooperation mit pepper motion - Hanse Mondial Blog","og_description":"Wir haben etwas Neues gewagt! Seit Anfang des Monats haben wir von Hanse Mondial in Kooperation mit pepper motion einen E-Bus als erstes Fahrzeug in unsere Flotte aufgenommen. Eigentlich hatten wir bis dato kein eigenes [&hellip;]","og_url":"https:\/\/www.hansemondial.de\/blog\/unser-erster-e-bus-in-kooperation-mit-pepper-motion\/","og_site_name":"Hanse Mondial Blog","article_publisher":"https:\/\/www.facebook.com\/HanseMondial\/","article_published_time":"2022-05-24T08:31:30+00:00","article_modified_time":"2022-05-24T08:38:06+00:00","og_image":[{"width":720,"height":471,"url":"https:\/\/www.hansemondial.de\/blog\/wp-content\/uploads\/2022\/05\/Bild-Format-Blogpost-2.png","type":"image\/png"}],"author":"Tim Derix","twitter_card":"summary_large_image","twitter_misc":{"Verfasst von":"Tim Derix","Gesch\u00e4tzte Lesezeit":"3\u00a0Minuten"},"schema":{"@context":"https:\/\/schema.org","@graph":[{"@type":"Article","@id":"https:\/\/www.hansemondial.de\/blog\/unser-erster-e-bus-in-kooperation-mit-pepper-motion\/#article","isPartOf":{"@id":"https:\/\/www.hansemondial.de\/blog\/unser-erster-e-bus-in-kooperation-mit-pepper-motion\/"},"author":{"name":"Tim Derix","@id":"https:\/\/www.hansemondial.de\/blog\/#\/schema\/person\/d8bfbb02246adfe2a289d6bf40ead0e3"},"headline":"Unser erster E-Bus in Kooperation mit pepper motion","datePublished":"2022-05-24T08:31:30+00:00","dateModified":"2022-05-24T08:38:06+00:00","mainEntityOfPage":{"@id":"https:\/\/www.hansemondial.de\/blog\/unser-erster-e-bus-in-kooperation-mit-pepper-motion\/"},"wordCount":446,"commentCount":0,"publisher":{"@id":"https:\/\/www.hansemondial.de\/blog\/#organization"},"image":{"@id":"https:\/\/www.hansemondial.de\/blog\/unser-erster-e-bus-in-kooperation-mit-pepper-motion\/#primaryimage"},"thumbnailUrl":"https:\/\/www.hansemondial.de\/blog\/wp-content\/uploads\/2022\/05\/Bild-Format-Blogpost-2.png","keywords":["E-Bus","Elektromobilit\u00e4t","Kooperation","Mobilit\u00e4t","Nachhaltigkeit"],"articleSection":["Mobilit\u00e4t","Nachhaltigkeit","Rund um den Bus"],"inLanguage":"de","potentialAction":[{"@type":"CommentAction","name":"Comment","target":["https:\/\/www.hansemondial.de\/blog\/unser-erster-e-bus-in-kooperation-mit-pepper-motion\/#respond"]}]},{"@type":"WebPage","@id":"https:\/\/www.hansemondial.de\/blog\/unser-erster-e-bus-in-kooperation-mit-pepper-motion\/","url":"https:\/\/www.hansemondial.de\/blog\/unser-erster-e-bus-in-kooperation-mit-pepper-motion\/","name":"Unser erster E-Bus in Kooperation mit pepper motion - Hanse Mondial Blog","isPartOf":{"@id":"https:\/\/www.hansemondial.de\/blog\/#website"},"primaryImageOfPage":{"@id":"https:\/\/www.hansemondial.de\/blog\/unser-erster-e-bus-in-kooperation-mit-pepper-motion\/#primaryimage"},"image":{"@id":"https:\/\/www.hansemondial.de\/blog\/unser-erster-e-bus-in-kooperation-mit-pepper-motion\/#primaryimage"},"thumbnailUrl":"https:\/\/www.hansemondial.de\/blog\/wp-content\/uploads\/2022\/05\/Bild-Format-Blogpost-2.png","datePublished":"2022-05-24T08:31:30+00:00","dateModified":"2022-05-24T08:38:06+00:00","breadcrumb":{"@id":"https:\/\/www.hansemondial.de\/blog\/unser-erster-e-bus-in-kooperation-mit-pepper-motion\/#breadcrumb"},"inLanguage":"de","potentialAction":[{"@type":"ReadAction","target":["https:\/\/www.hansemondial.de\/blog\/unser-erster-e-bus-in-kooperation-mit-pepper-motion\/"]}]},{"@type":"ImageObject","inLanguage":"de","@id":"https:\/\/www.hansemondial.de\/blog\/unser-erster-e-bus-in-kooperation-mit-pepper-motion\/#primaryimage","url":"https:\/\/www.hansemondial.de\/blog\/wp-content\/uploads\/2022\/05\/Bild-Format-Blogpost-2.png","contentUrl":"https:\/\/www.hansemondial.de\/blog\/wp-content\/uploads\/2022\/05\/Bild-Format-Blogpost-2.png","width":720,"height":471},{"@type":"BreadcrumbList","@id":"https:\/\/www.hansemondial.de\/blog\/unser-erster-e-bus-in-kooperation-mit-pepper-motion\/#breadcrumb","itemListElement":[{"@type":"ListItem","position":1,"name":"Startseite","item":"https:\/\/www.hansemondial.de\/blog\/"},{"@type":"ListItem","position":2,"name":"Unser erster E-Bus in Kooperation mit pepper motion"}]},{"@type":"WebSite","@id":"https:\/\/www.hansemondial.de\/blog\/#website","url":"https:\/\/www.hansemondial.de\/blog\/","name":"Hanse Mondial Blog","description":"Der Buslogistik Blog","publisher":{"@id":"https:\/\/www.hansemondial.de\/blog\/#organization"},"potentialAction":[{"@type":"SearchAction","target":{"@type":"EntryPoint","urlTemplate":"https:\/\/www.hansemondial.de\/blog\/?s={search_term_string}"},"query-input":{"@type":"PropertyValueSpecification","valueRequired":true,"valueName":"search_term_string"}}],"inLanguage":"de"},{"@type":"Organization","@id":"https:\/\/www.hansemondial.de\/blog\/#organization","name":"Hanse Mondial GmbH","url":"https:\/\/www.hansemondial.de\/blog\/","logo":{"@type":"ImageObject","inLanguage":"de","@id":"https:\/\/www.hansemondial.de\/blog\/#\/schema\/logo\/image\/","url":"https:\/\/www.hansemondial.de\/blog\/wp-content\/uploads\/2023\/06\/MicrosoftTeams-image-5.png","contentUrl":"https:\/\/www.hansemondial.de\/blog\/wp-content\/uploads\/2023\/06\/MicrosoftTeams-image-5.png","width":300,"height":150,"caption":"Hanse Mondial GmbH"},"image":{"@id":"https:\/\/www.hansemondial.de\/blog\/#\/schema\/logo\/image\/"},"sameAs":["https:\/\/www.facebook.com\/HanseMondial\/","https:\/\/www.instagram.com\/hansemondial_buslogistik\/","https:\/\/sv.linkedin.com\/company\/hanse-mondial-gmbh","https:\/\/www.youtube.com\/channel\/UCsvt7IF3WGv6rWNXykzugHA"]},{"@type":"Person","@id":"https:\/\/www.hansemondial.de\/blog\/#\/schema\/person\/d8bfbb02246adfe2a289d6bf40ead0e3","name":"Tim Derix","image":{"@type":"ImageObject","inLanguage":"de","@id":"https:\/\/www.hansemondial.de\/blog\/#\/schema\/person\/image\/","url":"https:\/\/secure.gravatar.com\/avatar\/ffcef1b65ae567f54b83e4e40171ae5cc4d36dad47078c89fe88308a4425b688?s=96&d=mm&r=g","contentUrl":"https:\/\/secure.gravatar.com\/avatar\/ffcef1b65ae567f54b83e4e40171ae5cc4d36dad47078c89fe88308a4425b688?s=96&d=mm&r=g","caption":"Tim Derix"},"url":"https:\/\/www.hansemondial.de\/blog\/author\/tderix\/"}]}},"_links":{"self":[{"href":"https:\/\/www.hansemondial.de\/blog\/wp-json\/wp\/v2\/posts\/1698","targetHints":{"allow":["GET"]}}],"collection":[{"href":"https:\/\/www.hansemondial.de\/blog\/wp-json\/wp\/v2\/posts"}],"about":[{"href":"https:\/\/www.hansemondial.de\/blog\/wp-json\/wp\/v2\/types\/post"}],"author":[{"embeddable":true,"href":"https:\/\/www.hansemondial.de\/blog\/wp-json\/wp\/v2\/users\/2"}],"replies":[{"embeddable":true,"href":"https:\/\/www.hansemondial.de\/blog\/wp-json\/wp\/v2\/comments?post=1698"}],"version-history":[{"count":32,"href":"https:\/\/www.hansemondial.de\/blog\/wp-json\/wp\/v2\/posts\/1698\/revisions"}],"predecessor-version":[{"id":1733,"href":"https:\/\/www.hansemondial.de\/blog\/wp-json\/wp\/v2\/posts\/1698\/revisions\/1733"}],"wp:featuredmedia":[{"embeddable":true,"href":"https:\/\/www.hansemondial.de\/blog\/wp-json\/wp\/v2\/media\/1699"}],"wp:attachment":[{"href":"https:\/\/www.hansemondial.de\/blog\/wp-json\/wp\/v2\/media?parent=1698"}],"wp:term":[{"taxonomy":"category","embeddable":true,"href":"https:\/\/www.hansemondial.de\/blog\/wp-json\/wp\/v2\/categories?post=1698"},{"taxonomy":"post_tag","embeddable":true,"href":"https:\/\/www.hansemondial.de\/blog\/wp-json\/wp\/v2\/tags?post=1698"}],"curies":[{"name":"wp","href":"https:\/\/api.w.org\/{rel}","templated":true}]}}