{"id":1597,"date":"2022-02-04T15:00:55","date_gmt":"2022-02-04T14:00:55","guid":{"rendered":"https:\/\/www.hansemondial.de\/blog\/?p=1597"},"modified":"2022-02-04T15:06:34","modified_gmt":"2022-02-04T14:06:34","slug":"der-berg-ruft","status":"publish","type":"post","link":"https:\/\/www.hansemondial.de\/blog\/der-berg-ruft\/","title":{"rendered":"Der Berg ruft!"},"content":{"rendered":"\n<p>Der Sommerurlaub l\u00e4sst noch ein wenig auf sich warten. Daher zieht es viele kleine und gro\u00dfe Gruppen derzeit in die Berge. Egal, ob der Harz oder die wundersch\u00f6nen Alpen &#8211; die schneebedeckten Berge ziehen so ziemlich jeden in ihren Bann und sind jede Reise wert! <\/p>\n\n\n\n<p>Wie ihr entspannt, nachhaltig und flexibel an euer Wunschziel in den Bergen kommt, verraten wir euch im heutigen Blogartikel. <\/p>\n\n\n\n<h3 class=\"wp-block-heading\" id=\"eure-reise-in-die-berge-mit-hanse-mondial\">Eure Reise in die Berge mit Hanse Mondial<\/h3>\n\n\n\n<p>Ihr plant eine Reise in die Berge und seid noch auf der Suche nach der passenden Transportm\u00f6glichkeit? Gute Nachrichten, denn bei uns k\u00f6nnt ihr vom Minivan, \u00fcber Midibusse bis hin zum Doppeldecker jegliche Fahrzeugart mit Fahrer mieten. <\/p>\n\n\n\n<p>Dank unserem europaweiten Partnernetzwerk finden wir immer das passende Fahrzeug f\u00fcr euren n\u00e4chsten Urlaub in den Bergen. Bei der richtigen Fahrzeugauswahl unterst\u00fctzen wir euch selbstverst\u00e4ndlich von Anfang an. Nichtsdestotrotz findet ihr passend zu eurer Gruppengr\u00f6\u00dfe einen ersten \u00dcberblick \u00fcber die Fahrzeuge:<\/p>\n\n\n\n<ul class=\"wp-block-list\"><li>Minivan: bis zu 8 Personen<\/li><li>Kleinbus: 10 bis 19 Personen <\/li><li>Midibus: 20 bis 30 Personen<\/li><li>Reisebus: 33 bis 58 Personen<\/li><li>Doppeldecker: 60 bis 80 Personen<\/li><\/ul>\n\n\n\n<p><\/p>\n\n\n\n<div class=\"wp-block-buttons is-content-justification-center is-layout-flex wp-container-core-buttons-is-layout-16018d1d wp-block-buttons-is-layout-flex\">\n<div class=\"wp-block-button\"><a class=\"wp-block-button__link has-background\" href=\"https:\/\/www.hansemondial.de\/de\/anlass\" style=\"border-radius:0px;background-color:#3e7dbe\" target=\"_blank\" rel=\"noreferrer noopener\">JETZT PASSENDEN BUS ANFRAGEN<\/a><\/div>\n<\/div>\n\n\n\n<p><\/p>\n\n\n\n<h3 class=\"wp-block-heading\" id=\"weitere-vorteile-durch-den-bus\">Weitere Vorteile durch den Bus<\/h3>\n\n\n\n<p>Neben der Flexibilit\u00e4t f\u00fcr jede Gruppengr\u00f6\u00dfe, bietet der Bus noch weitere Vorteile f\u00fcr den perfekten Winterurlaub. Jedes Fahrzeug bietet ausreichend Stauraum f\u00fcr das gesamte Equipment. Egal, ob Skier, Snowboards oder weitere Ausr\u00fcstung, die ihr ben\u00f6tigt. So muss sich niemand Gedanken um Platzprobleme machen und die Entspannung setzt bereits vor der Fahrt ein! \ud83d\ude09<\/p>\n\n\n\n<p>Und habt ihr schon mal dar\u00fcber nachgedacht, dass die Fahrt mit dem Bus eine sehr nachhaltige Reisem\u00f6glichkeit ist? <\/p>\n\n\n\n<p>Bei einer durchschnittlichen Auslastung werden lediglich 32g CO2 p. P. auf dem Kilometer w\u00e4hrend der Fahrt mit dem Reisebus ausgesto\u00dfen. Wenn ihr euch f\u00fcr die Bahn entscheidet, liegt der CO2 Aussto\u00df bei 36g CO2 p. P. pro Kilometer. Deutlich h\u00f6her f\u00e4llt der CO2 Aussto\u00df bei der Fahrt mit dem Auto aus, denn dort st\u00f6\u00dft jede Person 139g CO2 pro Kilometer aus.*<\/p>\n\n\n\n<p>Ein weiterer Pluspunkt ist die Flexibilit\u00e4t und individuelle Routenplanung. Ihr k\u00f6nnt nicht nur vereinbaren, dass ihr direkt an der Haust\u00fcr abgeholt werdet, sondern der Fahrer bringt euch selbstverst\u00e4ndlich bis zu eurer Unterkunft. <\/p>\n\n\n\n<p>Dank eigenem Fahrer kommen alle Gruppenmitglieder ebenfalls entspannt und ausgeschlafen am Ziel an und es kann direkt auf die Piste gehen! <\/p>\n\n\n\n<p>Ihr habt noch weitere Fragen rund um die Buchung eines Busses f\u00fcr euren Winterurlaub? Wir sind 24\/7 erreichbar und helfen gerne weiter! <\/p>\n\n\n\n<div class=\"wp-block-buttons is-content-justification-center is-layout-flex wp-container-core-buttons-is-layout-16018d1d wp-block-buttons-is-layout-flex\">\n<div class=\"wp-block-button\"><a class=\"wp-block-button__link has-background\" href=\"https:\/\/www.hansemondial.de\/de\/anfrage\" style=\"border-radius:0px;background-color:#3e7dbe\" target=\"_blank\" rel=\"noreferrer noopener\">JETZT KONTAKT AUFNEHMEN<\/a><\/div>\n<\/div>\n\n\n\n<p><\/p>\n\n\n\n<p><\/p>\n\n\n\n<p>*Quelle: Umweltbundesamt<\/p>\n","protected":false},"excerpt":{"rendered":"<p>Der Sommerurlaub l\u00e4sst noch ein wenig auf sich warten. Daher zieht es viele kleine und gro\u00dfe Gruppen derzeit in die Berge. Egal, ob der Harz oder die wundersch\u00f6nen Alpen &#8211; die schneebedeckten Berge ziehen so [&hellip;]<\/p>\n","protected":false},"author":2,"featured_media":1599,"comment_status":"open","ping_status":"open","sticky":false,"template":"","format":"standard","meta":{"footnotes":""},"categories":[13,33],"tags":[34,79,172],"class_list":["post-1597","post","type-post","status-publish","format-standard","has-post-thumbnail","hentry","category-ausflugsziel","category-gruppenreise","tag-gruppenreise","tag-reisebus","tag-winterurlaub"],"yoast_head":"<!-- This site is optimized with the Yoast SEO plugin v25.9 - https:\/\/yoast.com\/wordpress\/plugins\/seo\/ -->\n<title>Der Berg ruft! - Hanse Mondial Blog<\/title>\n<meta name=\"robots\" content=\"index, follow, max-snippet:-1, max-image-preview:large, max-video-preview:-1\" \/>\n<link rel=\"canonical\" href=\"https:\/\/www.hansemondial.de\/blog\/der-berg-ruft\/\" \/>\n<meta property=\"og:locale\" content=\"de_DE\" \/>\n<meta property=\"og:type\" content=\"article\" \/>\n<meta property=\"og:title\" content=\"Der Berg ruft! - Hanse Mondial Blog\" \/>\n<meta property=\"og:description\" content=\"Der Sommerurlaub l\u00e4sst noch ein wenig auf sich warten. Daher zieht es viele kleine und gro\u00dfe Gruppen derzeit in die Berge. Egal, ob der Harz oder die wundersch\u00f6nen Alpen &#8211; die schneebedeckten Berge ziehen so [&hellip;]\" \/>\n<meta property=\"og:url\" content=\"https:\/\/www.hansemondial.de\/blog\/der-berg-ruft\/\" \/>\n<meta property=\"og:site_name\" content=\"Hanse Mondial Blog\" \/>\n<meta property=\"article:publisher\" content=\"https:\/\/www.facebook.com\/HanseMondial\/\" \/>\n<meta property=\"article:published_time\" content=\"2022-02-04T14:00:55+00:00\" \/>\n<meta property=\"article:modified_time\" content=\"2022-02-04T14:06:34+00:00\" \/>\n<meta property=\"og:image\" content=\"https:\/\/www.hansemondial.de\/blog\/wp-content\/uploads\/2022\/02\/alps-g3eb3da72f_1920.jpg\" \/>\n\t<meta property=\"og:image:width\" content=\"1920\" \/>\n\t<meta property=\"og:image:height\" content=\"1032\" \/>\n\t<meta property=\"og:image:type\" content=\"image\/jpeg\" \/>\n<meta name=\"author\" content=\"Tim Derix\" \/>\n<meta name=\"twitter:card\" content=\"summary_large_image\" \/>\n<meta name=\"twitter:label1\" content=\"Verfasst von\" \/>\n\t<meta name=\"twitter:data1\" content=\"Tim Derix\" \/>\n\t<meta name=\"twitter:label2\" content=\"Gesch\u00e4tzte Lesezeit\" \/>\n\t<meta name=\"twitter:data2\" content=\"3\u00a0Minuten\" \/>\n<script type=\"application\/ld+json\" class=\"yoast-schema-graph\">{\"@context\":\"https:\/\/schema.org\",\"@graph\":[{\"@type\":\"Article\",\"@id\":\"https:\/\/www.hansemondial.de\/blog\/der-berg-ruft\/#article\",\"isPartOf\":{\"@id\":\"https:\/\/www.hansemondial.de\/blog\/der-berg-ruft\/\"},\"author\":{\"name\":\"Tim Derix\",\"@id\":\"https:\/\/www.hansemondial.de\/blog\/#\/schema\/person\/d8bfbb02246adfe2a289d6bf40ead0e3\"},\"headline\":\"Der Berg ruft!\",\"datePublished\":\"2022-02-04T14:00:55+00:00\",\"dateModified\":\"2022-02-04T14:06:34+00:00\",\"mainEntityOfPage\":{\"@id\":\"https:\/\/www.hansemondial.de\/blog\/der-berg-ruft\/\"},\"wordCount\":419,\"commentCount\":0,\"publisher\":{\"@id\":\"https:\/\/www.hansemondial.de\/blog\/#organization\"},\"image\":{\"@id\":\"https:\/\/www.hansemondial.de\/blog\/der-berg-ruft\/#primaryimage\"},\"thumbnailUrl\":\"https:\/\/www.hansemondial.de\/blog\/wp-content\/uploads\/2022\/02\/alps-g3eb3da72f_1920.jpg\",\"keywords\":[\"Gruppenreise\",\"Reisebus\",\"Winterurlaub\"],\"articleSection\":[\"Ausflugsziel\",\"Gruppenreise\"],\"inLanguage\":\"de\",\"potentialAction\":[{\"@type\":\"CommentAction\",\"name\":\"Comment\",\"target\":[\"https:\/\/www.hansemondial.de\/blog\/der-berg-ruft\/#respond\"]}]},{\"@type\":\"WebPage\",\"@id\":\"https:\/\/www.hansemondial.de\/blog\/der-berg-ruft\/\",\"url\":\"https:\/\/www.hansemondial.de\/blog\/der-berg-ruft\/\",\"name\":\"Der Berg ruft! - Hanse Mondial Blog\",\"isPartOf\":{\"@id\":\"https:\/\/www.hansemondial.de\/blog\/#website\"},\"primaryImageOfPage\":{\"@id\":\"https:\/\/www.hansemondial.de\/blog\/der-berg-ruft\/#primaryimage\"},\"image\":{\"@id\":\"https:\/\/www.hansemondial.de\/blog\/der-berg-ruft\/#primaryimage\"},\"thumbnailUrl\":\"https:\/\/www.hansemondial.de\/blog\/wp-content\/uploads\/2022\/02\/alps-g3eb3da72f_1920.jpg\",\"datePublished\":\"2022-02-04T14:00:55+00:00\",\"dateModified\":\"2022-02-04T14:06:34+00:00\",\"breadcrumb\":{\"@id\":\"https:\/\/www.hansemondial.de\/blog\/der-berg-ruft\/#breadcrumb\"},\"inLanguage\":\"de\",\"potentialAction\":[{\"@type\":\"ReadAction\",\"target\":[\"https:\/\/www.hansemondial.de\/blog\/der-berg-ruft\/\"]}]},{\"@type\":\"ImageObject\",\"inLanguage\":\"de\",\"@id\":\"https:\/\/www.hansemondial.de\/blog\/der-berg-ruft\/#primaryimage\",\"url\":\"https:\/\/www.hansemondial.de\/blog\/wp-content\/uploads\/2022\/02\/alps-g3eb3da72f_1920.jpg\",\"contentUrl\":\"https:\/\/www.hansemondial.de\/blog\/wp-content\/uploads\/2022\/02\/alps-g3eb3da72f_1920.jpg\",\"width\":1920,\"height\":1032},{\"@type\":\"BreadcrumbList\",\"@id\":\"https:\/\/www.hansemondial.de\/blog\/der-berg-ruft\/#breadcrumb\",\"itemListElement\":[{\"@type\":\"ListItem\",\"position\":1,\"name\":\"Startseite\",\"item\":\"https:\/\/www.hansemondial.de\/blog\/\"},{\"@type\":\"ListItem\",\"position\":2,\"name\":\"Der Berg ruft!\"}]},{\"@type\":\"WebSite\",\"@id\":\"https:\/\/www.hansemondial.de\/blog\/#website\",\"url\":\"https:\/\/www.hansemondial.de\/blog\/\",\"name\":\"Hanse Mondial Blog\",\"description\":\"Der Buslogistik Blog\",\"publisher\":{\"@id\":\"https:\/\/www.hansemondial.de\/blog\/#organization\"},\"potentialAction\":[{\"@type\":\"SearchAction\",\"target\":{\"@type\":\"EntryPoint\",\"urlTemplate\":\"https:\/\/www.hansemondial.de\/blog\/?s={search_term_string}\"},\"query-input\":{\"@type\":\"PropertyValueSpecification\",\"valueRequired\":true,\"valueName\":\"search_term_string\"}}],\"inLanguage\":\"de\"},{\"@type\":\"Organization\",\"@id\":\"https:\/\/www.hansemondial.de\/blog\/#organization\",\"name\":\"Hanse Mondial GmbH\",\"url\":\"https:\/\/www.hansemondial.de\/blog\/\",\"logo\":{\"@type\":\"ImageObject\",\"inLanguage\":\"de\",\"@id\":\"https:\/\/www.hansemondial.de\/blog\/#\/schema\/logo\/image\/\",\"url\":\"https:\/\/www.hansemondial.de\/blog\/wp-content\/uploads\/2023\/06\/MicrosoftTeams-image-5.png\",\"contentUrl\":\"https:\/\/www.hansemondial.de\/blog\/wp-content\/uploads\/2023\/06\/MicrosoftTeams-image-5.png\",\"width\":300,\"height\":150,\"caption\":\"Hanse Mondial GmbH\"},\"image\":{\"@id\":\"https:\/\/www.hansemondial.de\/blog\/#\/schema\/logo\/image\/\"},\"sameAs\":[\"https:\/\/www.facebook.com\/HanseMondial\/\",\"https:\/\/www.instagram.com\/hansemondial_buslogistik\/\",\"https:\/\/sv.linkedin.com\/company\/hanse-mondial-gmbh\",\"https:\/\/www.youtube.com\/channel\/UCsvt7IF3WGv6rWNXykzugHA\"]},{\"@type\":\"Person\",\"@id\":\"https:\/\/www.hansemondial.de\/blog\/#\/schema\/person\/d8bfbb02246adfe2a289d6bf40ead0e3\",\"name\":\"Tim Derix\",\"image\":{\"@type\":\"ImageObject\",\"inLanguage\":\"de\",\"@id\":\"https:\/\/www.hansemondial.de\/blog\/#\/schema\/person\/image\/\",\"url\":\"https:\/\/secure.gravatar.com\/avatar\/ffcef1b65ae567f54b83e4e40171ae5cc4d36dad47078c89fe88308a4425b688?s=96&d=mm&r=g\",\"contentUrl\":\"https:\/\/secure.gravatar.com\/avatar\/ffcef1b65ae567f54b83e4e40171ae5cc4d36dad47078c89fe88308a4425b688?s=96&d=mm&r=g\",\"caption\":\"Tim Derix\"},\"url\":\"https:\/\/www.hansemondial.de\/blog\/author\/tderix\/\"}]}<\/script>\n<!-- \/ Yoast SEO plugin. -->","yoast_head_json":{"title":"Der Berg ruft! - Hanse Mondial Blog","robots":{"index":"index","follow":"follow","max-snippet":"max-snippet:-1","max-image-preview":"max-image-preview:large","max-video-preview":"max-video-preview:-1"},"canonical":"https:\/\/www.hansemondial.de\/blog\/der-berg-ruft\/","og_locale":"de_DE","og_type":"article","og_title":"Der Berg ruft! - Hanse Mondial Blog","og_description":"Der Sommerurlaub l\u00e4sst noch ein wenig auf sich warten. Daher zieht es viele kleine und gro\u00dfe Gruppen derzeit in die Berge. Egal, ob der Harz oder die wundersch\u00f6nen Alpen &#8211; die schneebedeckten Berge ziehen so [&hellip;]","og_url":"https:\/\/www.hansemondial.de\/blog\/der-berg-ruft\/","og_site_name":"Hanse Mondial Blog","article_publisher":"https:\/\/www.facebook.com\/HanseMondial\/","article_published_time":"2022-02-04T14:00:55+00:00","article_modified_time":"2022-02-04T14:06:34+00:00","og_image":[{"width":1920,"height":1032,"url":"https:\/\/www.hansemondial.de\/blog\/wp-content\/uploads\/2022\/02\/alps-g3eb3da72f_1920.jpg","type":"image\/jpeg"}],"author":"Tim Derix","twitter_card":"summary_large_image","twitter_misc":{"Verfasst von":"Tim Derix","Gesch\u00e4tzte Lesezeit":"3\u00a0Minuten"},"schema":{"@context":"https:\/\/schema.org","@graph":[{"@type":"Article","@id":"https:\/\/www.hansemondial.de\/blog\/der-berg-ruft\/#article","isPartOf":{"@id":"https:\/\/www.hansemondial.de\/blog\/der-berg-ruft\/"},"author":{"name":"Tim Derix","@id":"https:\/\/www.hansemondial.de\/blog\/#\/schema\/person\/d8bfbb02246adfe2a289d6bf40ead0e3"},"headline":"Der Berg ruft!","datePublished":"2022-02-04T14:00:55+00:00","dateModified":"2022-02-04T14:06:34+00:00","mainEntityOfPage":{"@id":"https:\/\/www.hansemondial.de\/blog\/der-berg-ruft\/"},"wordCount":419,"commentCount":0,"publisher":{"@id":"https:\/\/www.hansemondial.de\/blog\/#organization"},"image":{"@id":"https:\/\/www.hansemondial.de\/blog\/der-berg-ruft\/#primaryimage"},"thumbnailUrl":"https:\/\/www.hansemondial.de\/blog\/wp-content\/uploads\/2022\/02\/alps-g3eb3da72f_1920.jpg","keywords":["Gruppenreise","Reisebus","Winterurlaub"],"articleSection":["Ausflugsziel","Gruppenreise"],"inLanguage":"de","potentialAction":[{"@type":"CommentAction","name":"Comment","target":["https:\/\/www.hansemondial.de\/blog\/der-berg-ruft\/#respond"]}]},{"@type":"WebPage","@id":"https:\/\/www.hansemondial.de\/blog\/der-berg-ruft\/","url":"https:\/\/www.hansemondial.de\/blog\/der-berg-ruft\/","name":"Der Berg ruft! - Hanse Mondial Blog","isPartOf":{"@id":"https:\/\/www.hansemondial.de\/blog\/#website"},"primaryImageOfPage":{"@id":"https:\/\/www.hansemondial.de\/blog\/der-berg-ruft\/#primaryimage"},"image":{"@id":"https:\/\/www.hansemondial.de\/blog\/der-berg-ruft\/#primaryimage"},"thumbnailUrl":"https:\/\/www.hansemondial.de\/blog\/wp-content\/uploads\/2022\/02\/alps-g3eb3da72f_1920.jpg","datePublished":"2022-02-04T14:00:55+00:00","dateModified":"2022-02-04T14:06:34+00:00","breadcrumb":{"@id":"https:\/\/www.hansemondial.de\/blog\/der-berg-ruft\/#breadcrumb"},"inLanguage":"de","potentialAction":[{"@type":"ReadAction","target":["https:\/\/www.hansemondial.de\/blog\/der-berg-ruft\/"]}]},{"@type":"ImageObject","inLanguage":"de","@id":"https:\/\/www.hansemondial.de\/blog\/der-berg-ruft\/#primaryimage","url":"https:\/\/www.hansemondial.de\/blog\/wp-content\/uploads\/2022\/02\/alps-g3eb3da72f_1920.jpg","contentUrl":"https:\/\/www.hansemondial.de\/blog\/wp-content\/uploads\/2022\/02\/alps-g3eb3da72f_1920.jpg","width":1920,"height":1032},{"@type":"BreadcrumbList","@id":"https:\/\/www.hansemondial.de\/blog\/der-berg-ruft\/#breadcrumb","itemListElement":[{"@type":"ListItem","position":1,"name":"Startseite","item":"https:\/\/www.hansemondial.de\/blog\/"},{"@type":"ListItem","position":2,"name":"Der Berg ruft!"}]},{"@type":"WebSite","@id":"https:\/\/www.hansemondial.de\/blog\/#website","url":"https:\/\/www.hansemondial.de\/blog\/","name":"Hanse Mondial Blog","description":"Der Buslogistik Blog","publisher":{"@id":"https:\/\/www.hansemondial.de\/blog\/#organization"},"potentialAction":[{"@type":"SearchAction","target":{"@type":"EntryPoint","urlTemplate":"https:\/\/www.hansemondial.de\/blog\/?s={search_term_string}"},"query-input":{"@type":"PropertyValueSpecification","valueRequired":true,"valueName":"search_term_string"}}],"inLanguage":"de"},{"@type":"Organization","@id":"https:\/\/www.hansemondial.de\/blog\/#organization","name":"Hanse Mondial GmbH","url":"https:\/\/www.hansemondial.de\/blog\/","logo":{"@type":"ImageObject","inLanguage":"de","@id":"https:\/\/www.hansemondial.de\/blog\/#\/schema\/logo\/image\/","url":"https:\/\/www.hansemondial.de\/blog\/wp-content\/uploads\/2023\/06\/MicrosoftTeams-image-5.png","contentUrl":"https:\/\/www.hansemondial.de\/blog\/wp-content\/uploads\/2023\/06\/MicrosoftTeams-image-5.png","width":300,"height":150,"caption":"Hanse Mondial GmbH"},"image":{"@id":"https:\/\/www.hansemondial.de\/blog\/#\/schema\/logo\/image\/"},"sameAs":["https:\/\/www.facebook.com\/HanseMondial\/","https:\/\/www.instagram.com\/hansemondial_buslogistik\/","https:\/\/sv.linkedin.com\/company\/hanse-mondial-gmbh","https:\/\/www.youtube.com\/channel\/UCsvt7IF3WGv6rWNXykzugHA"]},{"@type":"Person","@id":"https:\/\/www.hansemondial.de\/blog\/#\/schema\/person\/d8bfbb02246adfe2a289d6bf40ead0e3","name":"Tim Derix","image":{"@type":"ImageObject","inLanguage":"de","@id":"https:\/\/www.hansemondial.de\/blog\/#\/schema\/person\/image\/","url":"https:\/\/secure.gravatar.com\/avatar\/ffcef1b65ae567f54b83e4e40171ae5cc4d36dad47078c89fe88308a4425b688?s=96&d=mm&r=g","contentUrl":"https:\/\/secure.gravatar.com\/avatar\/ffcef1b65ae567f54b83e4e40171ae5cc4d36dad47078c89fe88308a4425b688?s=96&d=mm&r=g","caption":"Tim Derix"},"url":"https:\/\/www.hansemondial.de\/blog\/author\/tderix\/"}]}},"_links":{"self":[{"href":"https:\/\/www.hansemondial.de\/blog\/wp-json\/wp\/v2\/posts\/1597","targetHints":{"allow":["GET"]}}],"collection":[{"href":"https:\/\/www.hansemondial.de\/blog\/wp-json\/wp\/v2\/posts"}],"about":[{"href":"https:\/\/www.hansemondial.de\/blog\/wp-json\/wp\/v2\/types\/post"}],"author":[{"embeddable":true,"href":"https:\/\/www.hansemondial.de\/blog\/wp-json\/wp\/v2\/users\/2"}],"replies":[{"embeddable":true,"href":"https:\/\/www.hansemondial.de\/blog\/wp-json\/wp\/v2\/comments?post=1597"}],"version-history":[{"count":21,"href":"https:\/\/www.hansemondial.de\/blog\/wp-json\/wp\/v2\/posts\/1597\/revisions"}],"predecessor-version":[{"id":1622,"href":"https:\/\/www.hansemondial.de\/blog\/wp-json\/wp\/v2\/posts\/1597\/revisions\/1622"}],"wp:featuredmedia":[{"embeddable":true,"href":"https:\/\/www.hansemondial.de\/blog\/wp-json\/wp\/v2\/media\/1599"}],"wp:attachment":[{"href":"https:\/\/www.hansemondial.de\/blog\/wp-json\/wp\/v2\/media?parent=1597"}],"wp:term":[{"taxonomy":"category","embeddable":true,"href":"https:\/\/www.hansemondial.de\/blog\/wp-json\/wp\/v2\/categories?post=1597"},{"taxonomy":"post_tag","embeddable":true,"href":"https:\/\/www.hansemondial.de\/blog\/wp-json\/wp\/v2\/tags?post=1597"}],"curies":[{"name":"wp","href":"https:\/\/api.w.org\/{rel}","templated":true}]}}