{"id":1532,"date":"2021-12-14T16:55:00","date_gmt":"2021-12-14T15:55:00","guid":{"rendered":"https:\/\/www.hansemondial.de\/blog\/?p=1532"},"modified":"2022-01-07T11:51:17","modified_gmt":"2022-01-07T10:51:17","slug":"hanse-mondial-jahresrueckblick-2021","status":"publish","type":"post","link":"https:\/\/www.hansemondial.de\/blog\/hanse-mondial-jahresrueckblick-2021\/","title":{"rendered":"Hanse Mondial Jahresr\u00fcckblick 2021"},"content":{"rendered":"\n<p>Wow, wo ist das Jahr schon wieder hin? Auch wenn sich 2021 mit gro\u00dfen Schritten in Richtung Jahresende bewegt, m\u00f6chten wir mit euch gemeinsam das Jahr Revue passieren lassen. <\/p>\n\n\n\n<p>2021 ist zwar, wie bei vielen von uns, anders verlaufen, aber bedeutet das etwas Schlechtes? Auf gar keinen Fall. Wir blicken auf ein spannendes Jahr 2021 zur\u00fcck, welches viele neue Kontakte, wertvolle Kooperationen und tolle Partnerschaften mit sich brachte. <\/p>\n\n\n\n<p>2022 wird mindestens genau so gut &#8211; davon sind wir \u00fcberzeugt. In diesem Sinne w\u00fcnschen wir euch einen erfolgreichen Start ins neue Jahr und freuen uns auf alles was kommt!<\/p>\n\n\n\n<p>Viel Spa\u00df beim Lesen!<\/p>\n\n\n\n<h3 class=\"wp-block-heading\">JANUAR<\/h3>\n\n\n\n<p>Der Januar startete bei uns etwas anders als geplant, aber wir haben definitiv das Beste aus der Situation gemacht. Das neue Jahr haben wir \u00fcberwiegend im Homeoffice eingel\u00e4utet und auch die BOE International in Dortmund, auf der wir uns gerne wieder pr\u00e4sentiert h\u00e4tten, fand nicht statt. Dennoch wussten wir, dass 2021 die ein oder andere positive Neuigkeit f\u00fcr uns bereithalten w\u00fcrde. Die erste lie\u00df auch nicht lange auf sich warten. <\/p>\n\n\n\n<h3 class=\"wp-block-heading\">FEBRUAR<\/h3>\n\n\n\n<p>Im Februar ging es so richtig los bei uns &#8211; und zwar sportlich. Endlich durften wir unsere Kooperation mit der Basketballmannschaft Hamburg Towers offiziell machen. Ein erfolgreicher Auftakt f\u00fcr ein sportliches 2021 &#8211; mehr dazu erfahrt ihr in den n\u00e4chsten Monaten. <\/p>\n\n\n\n<p>F\u00fcr insgesamt drei Jahre stellen wir als offizieller Mobilit\u00e4tspartner der gesamten Mannschaft einen gebrandeten Mannschaftsbus mit extra viel Beinfreiheit. \ud83d\ude09 In dem Video gibt es weitere Einblicke:<\/p>\n\n\n\n<figure class=\"wp-block-embed is-type-video is-provider-youtube wp-block-embed-youtube wp-embed-aspect-16-9 wp-has-aspect-ratio\"><div class=\"wp-block-embed__wrapper\">\n<div class=\"olsen-light-responsive-embed\"><iframe loading=\"lazy\" title=\"Mannschaftsbus mit Hanse Mondial\" width=\"665\" height=\"374\" src=\"https:\/\/www.youtube.com\/embed\/l3fa9dAeA1I?feature=oembed\" frameborder=\"0\" allow=\"accelerometer; autoplay; clipboard-write; encrypted-media; gyroscope; picture-in-picture; web-share\" referrerpolicy=\"strict-origin-when-cross-origin\" allowfullscreen><\/iframe><\/div>\n<\/div><figcaption><a href=\"https:\/\/youtu.be\/l3fa9dAeA1I\" target=\"_blank\" rel=\"noreferrer noopener\">Individuell gebrandeter Mannschaftsbus f\u00fcr die Mannschaft Hamburg Towers.<\/a><\/figcaption><\/figure>\n\n\n\n<h3 class=\"wp-block-heading\">M\u00c4RZ<\/h3>\n\n\n\n<p>Weitere, spannende Projekte lie\u00dfen nicht lange auf sich warten, denn aufgrund der aktuellen Lage war schnell ein neues Kooperationsprojekt geboren: GoTestMe &#8211; das mobile Testzentrum. <\/p>\n\n\n\n<p>In umgebauten Bussen waren wir innerhalb sowie au\u00dferhalb Hamburgs unterwegs und haben mittels Durchf\u00fchrung vieler Tests einen wertvollen Beitrag geleistet. Vielen Dank an alle Projektbeteiligten an dieser Stelle!<\/p>\n\n\n\n<h3 class=\"wp-block-heading\">APRIL<\/h3>\n\n\n\n<p>Auch im April besch\u00e4ftige uns das mobile Testen weiterhin. Das Projekt bekam immer mehr Aufmerksamkeit. Sogar so viel, dass uns Hamburgs zweite B\u00fcrgermeisterin, Katharina Fegebank, bei einem unserer Testbusse besuchte. So konnten wir noch mal zusammen auf die aktuelle Situation aufmerksam machen und die Teststrategie weiter unterst\u00fctzen. <\/p>\n\n\n\n<h3 class=\"wp-block-heading\">MAI<\/h3>\n\n\n\n<p>Langsam, aber sicher kehrte immer mehr Normalit\u00e4t in unseren Alltag. Dennoch sehnten wir uns alle nach Normalit\u00e4t und vor allem nach einer Sache: endlich wieder unbeschwert verreisen. Um diesen Wunsch zum Teil zu erf\u00fcllen, kam die ReiseLust-Box von Erinnerungsgold, zu jedem Hanse Mondial Mitarbeiter nach Hause.<\/p>\n\n\n\n<p>Was f\u00fcr eine tolle Idee und das gesamte Team hat sich sehr gefreut!<\/p>\n\n\n\n<h3 class=\"wp-block-heading\">JUNI<\/h3>\n\n\n\n<p>Im Juni ging es mit positiven Neuigkeiten weiter. Seit September 2020 sind wir aktives Mitglied der UmweltPartnerschaft Hamburg (aufmerksame Leser wissen bereits aus unserem <a href=\"https:\/\/www.hansemondial.de\/blog\/jahresrueckblick-2020\/\" target=\"_blank\" rel=\"noreferrer noopener\">Jahresr\u00fcckblick 2020<\/a> Bescheid). <\/p>\n\n\n\n<p>Die Partnerschaft konnten wir im Juni um die Umweltschutzleistung im Bereich &#8222;Betriebliche Mobilit\u00e4t&#8220; erweitern. Durch das erste E-Fahrzeug in unserem betrieblichen Fuhrpark leisten wir zus\u00e4tzlich als Unternehmen einen nachhaltigen Beitrag. Und das ist erst der Anfang &#8211; versprochen!<\/p>\n\n\n\n<h3 class=\"wp-block-heading\">JULI<\/h3>\n\n\n\n<p>Im Sommer ging es spannend weiter!<\/p>\n\n\n\n<p>Gemeinsam mit einigen Busunternehmern aus unserem Netzwerk konnten wir ein neues Projekt auf die Beine stellen. Mit MediSinn, die Auftraggeber des gesamten Projekts waren, hatten wir einen tollen Partner aus dem Gesundheitsbereich f\u00fcr die mobilen Impfbusse an unserer Seite. Bundesweit waren wir mit insgesamt vier Impfbussen \u00fcber elf Wochen unterwegs.<\/p>\n\n\n\n<h3 class=\"wp-block-heading\">AUGUST<\/h3>\n\n\n\n<p>Wie bereits erw\u00e4hnt, war das Jahr 2021 sportlich f\u00fcr uns. F\u00fcr die Saison 2021\/2022 konnten wir den Verein FC Viktoria Berlin von uns \u00fcberzeugen. Als offizieller Mobilit\u00e4tspartner stellen wir dem Drittliga-Team einen individuell, gebrandeten Mannschaftsbus f\u00fcr alle Ausw\u00e4rtsspiele. Auch die Regional-Frauenmannschaft sowie die Junioren-Bundesligamannschaften (U17 und U19) profitieren von dem Vereinsbus. <\/p>\n\n\n\n<p>Wir freuen uns bereits auf eine erfolgreiche R\u00fcckrunde mit dem FC Viktoria Berlin!<\/p>\n\n\n\n<h3 class=\"wp-block-heading\">SEPTEMBER<\/h3>\n\n\n\n<p>Der September hatte gleich mehrere spannende Dinge f\u00fcr uns im Gep\u00e4ck. <\/p>\n\n\n\n<p>Anfang September startete unsere Kooperation mit <a href=\"https:\/\/www.hansemondial.de\/blog\/im-interview-irene-smetana-von-travel-tree\/\" target=\"_blank\" rel=\"noreferrer noopener\">Travel &amp; Tree<\/a>, unserem Partner in Sachen CO2 Kompensation. Gemeinsam mit Travel &amp; Tree unterst\u00fctzen wir ein Baumprojekt in Tansania und pflanzen pro Reisebus einen Baum. F\u00fcr n\u00e4chstes Jahr sind bereits weitere Projekte zusammen geplant &#8211; es bleibt also spannend!<\/p>\n\n\n\n<p>Au\u00dferdem stand f\u00fcr uns ein wichtiges Event an: die <a href=\"https:\/\/www.hansemondial.de\/blog\/iaa-mobility-2021-in-muenchen-das-weltweitgroesste-mobilitaetsevent\/\" target=\"_blank\" rel=\"noreferrer noopener\">IAA Mobility in M\u00fcnchen<\/a>. Dort haben wir vor Ort eine Paneldiskussion zum Thema nachhaltige und individuelle Mobilit\u00e4t mit dem Reisebus gehalten. <\/p>\n\n\n\n<p>An dieser Stelle vielen Dank f\u00fcr die Einblicke in die zuk\u00fcnftige Mobilit\u00e4t. <\/p>\n\n\n\n<h3 class=\"wp-block-heading\">OKTOBER<\/h3>\n\n\n\n<p>Nachhaltige Mobilit\u00e4t &#8211; genau das richtige Stichwort f\u00fcr den Oktober. <\/p>\n\n\n\n<p>Mitte Oktober fand der ITS World Congress in Hamburg statt. Einen besseren Auftakt f\u00fcr unseren ersten E-Shuttle in Kooperation mit pepper motion h\u00e4tte es nicht geben k\u00f6nnen. Der ehemalige Dieselbus wurde komplett elektrifiziert und hat die Messeteilnehmer zwischen der Hamburger Messe und Landungsbr\u00fccken geshuttelt. <\/p>\n\n\n\n<p>In dem Video erfahrt ihr mehr zu unserem Kooperationsprojekt mit pepper motion: <\/p>\n\n\n\n<figure class=\"wp-block-embed is-type-video is-provider-youtube wp-block-embed-youtube wp-embed-aspect-16-9 wp-has-aspect-ratio\"><div class=\"wp-block-embed__wrapper\">\n<div class=\"olsen-light-responsive-embed\"><iframe loading=\"lazy\" title=\"Hanse Mondial stellt ersten E-Bus beim ITS World Congress\" width=\"665\" height=\"374\" src=\"https:\/\/www.youtube.com\/embed\/790EIOPo4rg?feature=oembed\" frameborder=\"0\" allow=\"accelerometer; autoplay; clipboard-write; encrypted-media; gyroscope; picture-in-picture; web-share\" referrerpolicy=\"strict-origin-when-cross-origin\" allowfullscreen><\/iframe><\/div>\n<\/div><figcaption><a href=\"https:\/\/youtu.be\/790EIOPo4rg\" target=\"_blank\" rel=\"noreferrer noopener\">Hanse Mondial setzt ersten E-Bus als Shuttle beim ITS World Congress ein.<\/a><\/figcaption><\/figure>\n\n\n\n<p>Aber das war nicht die einzige Neuigkeit aus dem Oktober. Endlich konnten wir bekannt geben, dass wir f\u00fcr zwei Jahre offizieller Supplier vom HSV sind. Die Partnerschaft hat eine gro\u00dfe Bedeutung f\u00fcr uns, denn so unterst\u00fctzen wir als Hamburger Unternehmen den Sport in der Hansestadt. Wir sind gespannt was 2022 f\u00fcr uns im Sportbereich bereit h\u00e4lt!<\/p>\n\n\n\n<h3 class=\"wp-block-heading\">NOVEMBER<\/h3>\n\n\n\n<p>Im November ging es sportlich f\u00fcr uns weiter. Das Hamburger Tri Team (Triathlon) hat die Partnerschaft mit uns um ein Jahr verl\u00e4ngert &#8211; juhu! Wir freuen uns bereits auf coole Projekte in 2022 mit dem Team. <\/p>\n\n\n\n<p>Au\u00dferdem ging es f\u00fcr uns nach Berlin, denn die Future of Festivals stand vor der T\u00fcr. An zwei Tagen haben wir nicht nur viele, neue Kontakte in der Eventbranche kn\u00fcpfen k\u00f6nnen, sondern unser CEO Julien war Teil einer Paneldiskussion rund um das Thema nachhaltige Eventmobilit\u00e4t. <\/p>\n\n\n\n<h3 class=\"wp-block-heading\">DEZEMBER<\/h3>\n\n\n\n<p>So langsam kehrt bei uns auch Ruhe ein und das gesamte Team stimmt sich so langsam auf die Feiertage ein. Die letzten Projekte werden abgeschlossen und wir lassen das Jahr entspannt ausklingen. <\/p>\n\n\n\n<p>Zum ersten Mal stehen Betriebsferien bei Hanse Mondial an. Vom 23.12. bis zum 31.12. tanken wir ganz viel Kraft und Energie f\u00fcr das neue Jahr. <\/p>\n\n\n\n<p>In diesem Sinne w\u00fcnschen wir allen Partner, Kunden und Freunden einen erfolgreichen Start ins neue Jahr!  <\/p>\n","protected":false},"excerpt":{"rendered":"<p>Wow, wo ist das Jahr schon wieder hin? Auch wenn sich 2021 mit gro\u00dfen Schritten in Richtung Jahresende bewegt, m\u00f6chten wir mit euch gemeinsam das Jahr Revue passieren lassen. 2021 ist zwar, wie bei vielen [&hellip;]<\/p>\n","protected":false},"author":2,"featured_media":1533,"comment_status":"open","ping_status":"open","sticky":false,"template":"","format":"standard","meta":{"footnotes":""},"categories":[36],"tags":[165,60,140,138],"class_list":["post-1532","post","type-post","status-publish","format-standard","has-post-thumbnail","hentry","category-hanse-mondial-insights","tag-hanse-mondial","tag-hanse-mondial-insights","tag-jahresrueckblick","tag-rueckblick"],"yoast_head":"<!-- This site is optimized with the Yoast SEO plugin v25.9 - https:\/\/yoast.com\/wordpress\/plugins\/seo\/ -->\n<title>Hanse Mondial Jahresr\u00fcckblick 2021 - Hanse Mondial Blog<\/title>\n<meta name=\"robots\" content=\"index, follow, max-snippet:-1, max-image-preview:large, max-video-preview:-1\" \/>\n<link rel=\"canonical\" href=\"https:\/\/www.hansemondial.de\/blog\/hanse-mondial-jahresrueckblick-2021\/\" \/>\n<meta property=\"og:locale\" content=\"de_DE\" \/>\n<meta property=\"og:type\" content=\"article\" \/>\n<meta property=\"og:title\" content=\"Hanse Mondial Jahresr\u00fcckblick 2021 - Hanse Mondial Blog\" \/>\n<meta property=\"og:description\" content=\"Wow, wo ist das Jahr schon wieder hin? Auch wenn sich 2021 mit gro\u00dfen Schritten in Richtung Jahresende bewegt, m\u00f6chten wir mit euch gemeinsam das Jahr Revue passieren lassen. 2021 ist zwar, wie bei vielen [&hellip;]\" \/>\n<meta property=\"og:url\" content=\"https:\/\/www.hansemondial.de\/blog\/hanse-mondial-jahresrueckblick-2021\/\" \/>\n<meta property=\"og:site_name\" content=\"Hanse Mondial Blog\" \/>\n<meta property=\"article:publisher\" content=\"https:\/\/www.facebook.com\/HanseMondial\/\" \/>\n<meta property=\"article:published_time\" content=\"2021-12-14T15:55:00+00:00\" \/>\n<meta property=\"article:modified_time\" content=\"2022-01-07T10:51:17+00:00\" \/>\n<meta property=\"og:image\" content=\"https:\/\/www.hansemondial.de\/blog\/wp-content\/uploads\/2021\/12\/Bilder-Blogartikel.png\" \/>\n\t<meta property=\"og:image:width\" content=\"720\" \/>\n\t<meta property=\"og:image:height\" content=\"471\" \/>\n\t<meta property=\"og:image:type\" content=\"image\/png\" \/>\n<meta name=\"author\" content=\"Tim Derix\" \/>\n<meta name=\"twitter:card\" content=\"summary_large_image\" \/>\n<meta name=\"twitter:label1\" content=\"Verfasst von\" \/>\n\t<meta name=\"twitter:data1\" content=\"Tim Derix\" \/>\n\t<meta name=\"twitter:label2\" content=\"Gesch\u00e4tzte Lesezeit\" \/>\n\t<meta name=\"twitter:data2\" content=\"6\u00a0Minuten\" \/>\n<script type=\"application\/ld+json\" class=\"yoast-schema-graph\">{\"@context\":\"https:\/\/schema.org\",\"@graph\":[{\"@type\":\"Article\",\"@id\":\"https:\/\/www.hansemondial.de\/blog\/hanse-mondial-jahresrueckblick-2021\/#article\",\"isPartOf\":{\"@id\":\"https:\/\/www.hansemondial.de\/blog\/hanse-mondial-jahresrueckblick-2021\/\"},\"author\":{\"name\":\"Tim Derix\",\"@id\":\"https:\/\/www.hansemondial.de\/blog\/#\/schema\/person\/d8bfbb02246adfe2a289d6bf40ead0e3\"},\"headline\":\"Hanse Mondial Jahresr\u00fcckblick 2021\",\"datePublished\":\"2021-12-14T15:55:00+00:00\",\"dateModified\":\"2022-01-07T10:51:17+00:00\",\"mainEntityOfPage\":{\"@id\":\"https:\/\/www.hansemondial.de\/blog\/hanse-mondial-jahresrueckblick-2021\/\"},\"wordCount\":1063,\"commentCount\":0,\"publisher\":{\"@id\":\"https:\/\/www.hansemondial.de\/blog\/#organization\"},\"image\":{\"@id\":\"https:\/\/www.hansemondial.de\/blog\/hanse-mondial-jahresrueckblick-2021\/#primaryimage\"},\"thumbnailUrl\":\"https:\/\/www.hansemondial.de\/blog\/wp-content\/uploads\/2021\/12\/Bilder-Blogartikel.png\",\"keywords\":[\"Hanse Mondial\",\"Hanse Mondial Insights\",\"Jahresr\u00fcckblick\",\"R\u00fcckblick\"],\"articleSection\":[\"Hanse Mondial Insights\"],\"inLanguage\":\"de\",\"potentialAction\":[{\"@type\":\"CommentAction\",\"name\":\"Comment\",\"target\":[\"https:\/\/www.hansemondial.de\/blog\/hanse-mondial-jahresrueckblick-2021\/#respond\"]}]},{\"@type\":\"WebPage\",\"@id\":\"https:\/\/www.hansemondial.de\/blog\/hanse-mondial-jahresrueckblick-2021\/\",\"url\":\"https:\/\/www.hansemondial.de\/blog\/hanse-mondial-jahresrueckblick-2021\/\",\"name\":\"Hanse Mondial Jahresr\u00fcckblick 2021 - Hanse Mondial Blog\",\"isPartOf\":{\"@id\":\"https:\/\/www.hansemondial.de\/blog\/#website\"},\"primaryImageOfPage\":{\"@id\":\"https:\/\/www.hansemondial.de\/blog\/hanse-mondial-jahresrueckblick-2021\/#primaryimage\"},\"image\":{\"@id\":\"https:\/\/www.hansemondial.de\/blog\/hanse-mondial-jahresrueckblick-2021\/#primaryimage\"},\"thumbnailUrl\":\"https:\/\/www.hansemondial.de\/blog\/wp-content\/uploads\/2021\/12\/Bilder-Blogartikel.png\",\"datePublished\":\"2021-12-14T15:55:00+00:00\",\"dateModified\":\"2022-01-07T10:51:17+00:00\",\"breadcrumb\":{\"@id\":\"https:\/\/www.hansemondial.de\/blog\/hanse-mondial-jahresrueckblick-2021\/#breadcrumb\"},\"inLanguage\":\"de\",\"potentialAction\":[{\"@type\":\"ReadAction\",\"target\":[\"https:\/\/www.hansemondial.de\/blog\/hanse-mondial-jahresrueckblick-2021\/\"]}]},{\"@type\":\"ImageObject\",\"inLanguage\":\"de\",\"@id\":\"https:\/\/www.hansemondial.de\/blog\/hanse-mondial-jahresrueckblick-2021\/#primaryimage\",\"url\":\"https:\/\/www.hansemondial.de\/blog\/wp-content\/uploads\/2021\/12\/Bilder-Blogartikel.png\",\"contentUrl\":\"https:\/\/www.hansemondial.de\/blog\/wp-content\/uploads\/2021\/12\/Bilder-Blogartikel.png\",\"width\":720,\"height\":471},{\"@type\":\"BreadcrumbList\",\"@id\":\"https:\/\/www.hansemondial.de\/blog\/hanse-mondial-jahresrueckblick-2021\/#breadcrumb\",\"itemListElement\":[{\"@type\":\"ListItem\",\"position\":1,\"name\":\"Startseite\",\"item\":\"https:\/\/www.hansemondial.de\/blog\/\"},{\"@type\":\"ListItem\",\"position\":2,\"name\":\"Hanse Mondial Jahresr\u00fcckblick 2021\"}]},{\"@type\":\"WebSite\",\"@id\":\"https:\/\/www.hansemondial.de\/blog\/#website\",\"url\":\"https:\/\/www.hansemondial.de\/blog\/\",\"name\":\"Hanse Mondial Blog\",\"description\":\"Der Buslogistik Blog\",\"publisher\":{\"@id\":\"https:\/\/www.hansemondial.de\/blog\/#organization\"},\"potentialAction\":[{\"@type\":\"SearchAction\",\"target\":{\"@type\":\"EntryPoint\",\"urlTemplate\":\"https:\/\/www.hansemondial.de\/blog\/?s={search_term_string}\"},\"query-input\":{\"@type\":\"PropertyValueSpecification\",\"valueRequired\":true,\"valueName\":\"search_term_string\"}}],\"inLanguage\":\"de\"},{\"@type\":\"Organization\",\"@id\":\"https:\/\/www.hansemondial.de\/blog\/#organization\",\"name\":\"Hanse Mondial GmbH\",\"url\":\"https:\/\/www.hansemondial.de\/blog\/\",\"logo\":{\"@type\":\"ImageObject\",\"inLanguage\":\"de\",\"@id\":\"https:\/\/www.hansemondial.de\/blog\/#\/schema\/logo\/image\/\",\"url\":\"https:\/\/www.hansemondial.de\/blog\/wp-content\/uploads\/2023\/06\/MicrosoftTeams-image-5.png\",\"contentUrl\":\"https:\/\/www.hansemondial.de\/blog\/wp-content\/uploads\/2023\/06\/MicrosoftTeams-image-5.png\",\"width\":300,\"height\":150,\"caption\":\"Hanse Mondial GmbH\"},\"image\":{\"@id\":\"https:\/\/www.hansemondial.de\/blog\/#\/schema\/logo\/image\/\"},\"sameAs\":[\"https:\/\/www.facebook.com\/HanseMondial\/\",\"https:\/\/www.instagram.com\/hansemondial_buslogistik\/\",\"https:\/\/sv.linkedin.com\/company\/hanse-mondial-gmbh\",\"https:\/\/www.youtube.com\/channel\/UCsvt7IF3WGv6rWNXykzugHA\"]},{\"@type\":\"Person\",\"@id\":\"https:\/\/www.hansemondial.de\/blog\/#\/schema\/person\/d8bfbb02246adfe2a289d6bf40ead0e3\",\"name\":\"Tim Derix\",\"image\":{\"@type\":\"ImageObject\",\"inLanguage\":\"de\",\"@id\":\"https:\/\/www.hansemondial.de\/blog\/#\/schema\/person\/image\/\",\"url\":\"https:\/\/secure.gravatar.com\/avatar\/ffcef1b65ae567f54b83e4e40171ae5cc4d36dad47078c89fe88308a4425b688?s=96&d=mm&r=g\",\"contentUrl\":\"https:\/\/secure.gravatar.com\/avatar\/ffcef1b65ae567f54b83e4e40171ae5cc4d36dad47078c89fe88308a4425b688?s=96&d=mm&r=g\",\"caption\":\"Tim Derix\"},\"url\":\"https:\/\/www.hansemondial.de\/blog\/author\/tderix\/\"}]}<\/script>\n<!-- \/ Yoast SEO plugin. -->","yoast_head_json":{"title":"Hanse Mondial Jahresr\u00fcckblick 2021 - Hanse Mondial Blog","robots":{"index":"index","follow":"follow","max-snippet":"max-snippet:-1","max-image-preview":"max-image-preview:large","max-video-preview":"max-video-preview:-1"},"canonical":"https:\/\/www.hansemondial.de\/blog\/hanse-mondial-jahresrueckblick-2021\/","og_locale":"de_DE","og_type":"article","og_title":"Hanse Mondial Jahresr\u00fcckblick 2021 - Hanse Mondial Blog","og_description":"Wow, wo ist das Jahr schon wieder hin? Auch wenn sich 2021 mit gro\u00dfen Schritten in Richtung Jahresende bewegt, m\u00f6chten wir mit euch gemeinsam das Jahr Revue passieren lassen. 2021 ist zwar, wie bei vielen [&hellip;]","og_url":"https:\/\/www.hansemondial.de\/blog\/hanse-mondial-jahresrueckblick-2021\/","og_site_name":"Hanse Mondial Blog","article_publisher":"https:\/\/www.facebook.com\/HanseMondial\/","article_published_time":"2021-12-14T15:55:00+00:00","article_modified_time":"2022-01-07T10:51:17+00:00","og_image":[{"width":720,"height":471,"url":"https:\/\/www.hansemondial.de\/blog\/wp-content\/uploads\/2021\/12\/Bilder-Blogartikel.png","type":"image\/png"}],"author":"Tim Derix","twitter_card":"summary_large_image","twitter_misc":{"Verfasst von":"Tim Derix","Gesch\u00e4tzte Lesezeit":"6\u00a0Minuten"},"schema":{"@context":"https:\/\/schema.org","@graph":[{"@type":"Article","@id":"https:\/\/www.hansemondial.de\/blog\/hanse-mondial-jahresrueckblick-2021\/#article","isPartOf":{"@id":"https:\/\/www.hansemondial.de\/blog\/hanse-mondial-jahresrueckblick-2021\/"},"author":{"name":"Tim Derix","@id":"https:\/\/www.hansemondial.de\/blog\/#\/schema\/person\/d8bfbb02246adfe2a289d6bf40ead0e3"},"headline":"Hanse Mondial Jahresr\u00fcckblick 2021","datePublished":"2021-12-14T15:55:00+00:00","dateModified":"2022-01-07T10:51:17+00:00","mainEntityOfPage":{"@id":"https:\/\/www.hansemondial.de\/blog\/hanse-mondial-jahresrueckblick-2021\/"},"wordCount":1063,"commentCount":0,"publisher":{"@id":"https:\/\/www.hansemondial.de\/blog\/#organization"},"image":{"@id":"https:\/\/www.hansemondial.de\/blog\/hanse-mondial-jahresrueckblick-2021\/#primaryimage"},"thumbnailUrl":"https:\/\/www.hansemondial.de\/blog\/wp-content\/uploads\/2021\/12\/Bilder-Blogartikel.png","keywords":["Hanse Mondial","Hanse Mondial Insights","Jahresr\u00fcckblick","R\u00fcckblick"],"articleSection":["Hanse Mondial Insights"],"inLanguage":"de","potentialAction":[{"@type":"CommentAction","name":"Comment","target":["https:\/\/www.hansemondial.de\/blog\/hanse-mondial-jahresrueckblick-2021\/#respond"]}]},{"@type":"WebPage","@id":"https:\/\/www.hansemondial.de\/blog\/hanse-mondial-jahresrueckblick-2021\/","url":"https:\/\/www.hansemondial.de\/blog\/hanse-mondial-jahresrueckblick-2021\/","name":"Hanse Mondial Jahresr\u00fcckblick 2021 - Hanse Mondial Blog","isPartOf":{"@id":"https:\/\/www.hansemondial.de\/blog\/#website"},"primaryImageOfPage":{"@id":"https:\/\/www.hansemondial.de\/blog\/hanse-mondial-jahresrueckblick-2021\/#primaryimage"},"image":{"@id":"https:\/\/www.hansemondial.de\/blog\/hanse-mondial-jahresrueckblick-2021\/#primaryimage"},"thumbnailUrl":"https:\/\/www.hansemondial.de\/blog\/wp-content\/uploads\/2021\/12\/Bilder-Blogartikel.png","datePublished":"2021-12-14T15:55:00+00:00","dateModified":"2022-01-07T10:51:17+00:00","breadcrumb":{"@id":"https:\/\/www.hansemondial.de\/blog\/hanse-mondial-jahresrueckblick-2021\/#breadcrumb"},"inLanguage":"de","potentialAction":[{"@type":"ReadAction","target":["https:\/\/www.hansemondial.de\/blog\/hanse-mondial-jahresrueckblick-2021\/"]}]},{"@type":"ImageObject","inLanguage":"de","@id":"https:\/\/www.hansemondial.de\/blog\/hanse-mondial-jahresrueckblick-2021\/#primaryimage","url":"https:\/\/www.hansemondial.de\/blog\/wp-content\/uploads\/2021\/12\/Bilder-Blogartikel.png","contentUrl":"https:\/\/www.hansemondial.de\/blog\/wp-content\/uploads\/2021\/12\/Bilder-Blogartikel.png","width":720,"height":471},{"@type":"BreadcrumbList","@id":"https:\/\/www.hansemondial.de\/blog\/hanse-mondial-jahresrueckblick-2021\/#breadcrumb","itemListElement":[{"@type":"ListItem","position":1,"name":"Startseite","item":"https:\/\/www.hansemondial.de\/blog\/"},{"@type":"ListItem","position":2,"name":"Hanse Mondial Jahresr\u00fcckblick 2021"}]},{"@type":"WebSite","@id":"https:\/\/www.hansemondial.de\/blog\/#website","url":"https:\/\/www.hansemondial.de\/blog\/","name":"Hanse Mondial Blog","description":"Der Buslogistik Blog","publisher":{"@id":"https:\/\/www.hansemondial.de\/blog\/#organization"},"potentialAction":[{"@type":"SearchAction","target":{"@type":"EntryPoint","urlTemplate":"https:\/\/www.hansemondial.de\/blog\/?s={search_term_string}"},"query-input":{"@type":"PropertyValueSpecification","valueRequired":true,"valueName":"search_term_string"}}],"inLanguage":"de"},{"@type":"Organization","@id":"https:\/\/www.hansemondial.de\/blog\/#organization","name":"Hanse Mondial GmbH","url":"https:\/\/www.hansemondial.de\/blog\/","logo":{"@type":"ImageObject","inLanguage":"de","@id":"https:\/\/www.hansemondial.de\/blog\/#\/schema\/logo\/image\/","url":"https:\/\/www.hansemondial.de\/blog\/wp-content\/uploads\/2023\/06\/MicrosoftTeams-image-5.png","contentUrl":"https:\/\/www.hansemondial.de\/blog\/wp-content\/uploads\/2023\/06\/MicrosoftTeams-image-5.png","width":300,"height":150,"caption":"Hanse Mondial GmbH"},"image":{"@id":"https:\/\/www.hansemondial.de\/blog\/#\/schema\/logo\/image\/"},"sameAs":["https:\/\/www.facebook.com\/HanseMondial\/","https:\/\/www.instagram.com\/hansemondial_buslogistik\/","https:\/\/sv.linkedin.com\/company\/hanse-mondial-gmbh","https:\/\/www.youtube.com\/channel\/UCsvt7IF3WGv6rWNXykzugHA"]},{"@type":"Person","@id":"https:\/\/www.hansemondial.de\/blog\/#\/schema\/person\/d8bfbb02246adfe2a289d6bf40ead0e3","name":"Tim Derix","image":{"@type":"ImageObject","inLanguage":"de","@id":"https:\/\/www.hansemondial.de\/blog\/#\/schema\/person\/image\/","url":"https:\/\/secure.gravatar.com\/avatar\/ffcef1b65ae567f54b83e4e40171ae5cc4d36dad47078c89fe88308a4425b688?s=96&d=mm&r=g","contentUrl":"https:\/\/secure.gravatar.com\/avatar\/ffcef1b65ae567f54b83e4e40171ae5cc4d36dad47078c89fe88308a4425b688?s=96&d=mm&r=g","caption":"Tim Derix"},"url":"https:\/\/www.hansemondial.de\/blog\/author\/tderix\/"}]}},"_links":{"self":[{"href":"https:\/\/www.hansemondial.de\/blog\/wp-json\/wp\/v2\/posts\/1532","targetHints":{"allow":["GET"]}}],"collection":[{"href":"https:\/\/www.hansemondial.de\/blog\/wp-json\/wp\/v2\/posts"}],"about":[{"href":"https:\/\/www.hansemondial.de\/blog\/wp-json\/wp\/v2\/types\/post"}],"author":[{"embeddable":true,"href":"https:\/\/www.hansemondial.de\/blog\/wp-json\/wp\/v2\/users\/2"}],"replies":[{"embeddable":true,"href":"https:\/\/www.hansemondial.de\/blog\/wp-json\/wp\/v2\/comments?post=1532"}],"version-history":[{"count":25,"href":"https:\/\/www.hansemondial.de\/blog\/wp-json\/wp\/v2\/posts\/1532\/revisions"}],"predecessor-version":[{"id":1567,"href":"https:\/\/www.hansemondial.de\/blog\/wp-json\/wp\/v2\/posts\/1532\/revisions\/1567"}],"wp:featuredmedia":[{"embeddable":true,"href":"https:\/\/www.hansemondial.de\/blog\/wp-json\/wp\/v2\/media\/1533"}],"wp:attachment":[{"href":"https:\/\/www.hansemondial.de\/blog\/wp-json\/wp\/v2\/media?parent=1532"}],"wp:term":[{"taxonomy":"category","embeddable":true,"href":"https:\/\/www.hansemondial.de\/blog\/wp-json\/wp\/v2\/categories?post=1532"},{"taxonomy":"post_tag","embeddable":true,"href":"https:\/\/www.hansemondial.de\/blog\/wp-json\/wp\/v2\/tags?post=1532"}],"curies":[{"name":"wp","href":"https:\/\/api.w.org\/{rel}","templated":true}]}}