{"id":1397,"date":"2021-08-27T12:19:35","date_gmt":"2021-08-27T10:19:35","guid":{"rendered":"https:\/\/www.hansemondial.de\/blog\/?p=1397"},"modified":"2021-08-27T12:19:37","modified_gmt":"2021-08-27T10:19:37","slug":"iaa-mobility-2021-in-muenchen-das-weltweitgroesste-mobilitaetsevent","status":"publish","type":"post","link":"https:\/\/www.hansemondial.de\/blog\/iaa-mobility-2021-in-muenchen-das-weltweitgroesste-mobilitaetsevent\/","title":{"rendered":"IAA MOBILITY 2021 in M\u00fcnchen \u2013 das weltweitgr\u00f6\u00dfte Mobilit\u00e4tsevent"},"content":{"rendered":"\n<p>Der Titel verr\u00e4t es schon: die <a href=\"https:\/\/www.iaa.de\/de\/mobility\" target=\"_blank\" rel=\"noreferrer noopener\">IAA MOBILITY 2021<\/a> steht vor der T\u00fcr. Unter dem diesj\u00e4hrigen Motto \u201eMobilit\u00e4t der Zukunft\u201c werden Neuheiten, Trends und spannende Einblicke in die Welt der Mobilit\u00e4t gew\u00e4hrt. An insgesamt sechs Tagen, vom 07.-12. September 2021, habt ihr die M\u00f6glichkeit die zuk\u00fcnftigen Mobilit\u00e4tstrends zu entdecken und interessante Vortr\u00e4ge rund um das Thema Mobilit\u00e4t zu besuchen.\u00a0Wie ihr am besten zur IAA MOBILITY 2021 in M\u00fcnchen kommt und aus welchem Grund wir von Hanse Mondial vor Ort sind, erfahrt ihr in dem Blogartikel.<br>Viel Spa\u00df beim Lesen!<\/p>\n\n\n\n<h3 class=\"wp-block-heading\"><strong>IAA MOBILITY 2021 \u2013 Mobilit\u00e4t der Zukunft<\/strong><\/h3>\n\n\n\n<p>Hinter der Ausgangsfrage der IAA MOBILITY 2021 \u201eWhat will move us next?\u201c verstecken sich viele m\u00f6gliche Antworten. Und genau das macht die Mobilit\u00e4t schon heute, aber auch zuk\u00fcnftig, aus. Und genau das m\u00f6chte die IAA MOBILITY 2021 in diesem Jahr zeigen.<\/p>\n\n\n\n<p>Nachdem die Messe im letzten Jahr nicht stattfinden konnte, ist das diesj\u00e4hrige Programm mehr als vielversprechend. Mit einem neuen Konzept verspricht die IAA MOBILITY 2021 nicht nur die Innovationen der Mobilit\u00e4t vorzustellen, sondern auch den Fortschritt der Digitalisierung sowie einen m\u00f6glichen Schritt in Richtung Klimaneutralit\u00e4t aufzuzeigen.<\/p>\n\n\n\n<p>Auf der Messe ist jeder willkommen &#8211; egal, ob Fachbesucher oder private Besucher, die sich f\u00fcr Mobilit\u00e4tsthemen interessieren. Die IAA MOBILITY 2021 bietet ein abwechslungsreiches Programm f\u00fcr jeden. <\/p>\n\n\n\n<p>Ein weiteres Highlight ist in diesem Jahr der Open Space, der die IAA MOBILITY in die Innenstadt von M\u00fcnchen bringt. An verschiedenen Orten in der Innenstadt wird die Zukunft der Mobilit\u00e4t f\u00fcr jeden zug\u00e4nglich gemacht und verspricht spannende Einblicke in die Mobilit\u00e4tswelt.<\/p>\n\n\n\n<h3 class=\"wp-block-heading\"><strong>Hanse Mondial bei der IAA MOBILITY 2021<\/strong><\/h3>\n\n\n\n<p>Wir haben es bereits in der Einleitung des Blogartikels angek\u00fcndigt: wir von Hanse Mondial werden ebenfalls Teil des weltweitgr\u00f6\u00dften Mobilit\u00e4tsevents in M\u00fcnchen sein.\u00a0<\/p>\n\n\n\n<p>Im Rahmen der IAA MOBILITY Conference veranstalten wir am 12. September von 11:00 \u2013 11:45 Uhr eine spannende Paneldiskussion. Julien Figur, CEO und Mitgr\u00fcnder von Hanse Mondial, wird der Host dieser Diskussion sein und hat namenhafte Personen aus der Mobilit\u00e4tsbranche zu Gast. Unter dem Titel \u201eDer Reisebus in neuem Licht \u2013 Nachhaltige und individuelle Mobilit\u00e4t\u201c wird nicht nur der Reisebus als umweltfreundliches Transportmittel beleuchtet, sondern auch \u00fcber m\u00f6gliche zuk\u00fcnftige Mobilit\u00e4tsformen diskutiert.<br><a href=\"https:\/\/www.iaa.de\/de\/veranstaltung\/der-reisebus-in-neuem-licht-nachhaltige-und-individuelle-mobilitaet\" target=\"_blank\" rel=\"noreferrer noopener\">Alle weiteren Infos zur Paneldiskussion findet ihr hier.<\/a><\/p>\n\n\n\n<p>Generell nehmen mehr als 500 namenhafte CEOs, Experten, Wissenschaftler und NGO-Experten an der IAA Conference teil und diskutieren die m\u00f6glichen Mobilit\u00e4tsl\u00f6sungen von morgen. Damit gilt die Fachkonferenz als eine der gr\u00f6\u00dften Digitalplattformen im Bereich Mobilit\u00e4tsthemen weltweit.\u00a0<\/p>\n\n\n\n<h3 class=\"wp-block-heading\"><strong>Wie komme ich am besten zur IAA MOBILITY 2021?<\/strong><\/h3>\n\n\n\n<p>Die Antwort k\u00f6nnt ihr euch sicherlich schon denken, oder? Um flexibel, individuell und vor allem nachhaltig anzureisen, ist der Reisebus die perfekte Wahl. Wenn ihr in einer kleineren Gruppe unterwegs seid, empfehlen wir entweder einen Midibus oder Minivan. Dank unserem europaweiten Netzwerk aus Partnerunternehmen finden wir immer das passende Fahrzeug f\u00fcr euer Vorhaben. Ihr werdet an eurem Wunschort abgeholt und direkt zur IAA MOBILITY 2021 gefahren.<\/p>\n\n\n\n<p><strong>Klingt gut? Dann freuen wir uns auf deine Anfrage<\/strong>:<\/p>\n\n\n\n<div class=\"wp-block-buttons is-layout-flex wp-block-buttons-is-layout-flex\">\n<div class=\"wp-block-button\"><a class=\"wp-block-button__link has-background no-border-radius\" href=\"https:\/\/www.hansemondial.de\/de\/anfrage\/messe\" style=\"background-color:#3e7dbe\" target=\"_blank\" rel=\"noreferrer noopener\">Shuttle f\u00fcr IAA MOBILITY anfragen<\/a><\/div>\n<\/div>\n","protected":false},"excerpt":{"rendered":"<p>Der Titel verr\u00e4t es schon: die IAA MOBILITY 2021 steht vor der T\u00fcr. Unter dem diesj\u00e4hrigen Motto \u201eMobilit\u00e4t der Zukunft\u201c werden Neuheiten, Trends und spannende Einblicke in die Welt der Mobilit\u00e4t gew\u00e4hrt. An insgesamt sechs [&hellip;]<\/p>\n","protected":false},"author":2,"featured_media":1401,"comment_status":"open","ping_status":"open","sticky":false,"template":"","format":"standard","meta":{"footnotes":""},"categories":[6,5,123,9,114],"tags":[40,45,163,162,8,78,86],"class_list":["post-1397","post","type-post","status-publish","format-standard","has-post-thumbnail","hentry","category-event","category-messe","category-mobilitaet","category-shuttle","category-veranstaltung","tag-event","tag-eventshuttle","tag-iaa-mobility","tag-iaa-muenchen","tag-messe","tag-mobilitaet","tag-veranstaltung"],"yoast_head":"<!-- This site is optimized with the Yoast SEO plugin v25.9 - https:\/\/yoast.com\/wordpress\/plugins\/seo\/ -->\n<title>IAA MOBILITY 2021 in M\u00fcnchen \u2013 das weltweitgr\u00f6\u00dfte Mobilit\u00e4tsevent - Hanse Mondial Blog<\/title>\n<meta name=\"robots\" content=\"index, follow, max-snippet:-1, max-image-preview:large, max-video-preview:-1\" \/>\n<link rel=\"canonical\" href=\"https:\/\/www.hansemondial.de\/blog\/iaa-mobility-2021-in-muenchen-das-weltweitgroesste-mobilitaetsevent\/\" \/>\n<meta property=\"og:locale\" content=\"de_DE\" \/>\n<meta property=\"og:type\" content=\"article\" \/>\n<meta property=\"og:title\" content=\"IAA MOBILITY 2021 in M\u00fcnchen \u2013 das weltweitgr\u00f6\u00dfte Mobilit\u00e4tsevent - Hanse Mondial Blog\" \/>\n<meta property=\"og:description\" content=\"Der Titel verr\u00e4t es schon: die IAA MOBILITY 2021 steht vor der T\u00fcr. Unter dem diesj\u00e4hrigen Motto \u201eMobilit\u00e4t der Zukunft\u201c werden Neuheiten, Trends und spannende Einblicke in die Welt der Mobilit\u00e4t gew\u00e4hrt. An insgesamt sechs [&hellip;]\" \/>\n<meta property=\"og:url\" content=\"https:\/\/www.hansemondial.de\/blog\/iaa-mobility-2021-in-muenchen-das-weltweitgroesste-mobilitaetsevent\/\" \/>\n<meta property=\"og:site_name\" content=\"Hanse Mondial Blog\" \/>\n<meta property=\"article:publisher\" content=\"https:\/\/www.facebook.com\/HanseMondial\/\" \/>\n<meta property=\"article:published_time\" content=\"2021-08-27T10:19:35+00:00\" \/>\n<meta property=\"article:modified_time\" content=\"2021-08-27T10:19:37+00:00\" \/>\n<meta property=\"og:image\" content=\"https:\/\/www.hansemondial.de\/blog\/wp-content\/uploads\/2021\/08\/bike-1836934_1920.jpg\" \/>\n\t<meta property=\"og:image:width\" content=\"1920\" \/>\n\t<meta property=\"og:image:height\" content=\"1080\" \/>\n\t<meta property=\"og:image:type\" content=\"image\/jpeg\" \/>\n<meta name=\"author\" content=\"Tim Derix\" \/>\n<meta name=\"twitter:card\" content=\"summary_large_image\" \/>\n<meta name=\"twitter:label1\" content=\"Verfasst von\" \/>\n\t<meta name=\"twitter:data1\" content=\"Tim Derix\" \/>\n\t<meta name=\"twitter:label2\" content=\"Gesch\u00e4tzte Lesezeit\" \/>\n\t<meta name=\"twitter:data2\" content=\"3\u00a0Minuten\" \/>\n<script type=\"application\/ld+json\" class=\"yoast-schema-graph\">{\"@context\":\"https:\/\/schema.org\",\"@graph\":[{\"@type\":\"Article\",\"@id\":\"https:\/\/www.hansemondial.de\/blog\/iaa-mobility-2021-in-muenchen-das-weltweitgroesste-mobilitaetsevent\/#article\",\"isPartOf\":{\"@id\":\"https:\/\/www.hansemondial.de\/blog\/iaa-mobility-2021-in-muenchen-das-weltweitgroesste-mobilitaetsevent\/\"},\"author\":{\"name\":\"Tim Derix\",\"@id\":\"https:\/\/www.hansemondial.de\/blog\/#\/schema\/person\/d8bfbb02246adfe2a289d6bf40ead0e3\"},\"headline\":\"IAA MOBILITY 2021 in M\u00fcnchen \u2013 das weltweitgr\u00f6\u00dfte Mobilit\u00e4tsevent\",\"datePublished\":\"2021-08-27T10:19:35+00:00\",\"dateModified\":\"2021-08-27T10:19:37+00:00\",\"mainEntityOfPage\":{\"@id\":\"https:\/\/www.hansemondial.de\/blog\/iaa-mobility-2021-in-muenchen-das-weltweitgroesste-mobilitaetsevent\/\"},\"wordCount\":527,\"commentCount\":0,\"publisher\":{\"@id\":\"https:\/\/www.hansemondial.de\/blog\/#organization\"},\"image\":{\"@id\":\"https:\/\/www.hansemondial.de\/blog\/iaa-mobility-2021-in-muenchen-das-weltweitgroesste-mobilitaetsevent\/#primaryimage\"},\"thumbnailUrl\":\"https:\/\/www.hansemondial.de\/blog\/wp-content\/uploads\/2021\/08\/bike-1836934_1920.jpg\",\"keywords\":[\"Event\",\"Eventshuttle\",\"IAA Mobility\",\"IAA M\u00fcnchen\",\"Messe\",\"Mobilit\u00e4t\",\"Veranstaltung\"],\"articleSection\":[\"Event\",\"Messe\",\"Mobilit\u00e4t\",\"Shuttle Service\",\"Veranstaltung\"],\"inLanguage\":\"de\",\"potentialAction\":[{\"@type\":\"CommentAction\",\"name\":\"Comment\",\"target\":[\"https:\/\/www.hansemondial.de\/blog\/iaa-mobility-2021-in-muenchen-das-weltweitgroesste-mobilitaetsevent\/#respond\"]}]},{\"@type\":\"WebPage\",\"@id\":\"https:\/\/www.hansemondial.de\/blog\/iaa-mobility-2021-in-muenchen-das-weltweitgroesste-mobilitaetsevent\/\",\"url\":\"https:\/\/www.hansemondial.de\/blog\/iaa-mobility-2021-in-muenchen-das-weltweitgroesste-mobilitaetsevent\/\",\"name\":\"IAA MOBILITY 2021 in M\u00fcnchen \u2013 das weltweitgr\u00f6\u00dfte Mobilit\u00e4tsevent - Hanse Mondial Blog\",\"isPartOf\":{\"@id\":\"https:\/\/www.hansemondial.de\/blog\/#website\"},\"primaryImageOfPage\":{\"@id\":\"https:\/\/www.hansemondial.de\/blog\/iaa-mobility-2021-in-muenchen-das-weltweitgroesste-mobilitaetsevent\/#primaryimage\"},\"image\":{\"@id\":\"https:\/\/www.hansemondial.de\/blog\/iaa-mobility-2021-in-muenchen-das-weltweitgroesste-mobilitaetsevent\/#primaryimage\"},\"thumbnailUrl\":\"https:\/\/www.hansemondial.de\/blog\/wp-content\/uploads\/2021\/08\/bike-1836934_1920.jpg\",\"datePublished\":\"2021-08-27T10:19:35+00:00\",\"dateModified\":\"2021-08-27T10:19:37+00:00\",\"breadcrumb\":{\"@id\":\"https:\/\/www.hansemondial.de\/blog\/iaa-mobility-2021-in-muenchen-das-weltweitgroesste-mobilitaetsevent\/#breadcrumb\"},\"inLanguage\":\"de\",\"potentialAction\":[{\"@type\":\"ReadAction\",\"target\":[\"https:\/\/www.hansemondial.de\/blog\/iaa-mobility-2021-in-muenchen-das-weltweitgroesste-mobilitaetsevent\/\"]}]},{\"@type\":\"ImageObject\",\"inLanguage\":\"de\",\"@id\":\"https:\/\/www.hansemondial.de\/blog\/iaa-mobility-2021-in-muenchen-das-weltweitgroesste-mobilitaetsevent\/#primaryimage\",\"url\":\"https:\/\/www.hansemondial.de\/blog\/wp-content\/uploads\/2021\/08\/bike-1836934_1920.jpg\",\"contentUrl\":\"https:\/\/www.hansemondial.de\/blog\/wp-content\/uploads\/2021\/08\/bike-1836934_1920.jpg\",\"width\":1920,\"height\":1080},{\"@type\":\"BreadcrumbList\",\"@id\":\"https:\/\/www.hansemondial.de\/blog\/iaa-mobility-2021-in-muenchen-das-weltweitgroesste-mobilitaetsevent\/#breadcrumb\",\"itemListElement\":[{\"@type\":\"ListItem\",\"position\":1,\"name\":\"Startseite\",\"item\":\"https:\/\/www.hansemondial.de\/blog\/\"},{\"@type\":\"ListItem\",\"position\":2,\"name\":\"IAA MOBILITY 2021 in M\u00fcnchen \u2013 das weltweitgr\u00f6\u00dfte Mobilit\u00e4tsevent\"}]},{\"@type\":\"WebSite\",\"@id\":\"https:\/\/www.hansemondial.de\/blog\/#website\",\"url\":\"https:\/\/www.hansemondial.de\/blog\/\",\"name\":\"Hanse Mondial Blog\",\"description\":\"Der Buslogistik Blog\",\"publisher\":{\"@id\":\"https:\/\/www.hansemondial.de\/blog\/#organization\"},\"potentialAction\":[{\"@type\":\"SearchAction\",\"target\":{\"@type\":\"EntryPoint\",\"urlTemplate\":\"https:\/\/www.hansemondial.de\/blog\/?s={search_term_string}\"},\"query-input\":{\"@type\":\"PropertyValueSpecification\",\"valueRequired\":true,\"valueName\":\"search_term_string\"}}],\"inLanguage\":\"de\"},{\"@type\":\"Organization\",\"@id\":\"https:\/\/www.hansemondial.de\/blog\/#organization\",\"name\":\"Hanse Mondial GmbH\",\"url\":\"https:\/\/www.hansemondial.de\/blog\/\",\"logo\":{\"@type\":\"ImageObject\",\"inLanguage\":\"de\",\"@id\":\"https:\/\/www.hansemondial.de\/blog\/#\/schema\/logo\/image\/\",\"url\":\"https:\/\/www.hansemondial.de\/blog\/wp-content\/uploads\/2023\/06\/MicrosoftTeams-image-5.png\",\"contentUrl\":\"https:\/\/www.hansemondial.de\/blog\/wp-content\/uploads\/2023\/06\/MicrosoftTeams-image-5.png\",\"width\":300,\"height\":150,\"caption\":\"Hanse Mondial GmbH\"},\"image\":{\"@id\":\"https:\/\/www.hansemondial.de\/blog\/#\/schema\/logo\/image\/\"},\"sameAs\":[\"https:\/\/www.facebook.com\/HanseMondial\/\",\"https:\/\/www.instagram.com\/hansemondial_buslogistik\/\",\"https:\/\/sv.linkedin.com\/company\/hanse-mondial-gmbh\",\"https:\/\/www.youtube.com\/channel\/UCsvt7IF3WGv6rWNXykzugHA\"]},{\"@type\":\"Person\",\"@id\":\"https:\/\/www.hansemondial.de\/blog\/#\/schema\/person\/d8bfbb02246adfe2a289d6bf40ead0e3\",\"name\":\"Tim Derix\",\"image\":{\"@type\":\"ImageObject\",\"inLanguage\":\"de\",\"@id\":\"https:\/\/www.hansemondial.de\/blog\/#\/schema\/person\/image\/\",\"url\":\"https:\/\/secure.gravatar.com\/avatar\/ffcef1b65ae567f54b83e4e40171ae5cc4d36dad47078c89fe88308a4425b688?s=96&d=mm&r=g\",\"contentUrl\":\"https:\/\/secure.gravatar.com\/avatar\/ffcef1b65ae567f54b83e4e40171ae5cc4d36dad47078c89fe88308a4425b688?s=96&d=mm&r=g\",\"caption\":\"Tim Derix\"},\"url\":\"https:\/\/www.hansemondial.de\/blog\/author\/tderix\/\"}]}<\/script>\n<!-- \/ Yoast SEO plugin. -->","yoast_head_json":{"title":"IAA MOBILITY 2021 in M\u00fcnchen \u2013 das weltweitgr\u00f6\u00dfte Mobilit\u00e4tsevent - Hanse Mondial Blog","robots":{"index":"index","follow":"follow","max-snippet":"max-snippet:-1","max-image-preview":"max-image-preview:large","max-video-preview":"max-video-preview:-1"},"canonical":"https:\/\/www.hansemondial.de\/blog\/iaa-mobility-2021-in-muenchen-das-weltweitgroesste-mobilitaetsevent\/","og_locale":"de_DE","og_type":"article","og_title":"IAA MOBILITY 2021 in M\u00fcnchen \u2013 das weltweitgr\u00f6\u00dfte Mobilit\u00e4tsevent - Hanse Mondial Blog","og_description":"Der Titel verr\u00e4t es schon: die IAA MOBILITY 2021 steht vor der T\u00fcr. Unter dem diesj\u00e4hrigen Motto \u201eMobilit\u00e4t der Zukunft\u201c werden Neuheiten, Trends und spannende Einblicke in die Welt der Mobilit\u00e4t gew\u00e4hrt. An insgesamt sechs [&hellip;]","og_url":"https:\/\/www.hansemondial.de\/blog\/iaa-mobility-2021-in-muenchen-das-weltweitgroesste-mobilitaetsevent\/","og_site_name":"Hanse Mondial Blog","article_publisher":"https:\/\/www.facebook.com\/HanseMondial\/","article_published_time":"2021-08-27T10:19:35+00:00","article_modified_time":"2021-08-27T10:19:37+00:00","og_image":[{"width":1920,"height":1080,"url":"https:\/\/www.hansemondial.de\/blog\/wp-content\/uploads\/2021\/08\/bike-1836934_1920.jpg","type":"image\/jpeg"}],"author":"Tim Derix","twitter_card":"summary_large_image","twitter_misc":{"Verfasst von":"Tim Derix","Gesch\u00e4tzte Lesezeit":"3\u00a0Minuten"},"schema":{"@context":"https:\/\/schema.org","@graph":[{"@type":"Article","@id":"https:\/\/www.hansemondial.de\/blog\/iaa-mobility-2021-in-muenchen-das-weltweitgroesste-mobilitaetsevent\/#article","isPartOf":{"@id":"https:\/\/www.hansemondial.de\/blog\/iaa-mobility-2021-in-muenchen-das-weltweitgroesste-mobilitaetsevent\/"},"author":{"name":"Tim Derix","@id":"https:\/\/www.hansemondial.de\/blog\/#\/schema\/person\/d8bfbb02246adfe2a289d6bf40ead0e3"},"headline":"IAA MOBILITY 2021 in M\u00fcnchen \u2013 das weltweitgr\u00f6\u00dfte Mobilit\u00e4tsevent","datePublished":"2021-08-27T10:19:35+00:00","dateModified":"2021-08-27T10:19:37+00:00","mainEntityOfPage":{"@id":"https:\/\/www.hansemondial.de\/blog\/iaa-mobility-2021-in-muenchen-das-weltweitgroesste-mobilitaetsevent\/"},"wordCount":527,"commentCount":0,"publisher":{"@id":"https:\/\/www.hansemondial.de\/blog\/#organization"},"image":{"@id":"https:\/\/www.hansemondial.de\/blog\/iaa-mobility-2021-in-muenchen-das-weltweitgroesste-mobilitaetsevent\/#primaryimage"},"thumbnailUrl":"https:\/\/www.hansemondial.de\/blog\/wp-content\/uploads\/2021\/08\/bike-1836934_1920.jpg","keywords":["Event","Eventshuttle","IAA Mobility","IAA M\u00fcnchen","Messe","Mobilit\u00e4t","Veranstaltung"],"articleSection":["Event","Messe","Mobilit\u00e4t","Shuttle Service","Veranstaltung"],"inLanguage":"de","potentialAction":[{"@type":"CommentAction","name":"Comment","target":["https:\/\/www.hansemondial.de\/blog\/iaa-mobility-2021-in-muenchen-das-weltweitgroesste-mobilitaetsevent\/#respond"]}]},{"@type":"WebPage","@id":"https:\/\/www.hansemondial.de\/blog\/iaa-mobility-2021-in-muenchen-das-weltweitgroesste-mobilitaetsevent\/","url":"https:\/\/www.hansemondial.de\/blog\/iaa-mobility-2021-in-muenchen-das-weltweitgroesste-mobilitaetsevent\/","name":"IAA MOBILITY 2021 in M\u00fcnchen \u2013 das weltweitgr\u00f6\u00dfte Mobilit\u00e4tsevent - Hanse Mondial Blog","isPartOf":{"@id":"https:\/\/www.hansemondial.de\/blog\/#website"},"primaryImageOfPage":{"@id":"https:\/\/www.hansemondial.de\/blog\/iaa-mobility-2021-in-muenchen-das-weltweitgroesste-mobilitaetsevent\/#primaryimage"},"image":{"@id":"https:\/\/www.hansemondial.de\/blog\/iaa-mobility-2021-in-muenchen-das-weltweitgroesste-mobilitaetsevent\/#primaryimage"},"thumbnailUrl":"https:\/\/www.hansemondial.de\/blog\/wp-content\/uploads\/2021\/08\/bike-1836934_1920.jpg","datePublished":"2021-08-27T10:19:35+00:00","dateModified":"2021-08-27T10:19:37+00:00","breadcrumb":{"@id":"https:\/\/www.hansemondial.de\/blog\/iaa-mobility-2021-in-muenchen-das-weltweitgroesste-mobilitaetsevent\/#breadcrumb"},"inLanguage":"de","potentialAction":[{"@type":"ReadAction","target":["https:\/\/www.hansemondial.de\/blog\/iaa-mobility-2021-in-muenchen-das-weltweitgroesste-mobilitaetsevent\/"]}]},{"@type":"ImageObject","inLanguage":"de","@id":"https:\/\/www.hansemondial.de\/blog\/iaa-mobility-2021-in-muenchen-das-weltweitgroesste-mobilitaetsevent\/#primaryimage","url":"https:\/\/www.hansemondial.de\/blog\/wp-content\/uploads\/2021\/08\/bike-1836934_1920.jpg","contentUrl":"https:\/\/www.hansemondial.de\/blog\/wp-content\/uploads\/2021\/08\/bike-1836934_1920.jpg","width":1920,"height":1080},{"@type":"BreadcrumbList","@id":"https:\/\/www.hansemondial.de\/blog\/iaa-mobility-2021-in-muenchen-das-weltweitgroesste-mobilitaetsevent\/#breadcrumb","itemListElement":[{"@type":"ListItem","position":1,"name":"Startseite","item":"https:\/\/www.hansemondial.de\/blog\/"},{"@type":"ListItem","position":2,"name":"IAA MOBILITY 2021 in M\u00fcnchen \u2013 das weltweitgr\u00f6\u00dfte Mobilit\u00e4tsevent"}]},{"@type":"WebSite","@id":"https:\/\/www.hansemondial.de\/blog\/#website","url":"https:\/\/www.hansemondial.de\/blog\/","name":"Hanse Mondial Blog","description":"Der Buslogistik Blog","publisher":{"@id":"https:\/\/www.hansemondial.de\/blog\/#organization"},"potentialAction":[{"@type":"SearchAction","target":{"@type":"EntryPoint","urlTemplate":"https:\/\/www.hansemondial.de\/blog\/?s={search_term_string}"},"query-input":{"@type":"PropertyValueSpecification","valueRequired":true,"valueName":"search_term_string"}}],"inLanguage":"de"},{"@type":"Organization","@id":"https:\/\/www.hansemondial.de\/blog\/#organization","name":"Hanse Mondial GmbH","url":"https:\/\/www.hansemondial.de\/blog\/","logo":{"@type":"ImageObject","inLanguage":"de","@id":"https:\/\/www.hansemondial.de\/blog\/#\/schema\/logo\/image\/","url":"https:\/\/www.hansemondial.de\/blog\/wp-content\/uploads\/2023\/06\/MicrosoftTeams-image-5.png","contentUrl":"https:\/\/www.hansemondial.de\/blog\/wp-content\/uploads\/2023\/06\/MicrosoftTeams-image-5.png","width":300,"height":150,"caption":"Hanse Mondial GmbH"},"image":{"@id":"https:\/\/www.hansemondial.de\/blog\/#\/schema\/logo\/image\/"},"sameAs":["https:\/\/www.facebook.com\/HanseMondial\/","https:\/\/www.instagram.com\/hansemondial_buslogistik\/","https:\/\/sv.linkedin.com\/company\/hanse-mondial-gmbh","https:\/\/www.youtube.com\/channel\/UCsvt7IF3WGv6rWNXykzugHA"]},{"@type":"Person","@id":"https:\/\/www.hansemondial.de\/blog\/#\/schema\/person\/d8bfbb02246adfe2a289d6bf40ead0e3","name":"Tim Derix","image":{"@type":"ImageObject","inLanguage":"de","@id":"https:\/\/www.hansemondial.de\/blog\/#\/schema\/person\/image\/","url":"https:\/\/secure.gravatar.com\/avatar\/ffcef1b65ae567f54b83e4e40171ae5cc4d36dad47078c89fe88308a4425b688?s=96&d=mm&r=g","contentUrl":"https:\/\/secure.gravatar.com\/avatar\/ffcef1b65ae567f54b83e4e40171ae5cc4d36dad47078c89fe88308a4425b688?s=96&d=mm&r=g","caption":"Tim Derix"},"url":"https:\/\/www.hansemondial.de\/blog\/author\/tderix\/"}]}},"_links":{"self":[{"href":"https:\/\/www.hansemondial.de\/blog\/wp-json\/wp\/v2\/posts\/1397","targetHints":{"allow":["GET"]}}],"collection":[{"href":"https:\/\/www.hansemondial.de\/blog\/wp-json\/wp\/v2\/posts"}],"about":[{"href":"https:\/\/www.hansemondial.de\/blog\/wp-json\/wp\/v2\/types\/post"}],"author":[{"embeddable":true,"href":"https:\/\/www.hansemondial.de\/blog\/wp-json\/wp\/v2\/users\/2"}],"replies":[{"embeddable":true,"href":"https:\/\/www.hansemondial.de\/blog\/wp-json\/wp\/v2\/comments?post=1397"}],"version-history":[{"count":4,"href":"https:\/\/www.hansemondial.de\/blog\/wp-json\/wp\/v2\/posts\/1397\/revisions"}],"predecessor-version":[{"id":1404,"href":"https:\/\/www.hansemondial.de\/blog\/wp-json\/wp\/v2\/posts\/1397\/revisions\/1404"}],"wp:featuredmedia":[{"embeddable":true,"href":"https:\/\/www.hansemondial.de\/blog\/wp-json\/wp\/v2\/media\/1401"}],"wp:attachment":[{"href":"https:\/\/www.hansemondial.de\/blog\/wp-json\/wp\/v2\/media?parent=1397"}],"wp:term":[{"taxonomy":"category","embeddable":true,"href":"https:\/\/www.hansemondial.de\/blog\/wp-json\/wp\/v2\/categories?post=1397"},{"taxonomy":"post_tag","embeddable":true,"href":"https:\/\/www.hansemondial.de\/blog\/wp-json\/wp\/v2\/tags?post=1397"}],"curies":[{"name":"wp","href":"https:\/\/api.w.org\/{rel}","templated":true}]}}