{"id":1321,"date":"2021-05-25T08:52:44","date_gmt":"2021-05-25T06:52:44","guid":{"rendered":"https:\/\/www.hansemondial.de\/blog\/?p=1321"},"modified":"2021-05-27T09:31:17","modified_gmt":"2021-05-27T07:31:17","slug":"im-interview-carina-oesting-teammanagerin-der-hamburg-towers","status":"publish","type":"post","link":"https:\/\/www.hansemondial.de\/blog\/im-interview-carina-oesting-teammanagerin-der-hamburg-towers\/","title":{"rendered":"Im Interview: Carina Oesting, Teammanagerin der Hamburg Towers"},"content":{"rendered":"\n<p>Im heutigen Blogbeitrag wird es sportlich, denn Carina Oesting, die Teammanagerin der Hamburger Basketballmannschaft Hamburg Towers, hat uns ein paar Fragen beantwortet. Seit der Saison 20\/21 bringen wir die Mannschaft im gebrandeten Mannschaftsbus sicher zu ihren Ausw\u00e4rtsspielen. <br>Carina Oesting verr\u00e4t im Interview, warum ein eigener Mannschaftsbus so wichtig f\u00fcr das Team ist und was sie daran besonders sch\u00e4tzen. <br>Wir w\u00fcnschen euch viel Spa\u00df beim Lesen!<\/p>\n\n\n\n<h3 class=\"wp-block-heading\"><strong>Inwiefern hat sich euer Alltag seit der Kooperation mit Hanse Mondial ver\u00e4ndert?<\/strong><\/h3>\n\n\n\n<p><strong>Carina Oesting: <\/strong>Die Zusammenarbeit mit Hanse Mondial verl\u00e4uft ohne Probleme, da es eine sehr interaktive Kommunikation untereinander gibt.&nbsp;<br>Unsere Ausw\u00e4rtsfahrten werden im Vorlauf und im kleinsten Detail geplant und organisiert.&nbsp;<br>Wenn es kurzfristige Herausforderungen bez\u00fcglich unserer Reisen gibt, finden wir gemeinsam schnell L\u00f6sungen und starten den Antritt immer mit einem guten Gef\u00fchl.&nbsp;<\/p>\n\n\n\n<h3 class=\"wp-block-heading\"><strong>Welche Vorteile hat es einen eigenen Mannschaftsbus zur Verf\u00fcgung zu haben?<\/strong><\/h3>\n\n\n\n<p><strong>Carina Oesting:<\/strong> Es ist nicht mehr ganz so schlimm, wenn die Jungs ihre Sachen im Bus vergessen (lacht).&nbsp;Wir wissen, dass alles genau so bleibt, wenn wir an der Halle der Gegner aus dem Bus steigen und uns auf das Spiel vorbereiten. Es ist fast so, als w\u00fcrde man nach einem Spiel &#8222;Nach Hause&#8220; kommen, wenn man den Bus betritt. Obwohl man dann nat\u00fcrlich immer noch eine (meist) lange Heimreise vor sich hat.<br>Im Allgemeinen ist es nat\u00fcrlich toll, dass wir die Freiheit hatten, den Bus individuell mitzugestalten, was die Sitzplatzkapazit\u00e4t und die Tischanordnung betrifft &#8211; das ist nat\u00fcrlich sehr komfortabel.&nbsp;&nbsp;<\/p>\n\n\n\n<h3 class=\"wp-block-heading\"><strong>Worauf habt ihr bei dem Mannschaftsbus besonders Wert gelegt?<\/strong><\/h3>\n\n\n\n<p><strong>Carina Oesting:<\/strong> Bei unseren gro\u00dfen T\u00fcrmen ist nat\u00fcrlich eine ausreichende Beinfreiheit von gro\u00dfer Bedeutung, damit unsere Jungs genug Platz haben um sich im Bus auszubreiten.<br>In unserem neuen Towers-Bus muss sich keiner in eine regul\u00e4re Sitzreihe quetschen, sondern hat genug Platz wirklich bequem zu sitzen und sich auszustrecken.<br>Im vorderen Bereich war es au\u00dferdem enorm wichtig Tische f\u00fcr unsere Coaches zu haben, damit diese auf den Fahrten mit ihren Computern gut an den Vor- und Nachbereitungen der Spiele arbeiten k\u00f6nnen.&nbsp;<\/p>\n\n\n\n<h3 class=\"wp-block-heading\"><strong>Wie bewerkstelligt ihr das Training und die Spiele in der aktuellen Corona-Zeit? Welche Rolle spielt dabei der Mannschaftsbus?<\/strong><\/h3>\n\n\n\n<p><strong>Carina Oesting:<\/strong> Grunds\u00e4tzlich finden das Mannschaftstraining und die Spiele f\u00fcr uns als aktives Team ganz normal statt. Nat\u00fcrlich spielt in dieser Saison die regelm\u00e4\u00dfige Testung auf das&nbsp;Corona-Virus&nbsp;eine sehr gro\u00dfe Rolle.&nbsp;<br>Dass keine Zuschauer in dieser Saison in den Arenen mitfiebern konnten, war f\u00fcr uns nat\u00fcrlich&nbsp;besonders schwer. Das ein oder andere Mal h\u00e4tten wir den bekannten lautstarken Support der Towers-Family gut gebrauchen k\u00f6nnen. Auch die Heimsiege w\u00e4ren nat\u00fcrlich noch ganz anders wahrgenommen worden, h\u00e4tten wir uns direkt bei den Fans f\u00fcr die Unterst\u00fctzung&nbsp;bedanken k\u00f6nnen. So haben wir uns \u00fcber jede Nachricht und jeden Kommentar auf den Social Media Kan\u00e4len gefreut und den Support dennoch gesp\u00fcrt.&nbsp;Der Mannschaftsbus hat dabei daf\u00fcr gesorgt, dass wir in dieser Saison sicher von A nach B reisen konnten.&nbsp;<\/p>\n\n\n\n<h3 class=\"wp-block-heading\"><strong>Was sind eure Pl\u00e4ne f\u00fcr die n\u00e4chste Saison?<\/strong><\/h3>\n\n\n\n<p><strong>Carina Oesting:<\/strong> Wir arbeiten weiterhin daran, uns als Basketballverein in der ersten Bundesliga, der easyCredit Basketball Bundesliga, zu etablieren. Mit der sportlich erfolgreichen Saison, die ja f\u00fcr uns noch gar nicht vorbei ist, sind wir auf einem guten Weg, denke ich.&nbsp;<\/p>\n\n\n\n<p>Vielen Dank f\u00fcr das Interview und wir dr\u00fccken weiterhin die Daumen f\u00fcr die Saison!<\/p>\n\n\n\n<p>Fotocredit: <a href=\"http:\/\/dfischer.de\" target=\"_blank\" rel=\"noreferrer noopener\">Dennis Fischer<\/a> <\/p>\n","protected":false},"excerpt":{"rendered":"<p>Im heutigen Blogbeitrag wird es sportlich, denn Carina Oesting, die Teammanagerin der Hamburger Basketballmannschaft Hamburg Towers, hat uns ein paar Fragen beantwortet. Seit der Saison 20\/21 bringen wir die Mannschaft im gebrandeten Mannschaftsbus sicher zu [&hellip;]<\/p>\n","protected":false},"author":2,"featured_media":1323,"comment_status":"open","ping_status":"open","sticky":false,"template":"","format":"standard","meta":{"footnotes":""},"categories":[107,115,123],"tags":[156,77,58,155,157],"class_list":["post-1321","post","type-post","status-publish","format-standard","has-post-thumbnail","hentry","category-interview","category-kooperation","category-mobilitaet","tag-hamburg-towers","tag-interview","tag-kooperation","tag-partnerschaft","tag-vereinsbus"],"yoast_head":"<!-- This site is optimized with the Yoast SEO plugin v25.9 - https:\/\/yoast.com\/wordpress\/plugins\/seo\/ -->\n<title>Im Interview: Carina Oesting, Teammanagerin der Hamburg Towers - Hanse Mondial Blog<\/title>\n<meta name=\"robots\" content=\"index, follow, max-snippet:-1, max-image-preview:large, max-video-preview:-1\" \/>\n<link rel=\"canonical\" href=\"https:\/\/www.hansemondial.de\/blog\/im-interview-carina-oesting-teammanagerin-der-hamburg-towers\/\" \/>\n<meta property=\"og:locale\" content=\"de_DE\" \/>\n<meta property=\"og:type\" content=\"article\" \/>\n<meta property=\"og:title\" content=\"Im Interview: Carina Oesting, Teammanagerin der Hamburg Towers - Hanse Mondial Blog\" \/>\n<meta property=\"og:description\" content=\"Im heutigen Blogbeitrag wird es sportlich, denn Carina Oesting, die Teammanagerin der Hamburger Basketballmannschaft Hamburg Towers, hat uns ein paar Fragen beantwortet. Seit der Saison 20\/21 bringen wir die Mannschaft im gebrandeten Mannschaftsbus sicher zu [&hellip;]\" \/>\n<meta property=\"og:url\" content=\"https:\/\/www.hansemondial.de\/blog\/im-interview-carina-oesting-teammanagerin-der-hamburg-towers\/\" \/>\n<meta property=\"og:site_name\" content=\"Hanse Mondial Blog\" \/>\n<meta property=\"article:publisher\" content=\"https:\/\/www.facebook.com\/HanseMondial\/\" \/>\n<meta property=\"article:published_time\" content=\"2021-05-25T06:52:44+00:00\" \/>\n<meta property=\"article:modified_time\" content=\"2021-05-27T07:31:17+00:00\" \/>\n<meta property=\"og:image\" content=\"https:\/\/www.hansemondial.de\/blog\/wp-content\/uploads\/2021\/05\/Design-ohne-Titel-2.png\" \/>\n\t<meta property=\"og:image:width\" content=\"720\" \/>\n\t<meta property=\"og:image:height\" content=\"471\" \/>\n\t<meta property=\"og:image:type\" content=\"image\/png\" \/>\n<meta name=\"author\" content=\"Tim Derix\" \/>\n<meta name=\"twitter:card\" content=\"summary_large_image\" \/>\n<meta name=\"twitter:label1\" content=\"Verfasst von\" \/>\n\t<meta name=\"twitter:data1\" content=\"Tim Derix\" \/>\n\t<meta name=\"twitter:label2\" content=\"Gesch\u00e4tzte Lesezeit\" \/>\n\t<meta name=\"twitter:data2\" content=\"3\u00a0Minuten\" \/>\n<script type=\"application\/ld+json\" class=\"yoast-schema-graph\">{\"@context\":\"https:\/\/schema.org\",\"@graph\":[{\"@type\":\"Article\",\"@id\":\"https:\/\/www.hansemondial.de\/blog\/im-interview-carina-oesting-teammanagerin-der-hamburg-towers\/#article\",\"isPartOf\":{\"@id\":\"https:\/\/www.hansemondial.de\/blog\/im-interview-carina-oesting-teammanagerin-der-hamburg-towers\/\"},\"author\":{\"name\":\"Tim Derix\",\"@id\":\"https:\/\/www.hansemondial.de\/blog\/#\/schema\/person\/d8bfbb02246adfe2a289d6bf40ead0e3\"},\"headline\":\"Im Interview: Carina Oesting, Teammanagerin der Hamburg Towers\",\"datePublished\":\"2021-05-25T06:52:44+00:00\",\"dateModified\":\"2021-05-27T07:31:17+00:00\",\"mainEntityOfPage\":{\"@id\":\"https:\/\/www.hansemondial.de\/blog\/im-interview-carina-oesting-teammanagerin-der-hamburg-towers\/\"},\"wordCount\":612,\"commentCount\":0,\"publisher\":{\"@id\":\"https:\/\/www.hansemondial.de\/blog\/#organization\"},\"image\":{\"@id\":\"https:\/\/www.hansemondial.de\/blog\/im-interview-carina-oesting-teammanagerin-der-hamburg-towers\/#primaryimage\"},\"thumbnailUrl\":\"https:\/\/www.hansemondial.de\/blog\/wp-content\/uploads\/2021\/05\/Design-ohne-Titel-2.png\",\"keywords\":[\"Hamburg Towers\",\"Interview\",\"Kooperation\",\"Partnerschaft\",\"Vereinsbus\"],\"articleSection\":[\"Interview\",\"Kooperation\",\"Mobilit\u00e4t\"],\"inLanguage\":\"de\",\"potentialAction\":[{\"@type\":\"CommentAction\",\"name\":\"Comment\",\"target\":[\"https:\/\/www.hansemondial.de\/blog\/im-interview-carina-oesting-teammanagerin-der-hamburg-towers\/#respond\"]}]},{\"@type\":\"WebPage\",\"@id\":\"https:\/\/www.hansemondial.de\/blog\/im-interview-carina-oesting-teammanagerin-der-hamburg-towers\/\",\"url\":\"https:\/\/www.hansemondial.de\/blog\/im-interview-carina-oesting-teammanagerin-der-hamburg-towers\/\",\"name\":\"Im Interview: Carina Oesting, Teammanagerin der Hamburg Towers - Hanse Mondial Blog\",\"isPartOf\":{\"@id\":\"https:\/\/www.hansemondial.de\/blog\/#website\"},\"primaryImageOfPage\":{\"@id\":\"https:\/\/www.hansemondial.de\/blog\/im-interview-carina-oesting-teammanagerin-der-hamburg-towers\/#primaryimage\"},\"image\":{\"@id\":\"https:\/\/www.hansemondial.de\/blog\/im-interview-carina-oesting-teammanagerin-der-hamburg-towers\/#primaryimage\"},\"thumbnailUrl\":\"https:\/\/www.hansemondial.de\/blog\/wp-content\/uploads\/2021\/05\/Design-ohne-Titel-2.png\",\"datePublished\":\"2021-05-25T06:52:44+00:00\",\"dateModified\":\"2021-05-27T07:31:17+00:00\",\"breadcrumb\":{\"@id\":\"https:\/\/www.hansemondial.de\/blog\/im-interview-carina-oesting-teammanagerin-der-hamburg-towers\/#breadcrumb\"},\"inLanguage\":\"de\",\"potentialAction\":[{\"@type\":\"ReadAction\",\"target\":[\"https:\/\/www.hansemondial.de\/blog\/im-interview-carina-oesting-teammanagerin-der-hamburg-towers\/\"]}]},{\"@type\":\"ImageObject\",\"inLanguage\":\"de\",\"@id\":\"https:\/\/www.hansemondial.de\/blog\/im-interview-carina-oesting-teammanagerin-der-hamburg-towers\/#primaryimage\",\"url\":\"https:\/\/www.hansemondial.de\/blog\/wp-content\/uploads\/2021\/05\/Design-ohne-Titel-2.png\",\"contentUrl\":\"https:\/\/www.hansemondial.de\/blog\/wp-content\/uploads\/2021\/05\/Design-ohne-Titel-2.png\",\"width\":720,\"height\":471},{\"@type\":\"BreadcrumbList\",\"@id\":\"https:\/\/www.hansemondial.de\/blog\/im-interview-carina-oesting-teammanagerin-der-hamburg-towers\/#breadcrumb\",\"itemListElement\":[{\"@type\":\"ListItem\",\"position\":1,\"name\":\"Startseite\",\"item\":\"https:\/\/www.hansemondial.de\/blog\/\"},{\"@type\":\"ListItem\",\"position\":2,\"name\":\"Im Interview: Carina Oesting, Teammanagerin der Hamburg Towers\"}]},{\"@type\":\"WebSite\",\"@id\":\"https:\/\/www.hansemondial.de\/blog\/#website\",\"url\":\"https:\/\/www.hansemondial.de\/blog\/\",\"name\":\"Hanse Mondial Blog\",\"description\":\"Der Buslogistik Blog\",\"publisher\":{\"@id\":\"https:\/\/www.hansemondial.de\/blog\/#organization\"},\"potentialAction\":[{\"@type\":\"SearchAction\",\"target\":{\"@type\":\"EntryPoint\",\"urlTemplate\":\"https:\/\/www.hansemondial.de\/blog\/?s={search_term_string}\"},\"query-input\":{\"@type\":\"PropertyValueSpecification\",\"valueRequired\":true,\"valueName\":\"search_term_string\"}}],\"inLanguage\":\"de\"},{\"@type\":\"Organization\",\"@id\":\"https:\/\/www.hansemondial.de\/blog\/#organization\",\"name\":\"Hanse Mondial GmbH\",\"url\":\"https:\/\/www.hansemondial.de\/blog\/\",\"logo\":{\"@type\":\"ImageObject\",\"inLanguage\":\"de\",\"@id\":\"https:\/\/www.hansemondial.de\/blog\/#\/schema\/logo\/image\/\",\"url\":\"https:\/\/www.hansemondial.de\/blog\/wp-content\/uploads\/2023\/06\/MicrosoftTeams-image-5.png\",\"contentUrl\":\"https:\/\/www.hansemondial.de\/blog\/wp-content\/uploads\/2023\/06\/MicrosoftTeams-image-5.png\",\"width\":300,\"height\":150,\"caption\":\"Hanse Mondial GmbH\"},\"image\":{\"@id\":\"https:\/\/www.hansemondial.de\/blog\/#\/schema\/logo\/image\/\"},\"sameAs\":[\"https:\/\/www.facebook.com\/HanseMondial\/\",\"https:\/\/www.instagram.com\/hansemondial_buslogistik\/\",\"https:\/\/sv.linkedin.com\/company\/hanse-mondial-gmbh\",\"https:\/\/www.youtube.com\/channel\/UCsvt7IF3WGv6rWNXykzugHA\"]},{\"@type\":\"Person\",\"@id\":\"https:\/\/www.hansemondial.de\/blog\/#\/schema\/person\/d8bfbb02246adfe2a289d6bf40ead0e3\",\"name\":\"Tim Derix\",\"image\":{\"@type\":\"ImageObject\",\"inLanguage\":\"de\",\"@id\":\"https:\/\/www.hansemondial.de\/blog\/#\/schema\/person\/image\/\",\"url\":\"https:\/\/secure.gravatar.com\/avatar\/ffcef1b65ae567f54b83e4e40171ae5cc4d36dad47078c89fe88308a4425b688?s=96&d=mm&r=g\",\"contentUrl\":\"https:\/\/secure.gravatar.com\/avatar\/ffcef1b65ae567f54b83e4e40171ae5cc4d36dad47078c89fe88308a4425b688?s=96&d=mm&r=g\",\"caption\":\"Tim Derix\"},\"url\":\"https:\/\/www.hansemondial.de\/blog\/author\/tderix\/\"}]}<\/script>\n<!-- \/ Yoast SEO plugin. -->","yoast_head_json":{"title":"Im Interview: Carina Oesting, Teammanagerin der Hamburg Towers - Hanse Mondial Blog","robots":{"index":"index","follow":"follow","max-snippet":"max-snippet:-1","max-image-preview":"max-image-preview:large","max-video-preview":"max-video-preview:-1"},"canonical":"https:\/\/www.hansemondial.de\/blog\/im-interview-carina-oesting-teammanagerin-der-hamburg-towers\/","og_locale":"de_DE","og_type":"article","og_title":"Im Interview: Carina Oesting, Teammanagerin der Hamburg Towers - Hanse Mondial Blog","og_description":"Im heutigen Blogbeitrag wird es sportlich, denn Carina Oesting, die Teammanagerin der Hamburger Basketballmannschaft Hamburg Towers, hat uns ein paar Fragen beantwortet. Seit der Saison 20\/21 bringen wir die Mannschaft im gebrandeten Mannschaftsbus sicher zu [&hellip;]","og_url":"https:\/\/www.hansemondial.de\/blog\/im-interview-carina-oesting-teammanagerin-der-hamburg-towers\/","og_site_name":"Hanse Mondial Blog","article_publisher":"https:\/\/www.facebook.com\/HanseMondial\/","article_published_time":"2021-05-25T06:52:44+00:00","article_modified_time":"2021-05-27T07:31:17+00:00","og_image":[{"width":720,"height":471,"url":"https:\/\/www.hansemondial.de\/blog\/wp-content\/uploads\/2021\/05\/Design-ohne-Titel-2.png","type":"image\/png"}],"author":"Tim Derix","twitter_card":"summary_large_image","twitter_misc":{"Verfasst von":"Tim Derix","Gesch\u00e4tzte Lesezeit":"3\u00a0Minuten"},"schema":{"@context":"https:\/\/schema.org","@graph":[{"@type":"Article","@id":"https:\/\/www.hansemondial.de\/blog\/im-interview-carina-oesting-teammanagerin-der-hamburg-towers\/#article","isPartOf":{"@id":"https:\/\/www.hansemondial.de\/blog\/im-interview-carina-oesting-teammanagerin-der-hamburg-towers\/"},"author":{"name":"Tim Derix","@id":"https:\/\/www.hansemondial.de\/blog\/#\/schema\/person\/d8bfbb02246adfe2a289d6bf40ead0e3"},"headline":"Im Interview: Carina Oesting, Teammanagerin der Hamburg Towers","datePublished":"2021-05-25T06:52:44+00:00","dateModified":"2021-05-27T07:31:17+00:00","mainEntityOfPage":{"@id":"https:\/\/www.hansemondial.de\/blog\/im-interview-carina-oesting-teammanagerin-der-hamburg-towers\/"},"wordCount":612,"commentCount":0,"publisher":{"@id":"https:\/\/www.hansemondial.de\/blog\/#organization"},"image":{"@id":"https:\/\/www.hansemondial.de\/blog\/im-interview-carina-oesting-teammanagerin-der-hamburg-towers\/#primaryimage"},"thumbnailUrl":"https:\/\/www.hansemondial.de\/blog\/wp-content\/uploads\/2021\/05\/Design-ohne-Titel-2.png","keywords":["Hamburg Towers","Interview","Kooperation","Partnerschaft","Vereinsbus"],"articleSection":["Interview","Kooperation","Mobilit\u00e4t"],"inLanguage":"de","potentialAction":[{"@type":"CommentAction","name":"Comment","target":["https:\/\/www.hansemondial.de\/blog\/im-interview-carina-oesting-teammanagerin-der-hamburg-towers\/#respond"]}]},{"@type":"WebPage","@id":"https:\/\/www.hansemondial.de\/blog\/im-interview-carina-oesting-teammanagerin-der-hamburg-towers\/","url":"https:\/\/www.hansemondial.de\/blog\/im-interview-carina-oesting-teammanagerin-der-hamburg-towers\/","name":"Im Interview: Carina Oesting, Teammanagerin der Hamburg Towers - Hanse Mondial Blog","isPartOf":{"@id":"https:\/\/www.hansemondial.de\/blog\/#website"},"primaryImageOfPage":{"@id":"https:\/\/www.hansemondial.de\/blog\/im-interview-carina-oesting-teammanagerin-der-hamburg-towers\/#primaryimage"},"image":{"@id":"https:\/\/www.hansemondial.de\/blog\/im-interview-carina-oesting-teammanagerin-der-hamburg-towers\/#primaryimage"},"thumbnailUrl":"https:\/\/www.hansemondial.de\/blog\/wp-content\/uploads\/2021\/05\/Design-ohne-Titel-2.png","datePublished":"2021-05-25T06:52:44+00:00","dateModified":"2021-05-27T07:31:17+00:00","breadcrumb":{"@id":"https:\/\/www.hansemondial.de\/blog\/im-interview-carina-oesting-teammanagerin-der-hamburg-towers\/#breadcrumb"},"inLanguage":"de","potentialAction":[{"@type":"ReadAction","target":["https:\/\/www.hansemondial.de\/blog\/im-interview-carina-oesting-teammanagerin-der-hamburg-towers\/"]}]},{"@type":"ImageObject","inLanguage":"de","@id":"https:\/\/www.hansemondial.de\/blog\/im-interview-carina-oesting-teammanagerin-der-hamburg-towers\/#primaryimage","url":"https:\/\/www.hansemondial.de\/blog\/wp-content\/uploads\/2021\/05\/Design-ohne-Titel-2.png","contentUrl":"https:\/\/www.hansemondial.de\/blog\/wp-content\/uploads\/2021\/05\/Design-ohne-Titel-2.png","width":720,"height":471},{"@type":"BreadcrumbList","@id":"https:\/\/www.hansemondial.de\/blog\/im-interview-carina-oesting-teammanagerin-der-hamburg-towers\/#breadcrumb","itemListElement":[{"@type":"ListItem","position":1,"name":"Startseite","item":"https:\/\/www.hansemondial.de\/blog\/"},{"@type":"ListItem","position":2,"name":"Im Interview: Carina Oesting, Teammanagerin der Hamburg Towers"}]},{"@type":"WebSite","@id":"https:\/\/www.hansemondial.de\/blog\/#website","url":"https:\/\/www.hansemondial.de\/blog\/","name":"Hanse Mondial Blog","description":"Der Buslogistik Blog","publisher":{"@id":"https:\/\/www.hansemondial.de\/blog\/#organization"},"potentialAction":[{"@type":"SearchAction","target":{"@type":"EntryPoint","urlTemplate":"https:\/\/www.hansemondial.de\/blog\/?s={search_term_string}"},"query-input":{"@type":"PropertyValueSpecification","valueRequired":true,"valueName":"search_term_string"}}],"inLanguage":"de"},{"@type":"Organization","@id":"https:\/\/www.hansemondial.de\/blog\/#organization","name":"Hanse Mondial GmbH","url":"https:\/\/www.hansemondial.de\/blog\/","logo":{"@type":"ImageObject","inLanguage":"de","@id":"https:\/\/www.hansemondial.de\/blog\/#\/schema\/logo\/image\/","url":"https:\/\/www.hansemondial.de\/blog\/wp-content\/uploads\/2023\/06\/MicrosoftTeams-image-5.png","contentUrl":"https:\/\/www.hansemondial.de\/blog\/wp-content\/uploads\/2023\/06\/MicrosoftTeams-image-5.png","width":300,"height":150,"caption":"Hanse Mondial GmbH"},"image":{"@id":"https:\/\/www.hansemondial.de\/blog\/#\/schema\/logo\/image\/"},"sameAs":["https:\/\/www.facebook.com\/HanseMondial\/","https:\/\/www.instagram.com\/hansemondial_buslogistik\/","https:\/\/sv.linkedin.com\/company\/hanse-mondial-gmbh","https:\/\/www.youtube.com\/channel\/UCsvt7IF3WGv6rWNXykzugHA"]},{"@type":"Person","@id":"https:\/\/www.hansemondial.de\/blog\/#\/schema\/person\/d8bfbb02246adfe2a289d6bf40ead0e3","name":"Tim Derix","image":{"@type":"ImageObject","inLanguage":"de","@id":"https:\/\/www.hansemondial.de\/blog\/#\/schema\/person\/image\/","url":"https:\/\/secure.gravatar.com\/avatar\/ffcef1b65ae567f54b83e4e40171ae5cc4d36dad47078c89fe88308a4425b688?s=96&d=mm&r=g","contentUrl":"https:\/\/secure.gravatar.com\/avatar\/ffcef1b65ae567f54b83e4e40171ae5cc4d36dad47078c89fe88308a4425b688?s=96&d=mm&r=g","caption":"Tim Derix"},"url":"https:\/\/www.hansemondial.de\/blog\/author\/tderix\/"}]}},"_links":{"self":[{"href":"https:\/\/www.hansemondial.de\/blog\/wp-json\/wp\/v2\/posts\/1321","targetHints":{"allow":["GET"]}}],"collection":[{"href":"https:\/\/www.hansemondial.de\/blog\/wp-json\/wp\/v2\/posts"}],"about":[{"href":"https:\/\/www.hansemondial.de\/blog\/wp-json\/wp\/v2\/types\/post"}],"author":[{"embeddable":true,"href":"https:\/\/www.hansemondial.de\/blog\/wp-json\/wp\/v2\/users\/2"}],"replies":[{"embeddable":true,"href":"https:\/\/www.hansemondial.de\/blog\/wp-json\/wp\/v2\/comments?post=1321"}],"version-history":[{"count":7,"href":"https:\/\/www.hansemondial.de\/blog\/wp-json\/wp\/v2\/posts\/1321\/revisions"}],"predecessor-version":[{"id":1331,"href":"https:\/\/www.hansemondial.de\/blog\/wp-json\/wp\/v2\/posts\/1321\/revisions\/1331"}],"wp:featuredmedia":[{"embeddable":true,"href":"https:\/\/www.hansemondial.de\/blog\/wp-json\/wp\/v2\/media\/1323"}],"wp:attachment":[{"href":"https:\/\/www.hansemondial.de\/blog\/wp-json\/wp\/v2\/media?parent=1321"}],"wp:term":[{"taxonomy":"category","embeddable":true,"href":"https:\/\/www.hansemondial.de\/blog\/wp-json\/wp\/v2\/categories?post=1321"},{"taxonomy":"post_tag","embeddable":true,"href":"https:\/\/www.hansemondial.de\/blog\/wp-json\/wp\/v2\/tags?post=1321"}],"curies":[{"name":"wp","href":"https:\/\/api.w.org\/{rel}","templated":true}]}}