{"id":1254,"date":"2020-12-22T12:41:04","date_gmt":"2020-12-22T11:41:04","guid":{"rendered":"https:\/\/www.hansemondial.de\/blog\/?p=1254"},"modified":"2020-12-22T12:41:06","modified_gmt":"2020-12-22T11:41:06","slug":"im-interview-busunternehmer-markus-reimann","status":"publish","type":"post","link":"https:\/\/www.hansemondial.de\/blog\/im-interview-busunternehmer-markus-reimann\/","title":{"rendered":"Im Interview: Busunternehmer Markus Reimann"},"content":{"rendered":"\n<p>Markus Reimann ist schon lange Mitglied unseres <a href=\"https:\/\/www.hansemondial.de\/de\/netzwerk\/\" target=\"_blank\" rel=\"noreferrer noopener\">Netzwerks<\/a> und Hanse Mondial blickt bereits auf eine erfolgreiche Zusammenarbeit mit ihm zur\u00fcck.<br><a href=\"https:\/\/reimann.reisen\" target=\"_blank\" rel=\"noreferrer noopener\">Reimann Reisen<\/a> ist ein Familienbetrieb, der bereits in zweiter Generation gef\u00fchrt und durch die dritte Generation mitgestaltet wird. \u00dcber die Jahrzehnte konnte sich das Busunternehmen verschiedene Standbeine aufbauen und z\u00e4hlt aktuell 18 Fahrzeuge zur eigenen Flotte. <br>In dem Interview erz\u00e4hlt Markus nicht nur wie er die aktuelle Lage als Busunternehmer erlebt, sondern auch wie er die Zukunft der Busbranche einsch\u00e4tzt. <br>Wir w\u00fcnschen euch viel Spa\u00df beim Lesen!<\/p>\n\n\n\n<h3 class=\"wp-block-heading\"><strong>Die Reisebranche\u00a0ist\u00a0von der Corona-Krise besonders hart betroffen. Wie\u00a0hast du\u00a0die letzten Monate und Wochen erlebt?\u00a0<\/strong><\/h3>\n\n\n\n<p><strong>Markus Reimann:<\/strong> Wir haben die Coronakrise im M\u00e4rz dieses Jahrs mit voller Wucht erlebt, wie viele andere Unternehmer auch. Unsere Auftragsb\u00fccher waren zu diesem Zeitpunkt bereits zu mehr als 80 % des Jahres gef\u00fcllt, davon wurden nahezu alle Reise storniert. Wir mussten schnell eine L\u00f6sung finden, wie wir uns in dieser Zeit aufstellen, was uns die eine oder andere kluge Entscheidung hat treffen lassen. Nach wie vor beobachten wir die m\u00f6glichen bevorstehenden Entwicklungen in unserem Land, damit wir jederzeit unsere passenden Nischen finden.<\/p>\n\n\n\n<h3 class=\"wp-block-heading\"><strong>Glaubst du, dass\u00a0sich\u00a0die Art zu\u00a0Reisen\u00a0durch die aktuelle Zeit\u00a0ver\u00e4ndern wird?\u00a0<\/strong><\/h3>\n\n\n\n<p><strong>Markus Reimann: <\/strong>Die Art zu Reisen wird sich deutlich \u00e4ndern. Die \u00dcberschrift der kommenden Jahre wird lauten \u201eDeutschland, Du sch\u00f6ne Heimat, zeig her was Du zu bieten hast!\u201c.<br>Wir sind uns sehr sicher, dass unsere Kunden zuerst einmal die Inlandsreisen buchen werden, was wir absolut verstehen k\u00f6nnen.<br>Das Vertrauen in die Umsetzung unserer Hygienekonzepte findet bei unseren Kunden einen gro\u00dfen Anklang, jedoch ist das Vertrauen in ausl\u00e4ndische Strukturen ein wenig skeptischer. Zudem wir es eine neue Mentalit\u00e4t geben, \u201eWeniger ist Mehr\u201c.<br>Nach einem Jahr des \u201eLockdowns\u201c werden die G\u00e4ste nicht mehr ganz so gro\u00dfe Erwartungen an jeden Ausflug stellen, da man einfach froh sein wird, \u201eendlich\u201c mal wieder vor die T\u00fcr zu kommen. Beispielsweise die Fahrt durch die wundersch\u00f6ne Natur unseres Sauerlandes wird aktuell schon von einigen Kunden angefragt, jedoch g\u00e4nzlich ohne Ausstieg und Aufenthalte! Solche Anfragen hat es vorher nicht gegeben. Es wird eine unfassbar spannende Zeit, der wir uns mit voller Energie stellen wollen.<\/p>\n\n\n\n<h3 class=\"wp-block-heading\"><strong>Welche neuen Ideen und Ans\u00e4tze verfolgst du momentan?<\/strong><\/h3>\n\n\n\n<p><strong>Markus Reimann: <\/strong>Wir wollen uns noch breiter aufstellen als wir es ohnehin schon waren. Hier sind den Ideen keinerlei Grenzen aufgezeigt.<\/p>\n\n\n\n<h3 class=\"wp-block-heading\"><strong>Hat die Corona-Krise auch positive Effekte f\u00fcr die Busbranche?<\/strong><\/h3>\n\n\n\n<p><strong>Markus Reimann: <\/strong>Einer der wenigen tats\u00e4chlich positiven Effekte ist sicherlich, dass wir merken wie sehr unseren Kunden die Busreisen fehlen. Es war immer selbstverst\u00e4ndlich seinen Urlaub zu planen, wann man wollte und das wurde unseren Kunden genommen.<br>Viele unserer Kunden wollen unbedingt wieder gro\u00dfartige Momente mit uns erleben, die schlie\u00dflich sch\u00f6nste Zeit des Jahres!<\/p>\n\n\n\n<h3 class=\"wp-block-heading\"><strong>Wie sieht f\u00fcr dich die\u00a0Busbranche in zehn Jahren aus?<\/strong><\/h3>\n\n\n\n<p><strong>Markus Reimann:<\/strong> Die Branche wird sich sehr stark ver\u00e4ndern. Viele Unternehmen werden den Kampf gegen Corona leider verlieren, wenige dagegen wachsen. In Summe wird der Markt an Fahrzeugen so merkbar schrumpfen, dass wir stark davon ausgehen, dass der Bedarf in den kommenden Jahren nicht einmal mehr gedeckt werden kann.<br>Die Preisstrukturen werden sich dem anpassen und die Nachfrage bestimmt das Angebot. Ich denke wir werden noch mindestens drei Jahre mit den Auswirkungen von Corona auseinandersetzen m\u00fcssen, ehe wir in der neuen Normalit\u00e4t angekommen sind.\u00a0<br>Wir freuen uns auf diesen spannenden Weg und sehen trotz der angespannten Lage positiv in die Zukunft!<\/p>\n\n\n\n<p>Lieber Markus, wir danken dir herzlich f\u00fcr deine Zeit f\u00fcr das Interview und freuen und bereits auf weitere, spannende Projekte mit dir! <\/p>\n","protected":false},"excerpt":{"rendered":"<p>Markus Reimann ist schon lange Mitglied unseres Netzwerks und Hanse Mondial blickt bereits auf eine erfolgreiche Zusammenarbeit mit ihm zur\u00fcck.Reimann Reisen ist ein Familienbetrieb, der bereits in zweiter Generation gef\u00fchrt und durch die dritte Generation [&hellip;]<\/p>\n","protected":false},"author":2,"featured_media":1255,"comment_status":"open","ping_status":"open","sticky":false,"template":"","format":"standard","meta":{"footnotes":""},"categories":[107,123,1],"tags":[64,94,93,77,142],"class_list":["post-1254","post","type-post","status-publish","format-standard","has-post-thumbnail","hentry","category-interview","category-mobilitaet","category-allgemein","tag-busbranche","tag-busunternehmen","tag-busunternehmer","tag-interview","tag-netzwerk"],"yoast_head":"<!-- This site is optimized with the Yoast SEO plugin v25.9 - https:\/\/yoast.com\/wordpress\/plugins\/seo\/ -->\n<title>Im Interview: Busunternehmer Markus Reimann - Hanse Mondial Blog<\/title>\n<meta name=\"robots\" content=\"index, follow, max-snippet:-1, max-image-preview:large, max-video-preview:-1\" \/>\n<link rel=\"canonical\" href=\"https:\/\/www.hansemondial.de\/blog\/im-interview-busunternehmer-markus-reimann\/\" \/>\n<meta property=\"og:locale\" content=\"de_DE\" \/>\n<meta property=\"og:type\" content=\"article\" \/>\n<meta property=\"og:title\" content=\"Im Interview: Busunternehmer Markus Reimann - Hanse Mondial Blog\" \/>\n<meta property=\"og:description\" content=\"Markus Reimann ist schon lange Mitglied unseres Netzwerks und Hanse Mondial blickt bereits auf eine erfolgreiche Zusammenarbeit mit ihm zur\u00fcck.Reimann Reisen ist ein Familienbetrieb, der bereits in zweiter Generation gef\u00fchrt und durch die dritte Generation [&hellip;]\" \/>\n<meta property=\"og:url\" content=\"https:\/\/www.hansemondial.de\/blog\/im-interview-busunternehmer-markus-reimann\/\" \/>\n<meta property=\"og:site_name\" content=\"Hanse Mondial Blog\" \/>\n<meta property=\"article:publisher\" content=\"https:\/\/www.facebook.com\/HanseMondial\/\" \/>\n<meta property=\"article:published_time\" content=\"2020-12-22T11:41:04+00:00\" \/>\n<meta property=\"article:modified_time\" content=\"2020-12-22T11:41:06+00:00\" \/>\n<meta property=\"og:image\" content=\"https:\/\/www.hansemondial.de\/blog\/wp-content\/uploads\/2020\/12\/001-MarkusR-Kopie-scaled.jpg\" \/>\n\t<meta property=\"og:image:width\" content=\"2560\" \/>\n\t<meta property=\"og:image:height\" content=\"1707\" \/>\n\t<meta property=\"og:image:type\" content=\"image\/jpeg\" \/>\n<meta name=\"author\" content=\"Tim Derix\" \/>\n<meta name=\"twitter:card\" content=\"summary_large_image\" \/>\n<meta name=\"twitter:label1\" content=\"Verfasst von\" \/>\n\t<meta name=\"twitter:data1\" content=\"Tim Derix\" \/>\n\t<meta name=\"twitter:label2\" content=\"Gesch\u00e4tzte Lesezeit\" \/>\n\t<meta name=\"twitter:data2\" content=\"3\u00a0Minuten\" \/>\n<script type=\"application\/ld+json\" class=\"yoast-schema-graph\">{\"@context\":\"https:\/\/schema.org\",\"@graph\":[{\"@type\":\"Article\",\"@id\":\"https:\/\/www.hansemondial.de\/blog\/im-interview-busunternehmer-markus-reimann\/#article\",\"isPartOf\":{\"@id\":\"https:\/\/www.hansemondial.de\/blog\/im-interview-busunternehmer-markus-reimann\/\"},\"author\":{\"name\":\"Tim Derix\",\"@id\":\"https:\/\/www.hansemondial.de\/blog\/#\/schema\/person\/d8bfbb02246adfe2a289d6bf40ead0e3\"},\"headline\":\"Im Interview: Busunternehmer Markus Reimann\",\"datePublished\":\"2020-12-22T11:41:04+00:00\",\"dateModified\":\"2020-12-22T11:41:06+00:00\",\"mainEntityOfPage\":{\"@id\":\"https:\/\/www.hansemondial.de\/blog\/im-interview-busunternehmer-markus-reimann\/\"},\"wordCount\":620,\"commentCount\":0,\"publisher\":{\"@id\":\"https:\/\/www.hansemondial.de\/blog\/#organization\"},\"image\":{\"@id\":\"https:\/\/www.hansemondial.de\/blog\/im-interview-busunternehmer-markus-reimann\/#primaryimage\"},\"thumbnailUrl\":\"https:\/\/www.hansemondial.de\/blog\/wp-content\/uploads\/2020\/12\/001-MarkusR-Kopie-scaled.jpg\",\"keywords\":[\"Busbranche\",\"Busunternehmen\",\"Busunternehmer\",\"Interview\",\"Netzwerk\"],\"articleSection\":[\"Interview\",\"Mobilit\u00e4t\",\"Rund um den Bus\"],\"inLanguage\":\"de\",\"potentialAction\":[{\"@type\":\"CommentAction\",\"name\":\"Comment\",\"target\":[\"https:\/\/www.hansemondial.de\/blog\/im-interview-busunternehmer-markus-reimann\/#respond\"]}]},{\"@type\":\"WebPage\",\"@id\":\"https:\/\/www.hansemondial.de\/blog\/im-interview-busunternehmer-markus-reimann\/\",\"url\":\"https:\/\/www.hansemondial.de\/blog\/im-interview-busunternehmer-markus-reimann\/\",\"name\":\"Im Interview: Busunternehmer Markus Reimann - Hanse Mondial Blog\",\"isPartOf\":{\"@id\":\"https:\/\/www.hansemondial.de\/blog\/#website\"},\"primaryImageOfPage\":{\"@id\":\"https:\/\/www.hansemondial.de\/blog\/im-interview-busunternehmer-markus-reimann\/#primaryimage\"},\"image\":{\"@id\":\"https:\/\/www.hansemondial.de\/blog\/im-interview-busunternehmer-markus-reimann\/#primaryimage\"},\"thumbnailUrl\":\"https:\/\/www.hansemondial.de\/blog\/wp-content\/uploads\/2020\/12\/001-MarkusR-Kopie-scaled.jpg\",\"datePublished\":\"2020-12-22T11:41:04+00:00\",\"dateModified\":\"2020-12-22T11:41:06+00:00\",\"breadcrumb\":{\"@id\":\"https:\/\/www.hansemondial.de\/blog\/im-interview-busunternehmer-markus-reimann\/#breadcrumb\"},\"inLanguage\":\"de\",\"potentialAction\":[{\"@type\":\"ReadAction\",\"target\":[\"https:\/\/www.hansemondial.de\/blog\/im-interview-busunternehmer-markus-reimann\/\"]}]},{\"@type\":\"ImageObject\",\"inLanguage\":\"de\",\"@id\":\"https:\/\/www.hansemondial.de\/blog\/im-interview-busunternehmer-markus-reimann\/#primaryimage\",\"url\":\"https:\/\/www.hansemondial.de\/blog\/wp-content\/uploads\/2020\/12\/001-MarkusR-Kopie-scaled.jpg\",\"contentUrl\":\"https:\/\/www.hansemondial.de\/blog\/wp-content\/uploads\/2020\/12\/001-MarkusR-Kopie-scaled.jpg\",\"width\":2560,\"height\":1707},{\"@type\":\"BreadcrumbList\",\"@id\":\"https:\/\/www.hansemondial.de\/blog\/im-interview-busunternehmer-markus-reimann\/#breadcrumb\",\"itemListElement\":[{\"@type\":\"ListItem\",\"position\":1,\"name\":\"Startseite\",\"item\":\"https:\/\/www.hansemondial.de\/blog\/\"},{\"@type\":\"ListItem\",\"position\":2,\"name\":\"Im Interview: Busunternehmer Markus Reimann\"}]},{\"@type\":\"WebSite\",\"@id\":\"https:\/\/www.hansemondial.de\/blog\/#website\",\"url\":\"https:\/\/www.hansemondial.de\/blog\/\",\"name\":\"Hanse Mondial Blog\",\"description\":\"Der Buslogistik Blog\",\"publisher\":{\"@id\":\"https:\/\/www.hansemondial.de\/blog\/#organization\"},\"potentialAction\":[{\"@type\":\"SearchAction\",\"target\":{\"@type\":\"EntryPoint\",\"urlTemplate\":\"https:\/\/www.hansemondial.de\/blog\/?s={search_term_string}\"},\"query-input\":{\"@type\":\"PropertyValueSpecification\",\"valueRequired\":true,\"valueName\":\"search_term_string\"}}],\"inLanguage\":\"de\"},{\"@type\":\"Organization\",\"@id\":\"https:\/\/www.hansemondial.de\/blog\/#organization\",\"name\":\"Hanse Mondial GmbH\",\"url\":\"https:\/\/www.hansemondial.de\/blog\/\",\"logo\":{\"@type\":\"ImageObject\",\"inLanguage\":\"de\",\"@id\":\"https:\/\/www.hansemondial.de\/blog\/#\/schema\/logo\/image\/\",\"url\":\"https:\/\/www.hansemondial.de\/blog\/wp-content\/uploads\/2023\/06\/MicrosoftTeams-image-5.png\",\"contentUrl\":\"https:\/\/www.hansemondial.de\/blog\/wp-content\/uploads\/2023\/06\/MicrosoftTeams-image-5.png\",\"width\":300,\"height\":150,\"caption\":\"Hanse Mondial GmbH\"},\"image\":{\"@id\":\"https:\/\/www.hansemondial.de\/blog\/#\/schema\/logo\/image\/\"},\"sameAs\":[\"https:\/\/www.facebook.com\/HanseMondial\/\",\"https:\/\/www.instagram.com\/hansemondial_buslogistik\/\",\"https:\/\/sv.linkedin.com\/company\/hanse-mondial-gmbh\",\"https:\/\/www.youtube.com\/channel\/UCsvt7IF3WGv6rWNXykzugHA\"]},{\"@type\":\"Person\",\"@id\":\"https:\/\/www.hansemondial.de\/blog\/#\/schema\/person\/d8bfbb02246adfe2a289d6bf40ead0e3\",\"name\":\"Tim Derix\",\"image\":{\"@type\":\"ImageObject\",\"inLanguage\":\"de\",\"@id\":\"https:\/\/www.hansemondial.de\/blog\/#\/schema\/person\/image\/\",\"url\":\"https:\/\/secure.gravatar.com\/avatar\/ffcef1b65ae567f54b83e4e40171ae5cc4d36dad47078c89fe88308a4425b688?s=96&d=mm&r=g\",\"contentUrl\":\"https:\/\/secure.gravatar.com\/avatar\/ffcef1b65ae567f54b83e4e40171ae5cc4d36dad47078c89fe88308a4425b688?s=96&d=mm&r=g\",\"caption\":\"Tim Derix\"},\"url\":\"https:\/\/www.hansemondial.de\/blog\/author\/tderix\/\"}]}<\/script>\n<!-- \/ Yoast SEO plugin. -->","yoast_head_json":{"title":"Im Interview: Busunternehmer Markus Reimann - Hanse Mondial Blog","robots":{"index":"index","follow":"follow","max-snippet":"max-snippet:-1","max-image-preview":"max-image-preview:large","max-video-preview":"max-video-preview:-1"},"canonical":"https:\/\/www.hansemondial.de\/blog\/im-interview-busunternehmer-markus-reimann\/","og_locale":"de_DE","og_type":"article","og_title":"Im Interview: Busunternehmer Markus Reimann - Hanse Mondial Blog","og_description":"Markus Reimann ist schon lange Mitglied unseres Netzwerks und Hanse Mondial blickt bereits auf eine erfolgreiche Zusammenarbeit mit ihm zur\u00fcck.Reimann Reisen ist ein Familienbetrieb, der bereits in zweiter Generation gef\u00fchrt und durch die dritte Generation [&hellip;]","og_url":"https:\/\/www.hansemondial.de\/blog\/im-interview-busunternehmer-markus-reimann\/","og_site_name":"Hanse Mondial Blog","article_publisher":"https:\/\/www.facebook.com\/HanseMondial\/","article_published_time":"2020-12-22T11:41:04+00:00","article_modified_time":"2020-12-22T11:41:06+00:00","og_image":[{"width":2560,"height":1707,"url":"https:\/\/www.hansemondial.de\/blog\/wp-content\/uploads\/2020\/12\/001-MarkusR-Kopie-scaled.jpg","type":"image\/jpeg"}],"author":"Tim Derix","twitter_card":"summary_large_image","twitter_misc":{"Verfasst von":"Tim Derix","Gesch\u00e4tzte Lesezeit":"3\u00a0Minuten"},"schema":{"@context":"https:\/\/schema.org","@graph":[{"@type":"Article","@id":"https:\/\/www.hansemondial.de\/blog\/im-interview-busunternehmer-markus-reimann\/#article","isPartOf":{"@id":"https:\/\/www.hansemondial.de\/blog\/im-interview-busunternehmer-markus-reimann\/"},"author":{"name":"Tim Derix","@id":"https:\/\/www.hansemondial.de\/blog\/#\/schema\/person\/d8bfbb02246adfe2a289d6bf40ead0e3"},"headline":"Im Interview: Busunternehmer Markus Reimann","datePublished":"2020-12-22T11:41:04+00:00","dateModified":"2020-12-22T11:41:06+00:00","mainEntityOfPage":{"@id":"https:\/\/www.hansemondial.de\/blog\/im-interview-busunternehmer-markus-reimann\/"},"wordCount":620,"commentCount":0,"publisher":{"@id":"https:\/\/www.hansemondial.de\/blog\/#organization"},"image":{"@id":"https:\/\/www.hansemondial.de\/blog\/im-interview-busunternehmer-markus-reimann\/#primaryimage"},"thumbnailUrl":"https:\/\/www.hansemondial.de\/blog\/wp-content\/uploads\/2020\/12\/001-MarkusR-Kopie-scaled.jpg","keywords":["Busbranche","Busunternehmen","Busunternehmer","Interview","Netzwerk"],"articleSection":["Interview","Mobilit\u00e4t","Rund um den Bus"],"inLanguage":"de","potentialAction":[{"@type":"CommentAction","name":"Comment","target":["https:\/\/www.hansemondial.de\/blog\/im-interview-busunternehmer-markus-reimann\/#respond"]}]},{"@type":"WebPage","@id":"https:\/\/www.hansemondial.de\/blog\/im-interview-busunternehmer-markus-reimann\/","url":"https:\/\/www.hansemondial.de\/blog\/im-interview-busunternehmer-markus-reimann\/","name":"Im Interview: Busunternehmer Markus Reimann - Hanse Mondial Blog","isPartOf":{"@id":"https:\/\/www.hansemondial.de\/blog\/#website"},"primaryImageOfPage":{"@id":"https:\/\/www.hansemondial.de\/blog\/im-interview-busunternehmer-markus-reimann\/#primaryimage"},"image":{"@id":"https:\/\/www.hansemondial.de\/blog\/im-interview-busunternehmer-markus-reimann\/#primaryimage"},"thumbnailUrl":"https:\/\/www.hansemondial.de\/blog\/wp-content\/uploads\/2020\/12\/001-MarkusR-Kopie-scaled.jpg","datePublished":"2020-12-22T11:41:04+00:00","dateModified":"2020-12-22T11:41:06+00:00","breadcrumb":{"@id":"https:\/\/www.hansemondial.de\/blog\/im-interview-busunternehmer-markus-reimann\/#breadcrumb"},"inLanguage":"de","potentialAction":[{"@type":"ReadAction","target":["https:\/\/www.hansemondial.de\/blog\/im-interview-busunternehmer-markus-reimann\/"]}]},{"@type":"ImageObject","inLanguage":"de","@id":"https:\/\/www.hansemondial.de\/blog\/im-interview-busunternehmer-markus-reimann\/#primaryimage","url":"https:\/\/www.hansemondial.de\/blog\/wp-content\/uploads\/2020\/12\/001-MarkusR-Kopie-scaled.jpg","contentUrl":"https:\/\/www.hansemondial.de\/blog\/wp-content\/uploads\/2020\/12\/001-MarkusR-Kopie-scaled.jpg","width":2560,"height":1707},{"@type":"BreadcrumbList","@id":"https:\/\/www.hansemondial.de\/blog\/im-interview-busunternehmer-markus-reimann\/#breadcrumb","itemListElement":[{"@type":"ListItem","position":1,"name":"Startseite","item":"https:\/\/www.hansemondial.de\/blog\/"},{"@type":"ListItem","position":2,"name":"Im Interview: Busunternehmer Markus Reimann"}]},{"@type":"WebSite","@id":"https:\/\/www.hansemondial.de\/blog\/#website","url":"https:\/\/www.hansemondial.de\/blog\/","name":"Hanse Mondial Blog","description":"Der Buslogistik Blog","publisher":{"@id":"https:\/\/www.hansemondial.de\/blog\/#organization"},"potentialAction":[{"@type":"SearchAction","target":{"@type":"EntryPoint","urlTemplate":"https:\/\/www.hansemondial.de\/blog\/?s={search_term_string}"},"query-input":{"@type":"PropertyValueSpecification","valueRequired":true,"valueName":"search_term_string"}}],"inLanguage":"de"},{"@type":"Organization","@id":"https:\/\/www.hansemondial.de\/blog\/#organization","name":"Hanse Mondial GmbH","url":"https:\/\/www.hansemondial.de\/blog\/","logo":{"@type":"ImageObject","inLanguage":"de","@id":"https:\/\/www.hansemondial.de\/blog\/#\/schema\/logo\/image\/","url":"https:\/\/www.hansemondial.de\/blog\/wp-content\/uploads\/2023\/06\/MicrosoftTeams-image-5.png","contentUrl":"https:\/\/www.hansemondial.de\/blog\/wp-content\/uploads\/2023\/06\/MicrosoftTeams-image-5.png","width":300,"height":150,"caption":"Hanse Mondial GmbH"},"image":{"@id":"https:\/\/www.hansemondial.de\/blog\/#\/schema\/logo\/image\/"},"sameAs":["https:\/\/www.facebook.com\/HanseMondial\/","https:\/\/www.instagram.com\/hansemondial_buslogistik\/","https:\/\/sv.linkedin.com\/company\/hanse-mondial-gmbh","https:\/\/www.youtube.com\/channel\/UCsvt7IF3WGv6rWNXykzugHA"]},{"@type":"Person","@id":"https:\/\/www.hansemondial.de\/blog\/#\/schema\/person\/d8bfbb02246adfe2a289d6bf40ead0e3","name":"Tim Derix","image":{"@type":"ImageObject","inLanguage":"de","@id":"https:\/\/www.hansemondial.de\/blog\/#\/schema\/person\/image\/","url":"https:\/\/secure.gravatar.com\/avatar\/ffcef1b65ae567f54b83e4e40171ae5cc4d36dad47078c89fe88308a4425b688?s=96&d=mm&r=g","contentUrl":"https:\/\/secure.gravatar.com\/avatar\/ffcef1b65ae567f54b83e4e40171ae5cc4d36dad47078c89fe88308a4425b688?s=96&d=mm&r=g","caption":"Tim Derix"},"url":"https:\/\/www.hansemondial.de\/blog\/author\/tderix\/"}]}},"_links":{"self":[{"href":"https:\/\/www.hansemondial.de\/blog\/wp-json\/wp\/v2\/posts\/1254","targetHints":{"allow":["GET"]}}],"collection":[{"href":"https:\/\/www.hansemondial.de\/blog\/wp-json\/wp\/v2\/posts"}],"about":[{"href":"https:\/\/www.hansemondial.de\/blog\/wp-json\/wp\/v2\/types\/post"}],"author":[{"embeddable":true,"href":"https:\/\/www.hansemondial.de\/blog\/wp-json\/wp\/v2\/users\/2"}],"replies":[{"embeddable":true,"href":"https:\/\/www.hansemondial.de\/blog\/wp-json\/wp\/v2\/comments?post=1254"}],"version-history":[{"count":2,"href":"https:\/\/www.hansemondial.de\/blog\/wp-json\/wp\/v2\/posts\/1254\/revisions"}],"predecessor-version":[{"id":1257,"href":"https:\/\/www.hansemondial.de\/blog\/wp-json\/wp\/v2\/posts\/1254\/revisions\/1257"}],"wp:featuredmedia":[{"embeddable":true,"href":"https:\/\/www.hansemondial.de\/blog\/wp-json\/wp\/v2\/media\/1255"}],"wp:attachment":[{"href":"https:\/\/www.hansemondial.de\/blog\/wp-json\/wp\/v2\/media?parent=1254"}],"wp:term":[{"taxonomy":"category","embeddable":true,"href":"https:\/\/www.hansemondial.de\/blog\/wp-json\/wp\/v2\/categories?post=1254"},{"taxonomy":"post_tag","embeddable":true,"href":"https:\/\/www.hansemondial.de\/blog\/wp-json\/wp\/v2\/tags?post=1254"}],"curies":[{"name":"wp","href":"https:\/\/api.w.org\/{rel}","templated":true}]}}