{"id":1002,"date":"2020-08-31T11:41:52","date_gmt":"2020-08-31T09:41:52","guid":{"rendered":"https:\/\/www.hansemondial.de\/blog\/?p=1002"},"modified":"2020-09-09T13:20:40","modified_gmt":"2020-09-09T11:20:40","slug":"verreisen-am-liebsten-nachhaltig","status":"publish","type":"post","link":"https:\/\/www.hansemondial.de\/blog\/verreisen-am-liebsten-nachhaltig\/","title":{"rendered":"Verreisen? Am liebsten nachhaltig!"},"content":{"rendered":"\n<p>Schon seit mehreren Jahren spielt das globale Umweltthema im Leben der Menschen eine immer gr\u00f6\u00dfere Rolle. So steigt allgemein das Umweltbewusstsein und ein klares Umdenken innerhalb der Gesellschaft ist sp\u00fcrbar. Auch die Reisethematik wird in Bezug auf die Nachhaltigkeit immer mehr diskutiert. Jedoch gibt es vor allem in diesem Bereich M\u00f6glichkeiten, um die Welt nachhaltiger zu gestalten. So werden vor allem Busreisen immer beliebter.<\/p>\n\n\n\n<div class=\"wp-block-buttons is-layout-flex wp-block-buttons-is-layout-flex\">\n<div class=\"wp-block-button\"><a class=\"wp-block-button__link has-background no-border-radius\" href=\"https:\/\/www.hansemondial.de\/de\/bus-mieten\/\" style=\"background-color:#3e7dbe\" target=\"_blank\" rel=\"noreferrer noopener\">Hier Bus f\u00fcr deine Reise mieten<\/a><\/div>\n<\/div>\n\n\n\n<h3 class=\"wp-block-heading\">Der Reisebus im Nachhaltigkeitscheck<\/h3>\n\n\n\n<p>In den letzten Jahren ist das Angebot an Busreisen immer gr\u00f6\u00dfer geworden und macht den herk\u00f6mmlichen Reisem\u00f6glichkeiten wie Flugzeug, Bahn oder Auto m\u00e4chtig Konkurrenz. Spitzenreiter in dieser Kategorie ist jedoch immer noch das Privatauto. Dieses schadet jedoch der Umwelt erheblich mehr. Man muss nur bedenken, dass im Durchschnitt ca. 50 Leute in einem Reisebus Platz finden. W\u00fcrde jeder sein eigenes Fahrzeug benutzen, so wird um ein Vielfaches mehr CO2 ausgesto\u00dfen.<\/p>\n\n\n\n<p>Zudem bringt ein erfahrener Busfahrer die Passagiere sicher und flexibel von A nach B. So kann der Fahrgast schon w\u00e4hrend der Fahrt die Landschaft erkunden oder die Zeit anderweitig sinnvoll nutzen. Zus\u00e4tzlich bezahlt der Reisende den Preis f\u00fcr die komplette Fahrt es kommen keine versteckten Kosten (z.B. Maut) auf einen zu. So hast du im Endeffekt eine sichere Kalkulationsgrundlage, tust gleichzeitig der Umwelt was Gutes und f\u00f6rderst die Nachhaltigkeit!<\/p>\n\n\n\n<h3 class=\"wp-block-heading\">Reiseverkehrsmittel im Vergleich<\/h3>\n\n\n\n<p>Laut zahlreichen Statistiken geht hervor, dass Busfahrten und Bahnreisen auf Dauer die nachhaltigsten Reisemethoden sind. Das Flugzeug, das Schiff oder das Auto schneiden im Vergleich eher mager ab, wenn die durchschnittliche Auslastung in Bezug auf den CO2 Aussto\u00df (pro Person und Kilometer) betrachtet wird. Im Endresultat erzeugt der Reisebus auf einen Kilometer nur 32 Gramm CO2\/Person, die Bahn 36 Gramm, das Auto 139 Gramm und das Flugzeug ganze 201 Gramm! Daher geht der Punkt in Thema Nachhaltigkeit ganz klar an die Busreise. Zus\u00e4tzlich spricht f\u00fcr den Reisebus, dass die Ausstattung immer komfortabler wird und der Kunde mittlerweile ein gutes Preis-Leistungs-Verh\u00e4ltnis erh\u00e4lt. <\/p>\n\n\n\n<p>Mit dem Reisebus bist du immer flexibel unterwegs und kommst sicher an dein Ziel. Du bist in einer geschlossenen Gruppe unterwegs, was gerade in der aktuellen Zeit ein erheblicher Vorteil ist. <\/p>\n\n\n\n<figure class=\"wp-block-image size-large\"><img loading=\"lazy\" decoding=\"async\" width=\"1024\" height=\"1024\" src=\"https:\/\/www.hansemondial.de\/blog\/wp-content\/uploads\/2020\/09\/200909_Reisebus_Umweltfreundlich_neutral-1024x1024.jpg\" alt=\"\" class=\"wp-image-1035\" srcset=\"https:\/\/www.hansemondial.de\/blog\/wp-content\/uploads\/2020\/09\/200909_Reisebus_Umweltfreundlich_neutral-1024x1024.jpg 1024w, https:\/\/www.hansemondial.de\/blog\/wp-content\/uploads\/2020\/09\/200909_Reisebus_Umweltfreundlich_neutral-300x300.jpg 300w, https:\/\/www.hansemondial.de\/blog\/wp-content\/uploads\/2020\/09\/200909_Reisebus_Umweltfreundlich_neutral-150x150.jpg 150w, https:\/\/www.hansemondial.de\/blog\/wp-content\/uploads\/2020\/09\/200909_Reisebus_Umweltfreundlich_neutral-768x768.jpg 768w, https:\/\/www.hansemondial.de\/blog\/wp-content\/uploads\/2020\/09\/200909_Reisebus_Umweltfreundlich_neutral-1536x1536.jpg 1536w, https:\/\/www.hansemondial.de\/blog\/wp-content\/uploads\/2020\/09\/200909_Reisebus_Umweltfreundlich_neutral-2048x2048.jpg 2048w, https:\/\/www.hansemondial.de\/blog\/wp-content\/uploads\/2020\/09\/200909_Reisebus_Umweltfreundlich_neutral-200x200.jpg 200w, https:\/\/www.hansemondial.de\/blog\/wp-content\/uploads\/2020\/09\/200909_Reisebus_Umweltfreundlich_neutral-100x100.jpg 100w, https:\/\/www.hansemondial.de\/blog\/wp-content\/uploads\/2020\/09\/200909_Reisebus_Umweltfreundlich_neutral-1320x1320.jpg 1320w\" sizes=\"auto, (max-width: 1024px) 100vw, 1024px\" \/><\/figure>\n\n\n\n<p>Auch uns liegt die Nachhaltigkeit und eine saubere Umwelt am Herzen. Daher freuen wir uns, wenn ihr euch f\u00fcr den Reisebus entscheidet und nachhaltig reist. <br><br><strong>Schon gewusst?<\/strong><br>Am 19. September findet der World Clean Up Day statt! In Kooperation mit dem <a href=\"https:\/\/www.harburg-huus.de\" target=\"_blank\" rel=\"noreferrer noopener\">Harburg-Huus<\/a> und der <a href=\"https:\/\/www.pfotenundmeer-stiftung.de\" target=\"_blank\" rel=\"noreferrer noopener\">Pfoten&amp;Meer Stiftung<\/a> werden wir gemeinsam in Hamburg (im Bereich Elbe Camp) M\u00fcll sammeln und einen Beitrag zu einer nachhaltigeren Welt leisten. <br>Wir freuen uns drauf!<br><\/p>\n","protected":false},"excerpt":{"rendered":"<p>Schon seit mehreren Jahren spielt das globale Umweltthema im Leben der Menschen eine immer gr\u00f6\u00dfere Rolle. So steigt allgemein das Umweltbewusstsein und ein klares Umdenken innerhalb der Gesellschaft ist sp\u00fcrbar. Auch die Reisethematik wird in [&hellip;]<\/p>\n","protected":false},"author":2,"featured_media":1008,"comment_status":"open","ping_status":"open","sticky":false,"template":"","format":"standard","meta":{"footnotes":""},"categories":[96,1],"tags":[98,97,79,80,99],"class_list":["post-1002","post","type-post","status-publish","format-standard","has-post-thumbnail","hentry","category-nachhaltigkeit","category-allgemein","tag-nachhaltig","tag-nachhaltigkeit","tag-reisebus","tag-reisen","tag-verkehrsmittel"],"yoast_head":"<!-- This site is optimized with the Yoast SEO plugin v25.9 - https:\/\/yoast.com\/wordpress\/plugins\/seo\/ -->\n<title>Verreisen? Am liebsten nachhaltig! - Hanse Mondial Blog<\/title>\n<meta name=\"robots\" content=\"index, follow, max-snippet:-1, max-image-preview:large, max-video-preview:-1\" \/>\n<link rel=\"canonical\" href=\"https:\/\/www.hansemondial.de\/blog\/verreisen-am-liebsten-nachhaltig\/\" \/>\n<meta property=\"og:locale\" content=\"de_DE\" \/>\n<meta property=\"og:type\" content=\"article\" \/>\n<meta property=\"og:title\" content=\"Verreisen? Am liebsten nachhaltig! - Hanse Mondial Blog\" \/>\n<meta property=\"og:description\" content=\"Schon seit mehreren Jahren spielt das globale Umweltthema im Leben der Menschen eine immer gr\u00f6\u00dfere Rolle. So steigt allgemein das Umweltbewusstsein und ein klares Umdenken innerhalb der Gesellschaft ist sp\u00fcrbar. Auch die Reisethematik wird in [&hellip;]\" \/>\n<meta property=\"og:url\" content=\"https:\/\/www.hansemondial.de\/blog\/verreisen-am-liebsten-nachhaltig\/\" \/>\n<meta property=\"og:site_name\" content=\"Hanse Mondial Blog\" \/>\n<meta property=\"article:publisher\" content=\"https:\/\/www.facebook.com\/HanseMondial\/\" \/>\n<meta property=\"article:published_time\" content=\"2020-08-31T09:41:52+00:00\" \/>\n<meta property=\"article:modified_time\" content=\"2020-09-09T11:20:40+00:00\" \/>\n<meta property=\"og:image\" content=\"https:\/\/www.hansemondial.de\/blog\/wp-content\/uploads\/2020\/08\/nature-3294632_1920.jpg\" \/>\n\t<meta property=\"og:image:width\" content=\"1920\" \/>\n\t<meta property=\"og:image:height\" content=\"1279\" \/>\n\t<meta property=\"og:image:type\" content=\"image\/jpeg\" \/>\n<meta name=\"author\" content=\"Tim Derix\" \/>\n<meta name=\"twitter:card\" content=\"summary_large_image\" \/>\n<meta name=\"twitter:label1\" content=\"Verfasst von\" \/>\n\t<meta name=\"twitter:data1\" content=\"Tim Derix\" \/>\n\t<meta name=\"twitter:label2\" content=\"Gesch\u00e4tzte Lesezeit\" \/>\n\t<meta name=\"twitter:data2\" content=\"2\u00a0Minuten\" \/>\n<script type=\"application\/ld+json\" class=\"yoast-schema-graph\">{\"@context\":\"https:\/\/schema.org\",\"@graph\":[{\"@type\":\"Article\",\"@id\":\"https:\/\/www.hansemondial.de\/blog\/verreisen-am-liebsten-nachhaltig\/#article\",\"isPartOf\":{\"@id\":\"https:\/\/www.hansemondial.de\/blog\/verreisen-am-liebsten-nachhaltig\/\"},\"author\":{\"name\":\"Tim Derix\",\"@id\":\"https:\/\/www.hansemondial.de\/blog\/#\/schema\/person\/d8bfbb02246adfe2a289d6bf40ead0e3\"},\"headline\":\"Verreisen? Am liebsten nachhaltig!\",\"datePublished\":\"2020-08-31T09:41:52+00:00\",\"dateModified\":\"2020-09-09T11:20:40+00:00\",\"mainEntityOfPage\":{\"@id\":\"https:\/\/www.hansemondial.de\/blog\/verreisen-am-liebsten-nachhaltig\/\"},\"wordCount\":439,\"commentCount\":3,\"publisher\":{\"@id\":\"https:\/\/www.hansemondial.de\/blog\/#organization\"},\"image\":{\"@id\":\"https:\/\/www.hansemondial.de\/blog\/verreisen-am-liebsten-nachhaltig\/#primaryimage\"},\"thumbnailUrl\":\"https:\/\/www.hansemondial.de\/blog\/wp-content\/uploads\/2020\/08\/nature-3294632_1920.jpg\",\"keywords\":[\"Nachhaltig\",\"Nachhaltigkeit\",\"Reisebus\",\"Reisen\",\"Verkehrsmittel\"],\"articleSection\":[\"Nachhaltigkeit\",\"Rund um den Bus\"],\"inLanguage\":\"de\",\"potentialAction\":[{\"@type\":\"CommentAction\",\"name\":\"Comment\",\"target\":[\"https:\/\/www.hansemondial.de\/blog\/verreisen-am-liebsten-nachhaltig\/#respond\"]}]},{\"@type\":\"WebPage\",\"@id\":\"https:\/\/www.hansemondial.de\/blog\/verreisen-am-liebsten-nachhaltig\/\",\"url\":\"https:\/\/www.hansemondial.de\/blog\/verreisen-am-liebsten-nachhaltig\/\",\"name\":\"Verreisen? Am liebsten nachhaltig! - Hanse Mondial Blog\",\"isPartOf\":{\"@id\":\"https:\/\/www.hansemondial.de\/blog\/#website\"},\"primaryImageOfPage\":{\"@id\":\"https:\/\/www.hansemondial.de\/blog\/verreisen-am-liebsten-nachhaltig\/#primaryimage\"},\"image\":{\"@id\":\"https:\/\/www.hansemondial.de\/blog\/verreisen-am-liebsten-nachhaltig\/#primaryimage\"},\"thumbnailUrl\":\"https:\/\/www.hansemondial.de\/blog\/wp-content\/uploads\/2020\/08\/nature-3294632_1920.jpg\",\"datePublished\":\"2020-08-31T09:41:52+00:00\",\"dateModified\":\"2020-09-09T11:20:40+00:00\",\"breadcrumb\":{\"@id\":\"https:\/\/www.hansemondial.de\/blog\/verreisen-am-liebsten-nachhaltig\/#breadcrumb\"},\"inLanguage\":\"de\",\"potentialAction\":[{\"@type\":\"ReadAction\",\"target\":[\"https:\/\/www.hansemondial.de\/blog\/verreisen-am-liebsten-nachhaltig\/\"]}]},{\"@type\":\"ImageObject\",\"inLanguage\":\"de\",\"@id\":\"https:\/\/www.hansemondial.de\/blog\/verreisen-am-liebsten-nachhaltig\/#primaryimage\",\"url\":\"https:\/\/www.hansemondial.de\/blog\/wp-content\/uploads\/2020\/08\/nature-3294632_1920.jpg\",\"contentUrl\":\"https:\/\/www.hansemondial.de\/blog\/wp-content\/uploads\/2020\/08\/nature-3294632_1920.jpg\",\"width\":1920,\"height\":1279,\"caption\":\"Nachhaltigkeit\"},{\"@type\":\"BreadcrumbList\",\"@id\":\"https:\/\/www.hansemondial.de\/blog\/verreisen-am-liebsten-nachhaltig\/#breadcrumb\",\"itemListElement\":[{\"@type\":\"ListItem\",\"position\":1,\"name\":\"Startseite\",\"item\":\"https:\/\/www.hansemondial.de\/blog\/\"},{\"@type\":\"ListItem\",\"position\":2,\"name\":\"Verreisen? Am liebsten nachhaltig!\"}]},{\"@type\":\"WebSite\",\"@id\":\"https:\/\/www.hansemondial.de\/blog\/#website\",\"url\":\"https:\/\/www.hansemondial.de\/blog\/\",\"name\":\"Hanse Mondial Blog\",\"description\":\"Der Buslogistik Blog\",\"publisher\":{\"@id\":\"https:\/\/www.hansemondial.de\/blog\/#organization\"},\"potentialAction\":[{\"@type\":\"SearchAction\",\"target\":{\"@type\":\"EntryPoint\",\"urlTemplate\":\"https:\/\/www.hansemondial.de\/blog\/?s={search_term_string}\"},\"query-input\":{\"@type\":\"PropertyValueSpecification\",\"valueRequired\":true,\"valueName\":\"search_term_string\"}}],\"inLanguage\":\"de\"},{\"@type\":\"Organization\",\"@id\":\"https:\/\/www.hansemondial.de\/blog\/#organization\",\"name\":\"Hanse Mondial GmbH\",\"url\":\"https:\/\/www.hansemondial.de\/blog\/\",\"logo\":{\"@type\":\"ImageObject\",\"inLanguage\":\"de\",\"@id\":\"https:\/\/www.hansemondial.de\/blog\/#\/schema\/logo\/image\/\",\"url\":\"https:\/\/www.hansemondial.de\/blog\/wp-content\/uploads\/2023\/06\/MicrosoftTeams-image-5.png\",\"contentUrl\":\"https:\/\/www.hansemondial.de\/blog\/wp-content\/uploads\/2023\/06\/MicrosoftTeams-image-5.png\",\"width\":300,\"height\":150,\"caption\":\"Hanse Mondial GmbH\"},\"image\":{\"@id\":\"https:\/\/www.hansemondial.de\/blog\/#\/schema\/logo\/image\/\"},\"sameAs\":[\"https:\/\/www.facebook.com\/HanseMondial\/\",\"https:\/\/www.instagram.com\/hansemondial_buslogistik\/\",\"https:\/\/sv.linkedin.com\/company\/hanse-mondial-gmbh\",\"https:\/\/www.youtube.com\/channel\/UCsvt7IF3WGv6rWNXykzugHA\"]},{\"@type\":\"Person\",\"@id\":\"https:\/\/www.hansemondial.de\/blog\/#\/schema\/person\/d8bfbb02246adfe2a289d6bf40ead0e3\",\"name\":\"Tim Derix\",\"image\":{\"@type\":\"ImageObject\",\"inLanguage\":\"de\",\"@id\":\"https:\/\/www.hansemondial.de\/blog\/#\/schema\/person\/image\/\",\"url\":\"https:\/\/secure.gravatar.com\/avatar\/ffcef1b65ae567f54b83e4e40171ae5cc4d36dad47078c89fe88308a4425b688?s=96&d=mm&r=g\",\"contentUrl\":\"https:\/\/secure.gravatar.com\/avatar\/ffcef1b65ae567f54b83e4e40171ae5cc4d36dad47078c89fe88308a4425b688?s=96&d=mm&r=g\",\"caption\":\"Tim Derix\"},\"url\":\"https:\/\/www.hansemondial.de\/blog\/author\/tderix\/\"}]}<\/script>\n<!-- \/ Yoast SEO plugin. -->","yoast_head_json":{"title":"Verreisen? Am liebsten nachhaltig! - Hanse Mondial Blog","robots":{"index":"index","follow":"follow","max-snippet":"max-snippet:-1","max-image-preview":"max-image-preview:large","max-video-preview":"max-video-preview:-1"},"canonical":"https:\/\/www.hansemondial.de\/blog\/verreisen-am-liebsten-nachhaltig\/","og_locale":"de_DE","og_type":"article","og_title":"Verreisen? Am liebsten nachhaltig! - Hanse Mondial Blog","og_description":"Schon seit mehreren Jahren spielt das globale Umweltthema im Leben der Menschen eine immer gr\u00f6\u00dfere Rolle. So steigt allgemein das Umweltbewusstsein und ein klares Umdenken innerhalb der Gesellschaft ist sp\u00fcrbar. Auch die Reisethematik wird in [&hellip;]","og_url":"https:\/\/www.hansemondial.de\/blog\/verreisen-am-liebsten-nachhaltig\/","og_site_name":"Hanse Mondial Blog","article_publisher":"https:\/\/www.facebook.com\/HanseMondial\/","article_published_time":"2020-08-31T09:41:52+00:00","article_modified_time":"2020-09-09T11:20:40+00:00","og_image":[{"width":1920,"height":1279,"url":"https:\/\/www.hansemondial.de\/blog\/wp-content\/uploads\/2020\/08\/nature-3294632_1920.jpg","type":"image\/jpeg"}],"author":"Tim Derix","twitter_card":"summary_large_image","twitter_misc":{"Verfasst von":"Tim Derix","Gesch\u00e4tzte Lesezeit":"2\u00a0Minuten"},"schema":{"@context":"https:\/\/schema.org","@graph":[{"@type":"Article","@id":"https:\/\/www.hansemondial.de\/blog\/verreisen-am-liebsten-nachhaltig\/#article","isPartOf":{"@id":"https:\/\/www.hansemondial.de\/blog\/verreisen-am-liebsten-nachhaltig\/"},"author":{"name":"Tim Derix","@id":"https:\/\/www.hansemondial.de\/blog\/#\/schema\/person\/d8bfbb02246adfe2a289d6bf40ead0e3"},"headline":"Verreisen? Am liebsten nachhaltig!","datePublished":"2020-08-31T09:41:52+00:00","dateModified":"2020-09-09T11:20:40+00:00","mainEntityOfPage":{"@id":"https:\/\/www.hansemondial.de\/blog\/verreisen-am-liebsten-nachhaltig\/"},"wordCount":439,"commentCount":3,"publisher":{"@id":"https:\/\/www.hansemondial.de\/blog\/#organization"},"image":{"@id":"https:\/\/www.hansemondial.de\/blog\/verreisen-am-liebsten-nachhaltig\/#primaryimage"},"thumbnailUrl":"https:\/\/www.hansemondial.de\/blog\/wp-content\/uploads\/2020\/08\/nature-3294632_1920.jpg","keywords":["Nachhaltig","Nachhaltigkeit","Reisebus","Reisen","Verkehrsmittel"],"articleSection":["Nachhaltigkeit","Rund um den Bus"],"inLanguage":"de","potentialAction":[{"@type":"CommentAction","name":"Comment","target":["https:\/\/www.hansemondial.de\/blog\/verreisen-am-liebsten-nachhaltig\/#respond"]}]},{"@type":"WebPage","@id":"https:\/\/www.hansemondial.de\/blog\/verreisen-am-liebsten-nachhaltig\/","url":"https:\/\/www.hansemondial.de\/blog\/verreisen-am-liebsten-nachhaltig\/","name":"Verreisen? Am liebsten nachhaltig! - Hanse Mondial Blog","isPartOf":{"@id":"https:\/\/www.hansemondial.de\/blog\/#website"},"primaryImageOfPage":{"@id":"https:\/\/www.hansemondial.de\/blog\/verreisen-am-liebsten-nachhaltig\/#primaryimage"},"image":{"@id":"https:\/\/www.hansemondial.de\/blog\/verreisen-am-liebsten-nachhaltig\/#primaryimage"},"thumbnailUrl":"https:\/\/www.hansemondial.de\/blog\/wp-content\/uploads\/2020\/08\/nature-3294632_1920.jpg","datePublished":"2020-08-31T09:41:52+00:00","dateModified":"2020-09-09T11:20:40+00:00","breadcrumb":{"@id":"https:\/\/www.hansemondial.de\/blog\/verreisen-am-liebsten-nachhaltig\/#breadcrumb"},"inLanguage":"de","potentialAction":[{"@type":"ReadAction","target":["https:\/\/www.hansemondial.de\/blog\/verreisen-am-liebsten-nachhaltig\/"]}]},{"@type":"ImageObject","inLanguage":"de","@id":"https:\/\/www.hansemondial.de\/blog\/verreisen-am-liebsten-nachhaltig\/#primaryimage","url":"https:\/\/www.hansemondial.de\/blog\/wp-content\/uploads\/2020\/08\/nature-3294632_1920.jpg","contentUrl":"https:\/\/www.hansemondial.de\/blog\/wp-content\/uploads\/2020\/08\/nature-3294632_1920.jpg","width":1920,"height":1279,"caption":"Nachhaltigkeit"},{"@type":"BreadcrumbList","@id":"https:\/\/www.hansemondial.de\/blog\/verreisen-am-liebsten-nachhaltig\/#breadcrumb","itemListElement":[{"@type":"ListItem","position":1,"name":"Startseite","item":"https:\/\/www.hansemondial.de\/blog\/"},{"@type":"ListItem","position":2,"name":"Verreisen? Am liebsten nachhaltig!"}]},{"@type":"WebSite","@id":"https:\/\/www.hansemondial.de\/blog\/#website","url":"https:\/\/www.hansemondial.de\/blog\/","name":"Hanse Mondial Blog","description":"Der Buslogistik Blog","publisher":{"@id":"https:\/\/www.hansemondial.de\/blog\/#organization"},"potentialAction":[{"@type":"SearchAction","target":{"@type":"EntryPoint","urlTemplate":"https:\/\/www.hansemondial.de\/blog\/?s={search_term_string}"},"query-input":{"@type":"PropertyValueSpecification","valueRequired":true,"valueName":"search_term_string"}}],"inLanguage":"de"},{"@type":"Organization","@id":"https:\/\/www.hansemondial.de\/blog\/#organization","name":"Hanse Mondial GmbH","url":"https:\/\/www.hansemondial.de\/blog\/","logo":{"@type":"ImageObject","inLanguage":"de","@id":"https:\/\/www.hansemondial.de\/blog\/#\/schema\/logo\/image\/","url":"https:\/\/www.hansemondial.de\/blog\/wp-content\/uploads\/2023\/06\/MicrosoftTeams-image-5.png","contentUrl":"https:\/\/www.hansemondial.de\/blog\/wp-content\/uploads\/2023\/06\/MicrosoftTeams-image-5.png","width":300,"height":150,"caption":"Hanse Mondial GmbH"},"image":{"@id":"https:\/\/www.hansemondial.de\/blog\/#\/schema\/logo\/image\/"},"sameAs":["https:\/\/www.facebook.com\/HanseMondial\/","https:\/\/www.instagram.com\/hansemondial_buslogistik\/","https:\/\/sv.linkedin.com\/company\/hanse-mondial-gmbh","https:\/\/www.youtube.com\/channel\/UCsvt7IF3WGv6rWNXykzugHA"]},{"@type":"Person","@id":"https:\/\/www.hansemondial.de\/blog\/#\/schema\/person\/d8bfbb02246adfe2a289d6bf40ead0e3","name":"Tim Derix","image":{"@type":"ImageObject","inLanguage":"de","@id":"https:\/\/www.hansemondial.de\/blog\/#\/schema\/person\/image\/","url":"https:\/\/secure.gravatar.com\/avatar\/ffcef1b65ae567f54b83e4e40171ae5cc4d36dad47078c89fe88308a4425b688?s=96&d=mm&r=g","contentUrl":"https:\/\/secure.gravatar.com\/avatar\/ffcef1b65ae567f54b83e4e40171ae5cc4d36dad47078c89fe88308a4425b688?s=96&d=mm&r=g","caption":"Tim Derix"},"url":"https:\/\/www.hansemondial.de\/blog\/author\/tderix\/"}]}},"_links":{"self":[{"href":"https:\/\/www.hansemondial.de\/blog\/wp-json\/wp\/v2\/posts\/1002","targetHints":{"allow":["GET"]}}],"collection":[{"href":"https:\/\/www.hansemondial.de\/blog\/wp-json\/wp\/v2\/posts"}],"about":[{"href":"https:\/\/www.hansemondial.de\/blog\/wp-json\/wp\/v2\/types\/post"}],"author":[{"embeddable":true,"href":"https:\/\/www.hansemondial.de\/blog\/wp-json\/wp\/v2\/users\/2"}],"replies":[{"embeddable":true,"href":"https:\/\/www.hansemondial.de\/blog\/wp-json\/wp\/v2\/comments?post=1002"}],"version-history":[{"count":8,"href":"https:\/\/www.hansemondial.de\/blog\/wp-json\/wp\/v2\/posts\/1002\/revisions"}],"predecessor-version":[{"id":1036,"href":"https:\/\/www.hansemondial.de\/blog\/wp-json\/wp\/v2\/posts\/1002\/revisions\/1036"}],"wp:featuredmedia":[{"embeddable":true,"href":"https:\/\/www.hansemondial.de\/blog\/wp-json\/wp\/v2\/media\/1008"}],"wp:attachment":[{"href":"https:\/\/www.hansemondial.de\/blog\/wp-json\/wp\/v2\/media?parent=1002"}],"wp:term":[{"taxonomy":"category","embeddable":true,"href":"https:\/\/www.hansemondial.de\/blog\/wp-json\/wp\/v2\/categories?post=1002"},{"taxonomy":"post_tag","embeddable":true,"href":"https:\/\/www.hansemondial.de\/blog\/wp-json\/wp\/v2\/tags?post=1002"}],"curies":[{"name":"wp","href":"https:\/\/api.w.org\/{rel}","templated":true}]}}